{"id":14983,"date":"2024-04-12T02:39:05","date_gmt":"2024-04-12T02:39:05","guid":{"rendered":"https:\/\/defrentealaverdad.com\/?p=14983"},"modified":"2024-04-12T02:39:05","modified_gmt":"2024-04-12T02:39:05","slug":"movimiento-medico-accion-tejadista-realiza-encuentro-con-sus-lideres-del-sur-del-pais","status":"publish","type":"post","link":"https:\/\/defrentealaverdad.com\/index.php\/2024\/04\/12\/movimiento-medico-accion-tejadista-realiza-encuentro-con-sus-lideres-del-sur-del-pais\/","title":{"rendered":"Movimiento M\u00e9dico Acci\u00f3n Tejadista realiza encuentro con sus l\u00edderes del Sur del Pa\u00eds"},"content":{"rendered":"<p style=\"text-align: justify;\">AZUA.- El Movimiento M\u00e9dico Acci\u00f3n Tejadista destac\u00f3 este mi\u00e9rcoles que reafirm\u00f3 su liderazgo a nivel nacional, realizando encuentros con sus l\u00edderes locales iniciando su recorrido por el Sur del pa\u00eds.<\/p>\n<p><img decoding=\"async\" class=\"alignleft lazyload\" data-src=\"https:\/\/i0.wp.com\/nuevodiario-assets.s3.us-east-2.amazonaws.com\/wp-content\/uploads\/2024\/04\/10054047\/Movimiento-Medico-Accion-Tejadista.jpeg?fit=760%2C436&amp;quality=100&amp;ssl=1\" alt=\"Movimiento M\u00e9dico Acci\u00f3n Tejadista realiza encuentros con sus l\u00edderes del Sur del Pa\u00eds\" src=\"data:image\/svg+xml;base64,PHN2ZyB3aWR0aD0iMSIgaGVpZ2h0PSIxIiB4bWxucz0iaHR0cDovL3d3dy53My5vcmcvMjAwMC9zdmciPjwvc3ZnPg==\" \/><\/p>\n<div class=\"banner-contenido text-center d-none d-md-block mb-4\" style=\"text-align: justify;\">\n<div id=\"div-gpt-ad-1705691576428-0\" class=\"border d-inline-block\" data-google-query-id=\"CPPl-8TSu4UDFRbd4wcdINkOzg\">\n<div id=\"google_ads_iframe_\/173239197\/Banner_Noticia_Contenido_Nuevo_300x250_0__container__\">La actividad, que tuvo lugar en la sede del Colegio M\u00e9dico Dominicano filial El\u00edas Pi\u00f1a, cont\u00f3 con la participaci\u00f3n de altos representantes de dicha provincia adem\u00e1s de: Azua, San Juan y el municipio de Las Matas de Farf\u00e1n.<\/div>\n<\/div>\n<\/div>\n<div class=\"banner-contenido text-center mb-4\" style=\"text-align: justify;\">\n<div class=\"trv-player-container\">\n<div class=\"trv-wrapper\">\n<div id=\"br_video_player_ae873ade70d55d40e6c4c221c0338e56dc433168\" class=\"trvd_video_player\">\n<div class=\"media-player\">\n<div class=\"trv-video\"><\/div>\n<div class=\"trv-overlay\">De acuerdo a un comunicado, la doctora Yubelky Aquino, presidenta del Movimiento M\u00e9dico Gremial Acci\u00f3n Tejadista, encabez\u00f3 la delegaci\u00f3n acompa\u00f1ada del doctor Roberto Geronimo, secretario general, y una comisi\u00f3n de la Junta Directiva del movimiento.<\/div>\n<div><\/div>\n<div class=\"trv-overlay\">Aquino destac\u00f3 la importancia de mantener un contacto directo con los l\u00edderes gremiales de cada provincia para estar al tanto de las dificultades que enfrentan los m\u00e9dicos en la regi\u00f3n y en todo el pa\u00eds. La especialista felicit\u00f3 a todos los m\u00e9dicos presentes en el encuentro. Asimismo, reafirm\u00f3 su compromiso de estar en la primera l\u00ednea defendiendo los intereses de los m\u00e9dicos dominicanos.<\/div>\n<\/div>\n<\/div>\n<\/div>\n<\/div>\n<\/div>\n<p style=\"text-align: justify;\">Tambi\u00e9n extendi\u00f3 su agradecimiento a las doctoras Mar\u00eda Cristina Nina, Dahiana Volquez por la organizaci\u00f3n del evento, y a todo el equipo m\u00e9dico de El\u00edas Pi\u00f1a por su apoyo.<\/p>\n<p style=\"text-align: justify;\">El evento cont\u00f3 con la presencia de dirigentes de reconocida trayectoria gremial, como los doctores . Franklin Delgado, Milciades Jim\u00e9nez y Jose Mendez de Azua, Laureano Encarnaci\u00f3n, Nancy Montero de Las Matas de Farf\u00e1n, \u00c1ngel Mateo Gil de San Juan de la Maguana.<\/p>\n<p style=\"text-align: justify;\">El Movimiento M\u00e9dico Gremial Acci\u00f3n Tejadista reafirma su compromiso de seguir trabajando en defensa de los m\u00e9dicos dominicanos y de buscar soluciones a las problem\u00e1ticas que afectan al sector de la salud en la regi\u00f3n y en todo el pa\u00eds.<\/p>\n<p>Fuente: Nuevo Diario<\/p>\n","protected":false},"excerpt":{"rendered":"<p>AZUA.- El Movimiento M\u00e9dico Acci\u00f3n Tejadista destac\u00f3 este mi\u00e9rcoles que reafirm\u00f3 su liderazgo a nivel<\/p>\n","protected":false},"author":4,"featured_media":0,"comment_status":"open","ping_status":"open","sticky":false,"template":"","format":"standard","meta":{"footnotes":""},"categories":[221],"tags":[],"class_list":["post-14983","post","type-post","status-publish","format-standard","hentry","category-salud"],"_links":{"self":[{"href":"https:\/\/defrentealaverdad.com\/index.php\/wp-json\/wp\/v2\/posts\/14983","targetHints":{"allow":["GET"]}}],"collection":[{"href":"https:\/\/defrentealaverdad.com\/index.php\/wp-json\/wp\/v2\/posts"}],"about":[{"href":"https:\/\/defrentealaverdad.com\/index.php\/wp-json\/wp\/v2\/types\/post"}],"author":[{"embeddable":true,"href":"https:\/\/defrentealaverdad.com\/index.php\/wp-json\/wp\/v2\/users\/4"}],"replies":[{"embeddable":true,"href":"https:\/\/defrentealaverdad.com\/index.php\/wp-json\/wp\/v2\/comments?post=14983"}],"version-history":[{"count":1,"href":"https:\/\/defrentealaverdad.com\/index.php\/wp-json\/wp\/v2\/posts\/14983\/revisions"}],"predecessor-version":[{"id":14984,"href":"https:\/\/defrentealaverdad.com\/index.php\/wp-json\/wp\/v2\/posts\/14983\/revisions\/14984"}],"wp:attachment":[{"href":"https:\/\/defrentealaverdad.com\/index.php\/wp-json\/wp\/v2\/media?parent=14983"}],"wp:term":[{"taxonomy":"category","embeddable":true,"href":"https:\/\/defrentealaverdad.com\/index.php\/wp-json\/wp\/v2\/categories?post=14983"},{"taxonomy":"post_tag","embeddable":true,"href":"https:\/\/defrentealaverdad.com\/index.php\/wp-json\/wp\/v2\/tags?post=14983"}],"curies":[{"name":"wp","href":"https:\/\/api.w.org\/{rel}","templated":true}]}}