{"id":14978,"date":"2024-04-12T02:35:05","date_gmt":"2024-04-12T02:35:05","guid":{"rendered":"https:\/\/defrentealaverdad.com\/?p=14978"},"modified":"2024-04-12T02:35:05","modified_gmt":"2024-04-12T02:35:05","slug":"the-creative-spot-celebrando-la-creatividad-y-la-innovacion-en-el-instituto-tecnologico-de-las-americas-itla","status":"publish","type":"post","link":"https:\/\/defrentealaverdad.com\/index.php\/2024\/04\/12\/the-creative-spot-celebrando-la-creatividad-y-la-innovacion-en-el-instituto-tecnologico-de-las-americas-itla\/","title":{"rendered":"THE CREATIVE SPOT: Celebrando la Creatividad y la Innovaci\u00f3n en el Instituto Tecnol\u00f3gico de Las Am\u00e9ricas (ITLA)"},"content":{"rendered":"<div class=\"laterales position-relative container d-none d-md-block\">\n<div class=\"lateral r position-absolute ps-3\">\n<div id=\"div-gpt-ad-1579108624830-0\" class=\"border\" data-google-query-id=\"CPfFs9TRu4UDFZP74wcdUMoLGg\"><\/div>\n<\/div>\n<\/div>\n<p><main id=\"primary\" class=\"site-main\"><\/p>\n<div class=\"container\">\n<article id=\"post-2205459\" class=\"noticia-detalle post-2205459 post type-post status-publish format-standard has-post-thumbnail hentry category-nacionales\">\n<div class=\"row gx-4 mt-md-4 mt-3\">\n<div class=\"col-lg-12 mb-md-4 mb-0\">\n<header class=\"entry-header\">\n<div class=\"entry-meta  border-top pt-2 mb-0 mt-3\">\n<div class=\"row\">\n<div class=\"col-lg-4 col-12 col-md-4 text-lg-end\"><a class=\"position-relative d-block lightbox_trigger\" href=\"https:\/\/i0.wp.com\/nuevodiario-assets.s3.us-east-2.amazonaws.com\/wp-content\/uploads\/2024\/04\/10141444\/WhatsApp-Image-2024-04-10-at-10.19.31-AM.jpeg?fit=1392%2C782&amp;quality=100&amp;ssl=1\"><img decoding=\"async\" class=\"img-fluid border lazyload loaded alignleft\" src=\"https:\/\/i0.wp.com\/nuevodiario-assets.s3.us-east-2.amazonaws.com\/wp-content\/uploads\/2024\/04\/10141444\/WhatsApp-Image-2024-04-10-at-10.19.31-AM.jpeg?fit=760%2C427&amp;quality=100&amp;ssl=1\" alt=\"Celebran The creative spot en el Instituto Tecnol\u00f3gico de Las Am\u00e9ricas\" width=\"760\" data-src=\"https:\/\/i0.wp.com\/nuevodiario-assets.s3.us-east-2.amazonaws.com\/wp-content\/uploads\/2024\/04\/10141444\/WhatsApp-Image-2024-04-10-at-10.19.31-AM.jpeg?fit=760%2C427&amp;quality=100&amp;ssl=1\" data-was-processed=\"true\" \/><\/a><\/div>\n<\/div>\n<\/div>\n<\/header>\n<\/div>\n<div class=\"col-lg-8 position-relative\">\n<div class=\"entry-content mt-md-4 mt-3\">\n<p style=\"text-align: justify;\">SANTO DOMINGO. \u2013 El Instituto Tecnol\u00f3gico de Las Am\u00e9ricas (ITLA) se convirti\u00f3 el pasado martes en el epicentro de la creatividad y la innovaci\u00f3n, con la celebraci\u00f3n de The creative spot.<\/p>\n<div class=\"banner-contenido text-center d-none d-md-block mb-4\" style=\"text-align: justify;\">\n<div id=\"div-gpt-ad-1705691576428-0\" class=\"border d-inline-block\" data-google-query-id=\"CMKh19TRu4UDFdznlAkdQlUNbA\">\n<div id=\"google_ads_iframe_\/173239197\/Banner_Noticia_Contenido_Nuevo_300x250_0__container__\">Seg\u00fan informaron, este evento \u00fanico reuni\u00f3 a mentes creativas de diversas disciplinas en un ambiente de aprendizaje, colaboraci\u00f3n y celebraci\u00f3n de la creatividad.<\/div>\n<\/div>\n<\/div>\n<div class=\"banner-contenido text-center mb-4\" style=\"text-align: justify;\">\n<div class=\"trv-player-container\">\n<div class=\"trv-wrapper\">\n<div id=\"br_video_player_d689cb7bbc9eb39b69cec221c0338e56dc433168\" class=\"trvd_video_player\">\n<div class=\"media-player\">\n<div class=\"trv-video\">\n<div id=\"truvid_ima_container93073\" class=\"truvid_ima_container\"><\/div>\n<\/div>\n<\/div>\n<div>\nUna nota de prensa indica que The creative spot es mucho m\u00e1s que un evento; es un punto de encuentro para mentes deseosas de ingresar y de crecer en profesiones creativas, un lugar donde las ideas se transforman en realidad y las conexiones se convierten en colaboraciones fruct\u00edferas. Desde paneles con destacados profesionales hasta desaf\u00edos creativos que destacaron el talento emergente, los asistentes tuvieron la oportunidad de sumergirse en un mundo de inspiraci\u00f3n y aprendizaje.<\/div>\n<\/div>\n<\/div>\n<\/div>\n<\/div>\n<p style=\"text-align: justify;\">\u00abA trav\u00e9s de masterclasses, workshops, exposiciones art\u00edsticas y actividades de networking, buscamos impulsar el crecimiento personal y profesional de j\u00f3venes y adultos especializados en distintas \u00e1reas de la multimedia\u00bb, explic\u00f3 Bianna Pe\u00f1a Rubio, productora general de The creative spot.<\/p>\n<div class=\"banner-contenido text-center d-none d-md-block\" style=\"text-align: justify;\">\n<div id=\"div-gpt-ad-1565023948978-0\" class=\"d-inline-block border mt-1 mb-4\" data-google-query-id=\"CKWvsNTRu4UDFb_qlAkdfAUPpw\">\n<div id=\"google_ads_iframe_\/173239197\/Banner_Noticia_5_Nuevo_728x90_0__container__\"><img decoding=\"async\" class=\"not-transparent wp-image-2205466 size-full alignleft lazyload\" data-src=\"https:\/\/i0.wp.com\/nuevodiario-assets.s3.us-east-2.amazonaws.com\/wp-content\/uploads\/2024\/04\/10141544\/WhatsApp-Image-2024-04-10-at-10.19.32-AM.jpeg?resize=640%2C360&amp;quality=100&amp;ssl=1\" data-sizes=\"(max-width: 640px) 100vw, 640px\" data-srcset=\"https:\/\/i0.wp.com\/nuevodiario-assets.s3.us-east-2.amazonaws.com\/wp-content\/uploads\/2024\/04\/10141544\/WhatsApp-Image-2024-04-10-at-10.19.32-AM.jpeg?resize=640%2C360&amp;quality=100&amp;ssl=1 1392w, https:\/\/i0.wp.com\/nuevodiario-assets.s3.us-east-2.amazonaws.com\/wp-content\/uploads\/2024\/04\/10141544\/WhatsApp-Image-2024-04-10-at-10.19.32-AM.jpeg?resize=640%2C360&amp;quality=100&amp;ssl=1 400w, https:\/\/i0.wp.com\/nuevodiario-assets.s3.us-east-2.amazonaws.com\/wp-content\/uploads\/2024\/04\/10141544\/WhatsApp-Image-2024-04-10-at-10.19.32-AM.jpeg?resize=640%2C360&amp;quality=100&amp;ssl=1 1024w, https:\/\/i0.wp.com\/nuevodiario-assets.s3.us-east-2.amazonaws.com\/wp-content\/uploads\/2024\/04\/10141544\/WhatsApp-Image-2024-04-10-at-10.19.32-AM.jpeg?resize=640%2C360&amp;quality=100&amp;ssl=1 768w, https:\/\/i0.wp.com\/nuevodiario-assets.s3.us-east-2.amazonaws.com\/wp-content\/uploads\/2024\/04\/10141544\/WhatsApp-Image-2024-04-10-at-10.19.32-AM.jpeg?resize=640%2C360&amp;quality=100&amp;ssl=1 355w, https:\/\/i0.wp.com\/nuevodiario-assets.s3.us-east-2.amazonaws.com\/wp-content\/uploads\/2024\/04\/10141544\/WhatsApp-Image-2024-04-10-at-10.19.32-AM.jpeg?resize=640%2C360&amp;quality=100&amp;ssl=1 1280w\" alt=\"\" width=\"729\" height=\"410\" data-dominant-color=\"8e8c96\" data-has-transparency=\"false\" src=\"data:image\/svg+xml;base64,PHN2ZyB3aWR0aD0iMSIgaGVpZ2h0PSIxIiB4bWxucz0iaHR0cDovL3d3dy53My5vcmcvMjAwMC9zdmciPjwvc3ZnPg==\" style=\"--smush-placeholder-width: 729px; --smush-placeholder-aspect-ratio: 729\/410;\" \/><\/div>\n<\/div>\n<\/div>\n<p style=\"text-align: justify;\">\u00abEn esta edici\u00f3n, contamos con una masterclass sobre motion graphics, edici\u00f3n de v\u00eddeo e informaci\u00f3n valiosa sobre freelancing y emprendimiento creativo, proporcionando a los asistentes herramientas y perspectivas para avanzar en sus carreras\u00bb, dijo.<\/p>\n<p style=\"text-align: justify;\">The creative spot cont\u00f3 con la participaci\u00f3n especial de destacados profesionales como Amelia Rodr\u00edguez y Bianna Pe\u00f1a Rubio, quienes lideraron el panel \u00abDe Freelance a Empresario\u00bb; Jos\u00e9 R. Za\u00edz con la Masterclass \u00abHacia la luz: Fotograf\u00eda y Composici\u00f3n\u00bb; y Brayan Alberto Acosta con la Masterclass \u00abArte en Movimiento: Motion Graphics y Edici\u00f3n de Video\u00bb.<\/p>\n<p style=\"text-align: justify;\">El evento fue posible gracias al apoyo y patrocinio de marcas comprometidas con la creatividad y la innovaci\u00f3n, incluyendo Creative PCC Group, Ilustrada, Desbloqueate Podcast, Wind Telecom, Blue and Violet, 4MC Gourmet, Grupo Paredes Jiminian, La Casita de Lola, Regency, Silvia Craft Store, Royal Prestige, Delyoka Royal, Amor Org\u00e1nico, Blessign, Desbloqueate Podcast, La Clay, Danes Cookie, Ludy Creaciones y Farmacia Cristiana, entre otros.<\/p>\n<p>Fuente: El Nuevo Diario<\/p>\n<\/div>\n<\/div>\n<\/div>\n<\/article>\n<\/div>\n<p><\/main><\/p>\n","protected":false},"excerpt":{"rendered":"<p>SANTO DOMINGO. \u2013 El Instituto Tecnol\u00f3gico de Las Am\u00e9ricas (ITLA) se convirti\u00f3 el pasado martes<\/p>\n","protected":false},"author":2,"featured_media":0,"comment_status":"open","ping_status":"open","sticky":false,"template":"","format":"standard","meta":{"footnotes":""},"categories":[7],"tags":[],"class_list":["post-14978","post","type-post","status-publish","format-standard","hentry","category-nacionales"],"_links":{"self":[{"href":"https:\/\/defrentealaverdad.com\/index.php\/wp-json\/wp\/v2\/posts\/14978","targetHints":{"allow":["GET"]}}],"collection":[{"href":"https:\/\/defrentealaverdad.com\/index.php\/wp-json\/wp\/v2\/posts"}],"about":[{"href":"https:\/\/defrentealaverdad.com\/index.php\/wp-json\/wp\/v2\/types\/post"}],"author":[{"embeddable":true,"href":"https:\/\/defrentealaverdad.com\/index.php\/wp-json\/wp\/v2\/users\/2"}],"replies":[{"embeddable":true,"href":"https:\/\/defrentealaverdad.com\/index.php\/wp-json\/wp\/v2\/comments?post=14978"}],"version-history":[{"count":1,"href":"https:\/\/defrentealaverdad.com\/index.php\/wp-json\/wp\/v2\/posts\/14978\/revisions"}],"predecessor-version":[{"id":14979,"href":"https:\/\/defrentealaverdad.com\/index.php\/wp-json\/wp\/v2\/posts\/14978\/revisions\/14979"}],"wp:attachment":[{"href":"https:\/\/defrentealaverdad.com\/index.php\/wp-json\/wp\/v2\/media?parent=14978"}],"wp:term":[{"taxonomy":"category","embeddable":true,"href":"https:\/\/defrentealaverdad.com\/index.php\/wp-json\/wp\/v2\/categories?post=14978"},{"taxonomy":"post_tag","embeddable":true,"href":"https:\/\/defrentealaverdad.com\/index.php\/wp-json\/wp\/v2\/tags?post=14978"}],"curies":[{"name":"wp","href":"https:\/\/api.w.org\/{rel}","templated":true}]}}