{"id":14966,"date":"2024-04-11T02:24:58","date_gmt":"2024-04-11T02:24:58","guid":{"rendered":"https:\/\/defrentealaverdad.com\/?p=14966"},"modified":"2024-04-12T02:25:59","modified_gmt":"2024-04-12T02:25:59","slug":"periodista-dominicano-omar-guzman-conquista-dos-nominaciones-a-premios-emmy-de-boston-con-virus-deportivo","status":"publish","type":"post","link":"https:\/\/defrentealaverdad.com\/index.php\/2024\/04\/11\/periodista-dominicano-omar-guzman-conquista-dos-nominaciones-a-premios-emmy-de-boston-con-virus-deportivo\/","title":{"rendered":"Periodista dominicano Omar Guzm\u00e1n conquista dos nominaciones a Premios Emmy de Boston con Virus Deportivo"},"content":{"rendered":"<div class=\"post-thumbnail w-100 m-0\" data-fancybox=\"\" data-src=\"https:\/\/idmphsmkuxkn.compat.objectstorage.us-ashburn-1.oraclecloud.com\/elcaribe-bucket\/uploads\/2024\/04\/66169b0715dcd_d0b46f62-4f18-481f-995e-bd25f9058487.jpg.webp\" data-caption=\"\"><img decoding=\"async\" class=\"attachment-large size-large wp-post-image lazyloaded\" data-src=\"https:\/\/idmphsmkuxkn.compat.objectstorage.us-ashburn-1.oraclecloud.com\/elcaribe-bucket\/uploads\/2024\/04\/66169b0715dcd_d0b46f62-4f18-481f-995e-bd25f9058487-1024x576.jpg.webp\" data-sizes=\"(max-width: 1024px) 100vw, 1024px\" data-srcset=\"https:\/\/idmphsmkuxkn.compat.objectstorage.us-ashburn-1.oraclecloud.com\/elcaribe-bucket\/uploads\/2024\/04\/66169b0715dcd_d0b46f62-4f18-481f-995e-bd25f9058487-300x169.jpg.webp 300w, https:\/\/idmphsmkuxkn.compat.objectstorage.us-ashburn-1.oraclecloud.com\/elcaribe-bucket\/uploads\/2024\/04\/66169b0715dcd_d0b46f62-4f18-481f-995e-bd25f9058487-1024x576.jpg.webp 1024w, https:\/\/idmphsmkuxkn.compat.objectstorage.us-ashburn-1.oraclecloud.com\/elcaribe-bucket\/uploads\/2024\/04\/66169b0715dcd_d0b46f62-4f18-481f-995e-bd25f9058487-768x432.jpg.webp 768w, https:\/\/idmphsmkuxkn.compat.objectstorage.us-ashburn-1.oraclecloud.com\/elcaribe-bucket\/uploads\/2024\/04\/66169b0715dcd_d0b46f62-4f18-481f-995e-bd25f9058487-1536x864.jpg.webp 1536w, https:\/\/idmphsmkuxkn.compat.objectstorage.us-ashburn-1.oraclecloud.com\/elcaribe-bucket\/uploads\/2024\/04\/66169b0715dcd_d0b46f62-4f18-481f-995e-bd25f9058487-150x84.jpg.webp 150w, https:\/\/idmphsmkuxkn.compat.objectstorage.us-ashburn-1.oraclecloud.com\/elcaribe-bucket\/uploads\/2024\/04\/66169b0715dcd_d0b46f62-4f18-481f-995e-bd25f9058487.jpg.webp 1600w\" alt=\"\" data-ll-status=\"loaded\" src=\"data:image\/svg+xml;base64,PHN2ZyB3aWR0aD0iMSIgaGVpZ2h0PSIxIiB4bWxucz0iaHR0cDovL3d3dy53My5vcmcvMjAwMC9zdmciPjwvc3ZnPg==\" style=\"--smush-placeholder-width: 1024px; --smush-placeholder-aspect-ratio: 1024\/576;\" \/><\/div>\n<div class=\"entry-content\">\n<div class=\"share sticky-top-rs\" style=\"text-align: justify;\">\n<div id=\"st-1\" class=\"sharethis-inline-share-buttons st-center st-lang-es st-has-labels  st-inline-share-buttons st-animated\">\n<div class=\"st-btn st-last\" data-network=\"telegram\">El programa Virus Deportivo, conducido y producido por el destacado periodista dominicano Omar Guzm\u00e1n desde la ciudad de Boston, ha recibido dos nominaciones en la 47\u00aa Gala de los Premios Emmy de Boston\/Nueva Inglaterra.<\/div>\n<\/div>\n<\/div>\n<div class=\"content\">\n<p style=\"text-align: justify;\">Esta es la cuarta postulaci\u00f3n que recibe el programa a lo largo de su trayectoria y su tercer a\u00f1o consecutivo siendo nominado para este prestigioso galard\u00f3n. Este a\u00f1o Virus Deportivo ha recibido dos menciones en dos categor\u00edas diferentes: en el \u00e1rea cooperativa y en el \u00e1rea de producci\u00f3n deportiva de entrevistas exclusivas por el encuentro con la estrella del Sal\u00f3n de la Fama de Cooperstown, David Ortiz.<\/p>\n<div id=\"\" class=\"mmc_ads \" style=\"text-align: justify;\">\n<div id=\"div-gpt-ad-elCaribe_300x250_inread\" class=\"\" data-google-query-id=\"COr479HPu4UDFWHvKAUdFRsJ2w\">\n<div id=\"google_ads_iframe_\/22084339\/elCaribe_300x250_inread_0__container__\">Esta es la primera vez en la historia del programa que recibe dos nominaciones en un mismo a\u00f1o, lo cual resalta la calidad y el impacto de su trabajo en el \u00e1mbito deportivo y cultural.<\/div>\n<\/div>\n<\/div>\n<p style=\"text-align: justify;\">Omar Guzm\u00e1n expres\u00f3 su alegr\u00eda y agradecimiento por estas nominaciones, destacando el apoyo de Dios, de los patrocinadores, los seguidores del programa y la familia.<\/p>\n<blockquote>\n<p style=\"text-align: justify;\">\u201cLa felicidad que estamos sintiendo es indescriptible. Uno pensando en c\u00f3mo fue nuestro inicio y c\u00f3mo el proyecto se ha mantenido hasta este momento, solamente uno puede dar gracias a todos los que han cre\u00eddo en nosotros y nos han apoyado en este camino\u00bb, coment\u00f3 Guzm\u00e1n.<\/p>\n<\/blockquote>\n<div id=\"\" class=\"mmc_ads \">\n<div id=\"div-gpt-ad-elCaribe_300x250_inread\" class=\"\" style=\"text-align: justify;\">La 47\u00aa Gala de los Premios Emmy de Boston\/Nueva Inglaterra se llevar\u00e1 a cabo en el Marriott Boston Copley Place el s\u00e1bado 8 de junio de 2024. Virus Deportivo es el primer programa independiente de deportes dirigido a la comunidad dominicana que recibe una nominaci\u00f3n al Premio Emmy, destacando su relevancia y \u00e9xito en el mundo de la televisi\u00f3n.<\/div>\n<\/div>\n<\/div>\n<\/div>\n<div><\/div>\n<div><\/div>\n<div>Fuente: El Caribe<\/div>\n","protected":false},"excerpt":{"rendered":"<p>El programa Virus Deportivo, conducido y producido por el destacado periodista dominicano Omar Guzm\u00e1n desde<\/p>\n","protected":false},"author":2,"featured_media":0,"comment_status":"open","ping_status":"open","sticky":false,"template":"","format":"standard","meta":{"footnotes":""},"categories":[7],"tags":[],"class_list":["post-14966","post","type-post","status-publish","format-standard","hentry","category-nacionales"],"_links":{"self":[{"href":"https:\/\/defrentealaverdad.com\/index.php\/wp-json\/wp\/v2\/posts\/14966","targetHints":{"allow":["GET"]}}],"collection":[{"href":"https:\/\/defrentealaverdad.com\/index.php\/wp-json\/wp\/v2\/posts"}],"about":[{"href":"https:\/\/defrentealaverdad.com\/index.php\/wp-json\/wp\/v2\/types\/post"}],"author":[{"embeddable":true,"href":"https:\/\/defrentealaverdad.com\/index.php\/wp-json\/wp\/v2\/users\/2"}],"replies":[{"embeddable":true,"href":"https:\/\/defrentealaverdad.com\/index.php\/wp-json\/wp\/v2\/comments?post=14966"}],"version-history":[{"count":1,"href":"https:\/\/defrentealaverdad.com\/index.php\/wp-json\/wp\/v2\/posts\/14966\/revisions"}],"predecessor-version":[{"id":14967,"href":"https:\/\/defrentealaverdad.com\/index.php\/wp-json\/wp\/v2\/posts\/14966\/revisions\/14967"}],"wp:attachment":[{"href":"https:\/\/defrentealaverdad.com\/index.php\/wp-json\/wp\/v2\/media?parent=14966"}],"wp:term":[{"taxonomy":"category","embeddable":true,"href":"https:\/\/defrentealaverdad.com\/index.php\/wp-json\/wp\/v2\/categories?post=14966"},{"taxonomy":"post_tag","embeddable":true,"href":"https:\/\/defrentealaverdad.com\/index.php\/wp-json\/wp\/v2\/tags?post=14966"}],"curies":[{"name":"wp","href":"https:\/\/api.w.org\/{rel}","templated":true}]}}