{"id":14964,"date":"2024-04-12T02:24:13","date_gmt":"2024-04-12T02:24:13","guid":{"rendered":"https:\/\/defrentealaverdad.com\/?p=14964"},"modified":"2024-04-12T02:24:13","modified_gmt":"2024-04-12T02:24:13","slug":"virginia-antares-rodriguez-se-compromete-a-llevar-a-cabo-una-mayor-distribucion-de-las-riquezas-sociales-en-la-poblacion","status":"publish","type":"post","link":"https:\/\/defrentealaverdad.com\/index.php\/2024\/04\/12\/virginia-antares-rodriguez-se-compromete-a-llevar-a-cabo-una-mayor-distribucion-de-las-riquezas-sociales-en-la-poblacion\/","title":{"rendered":"Virginia Antares Rodr\u00edguez se compromete a llevar a cabo una mayor distribuci\u00f3n de las riquezas sociales en la poblaci\u00f3n"},"content":{"rendered":"<div class=\"entry-meta entry-meta-main\" style=\"text-align: justify;\"><\/div>\n<figure class=\"post-thumbnail\" style=\"text-align: justify;\"><img decoding=\"async\" class=\"post-thumbnail__img wp-post-image alignleft lazyload\" data-src=\"https:\/\/i0.wp.com\/eldemocrata.do\/wp-content\/uploads\/2024\/04\/EN-VIVO.00_38_59_02.Imagen-fija349.png?resize=780%2C450&amp;ssl=1\" alt=\"Virginia Antares Rodr\u00edguez se compromete a llevar a cabo una mayor distribuci\u00f3n de las riquezas sociales en la poblaci\u00f3n\" width=\"780\" height=\"450\" src=\"data:image\/svg+xml;base64,PHN2ZyB3aWR0aD0iMSIgaGVpZ2h0PSIxIiB4bWxucz0iaHR0cDovL3d3dy53My5vcmcvMjAwMC9zdmciPjwvc3ZnPg==\" style=\"--smush-placeholder-width: 780px; --smush-placeholder-aspect-ratio: 780\/450;\" \/><\/figure>\n<div class=\"entry-content\">\n<p style=\"text-align: justify;\"><strong>SANTO DOMINGO. \u2013<\/strong>\u00a0La candidata presidencial por el Partido Opci\u00f3n Democr\u00e1tica (OD), Virginia Antares Rodr\u00edguez, se comprometi\u00f3 que de ser elegida en el cargo cambiar\u00e1 el modelo de crecimiento econ\u00f3mico dominicano, que no se refleja en sectores como salud, educaci\u00f3n y mortalidad infantil.<\/p>\n<p style=\"text-align: justify;\">Manifest\u00f3 que ese aumento cuando se proyecta en un grupo y no se ve en la mayor\u00eda de la poblaci\u00f3n, lo que hace es incrementar los \u00edndices de violencia y la criminalidad que es la preocupaci\u00f3n primordial del pa\u00eds.<\/p>\n<p style=\"text-align: justify;\">\u201cPara solucionar esta problem\u00e1tica es necesario un aumento salarial en el sentido de que se ajusten a la inflaci\u00f3n para garantizar que el poder adquisitivo, y adem\u00e1s transformar el sistema de impuestos que recauda m\u00e1s en los que menos tienen y no en la parte de la poblaci\u00f3n que se beneficia del crecimiento econ\u00f3mico\u201d, dijo.<\/p>\n<p style=\"text-align: justify;\">Durante una entrevista en el programa \u201cEl Dem\u00f3crata TV\u00bb, conducido por el periodista Francisco Tav\u00e1rez, indic\u00f3 que en la medida en que el Estado recaude impuestos podr\u00e1 ofrecer servicios p\u00fablicos de calidad y garantizar derechos.<\/p>\n<p style=\"text-align: justify;\">Al ser consultada sobre un cambio en la Polic\u00eda Nacional consider\u00f3 que es necesario una reforma en la instituci\u00f3n a trav\u00e9s de un proceso de depuraci\u00f3n y limpieza mediante seguir los lineamientos internacionales.<\/p>\n<p style=\"text-align: justify;\">La aspirante presidencial sostuvo que llevar\u00e1 a cabo una reforma judicial para fortalecer el funcionamiento en los tribunales ya que estos est\u00e1n sobrecargados y se toma mucho tiempo en los procesos legales.<\/p>\n<p style=\"text-align: justify;\">\u201cLas personas que son v\u00edctimas de un delito tienen doble problem\u00e1tica ya que adem\u00e1s son afectadas por un sistema que las arrastran por a\u00f1os una situaci\u00f3n, por lo que se debe disminuir la cantidad tiempo mediante el aumento de los tribunales\u201d, afirm\u00f3.<\/p>\n<p style=\"text-align: justify;\">Rodr\u00edguez asegur\u00f3 adem\u00e1s que modificar\u00e1 la Ley de Salud y Pensiones mediante un sistema de reparto p\u00fablico, debido a que seg\u00fan dijo, el actual est\u00e1 dise\u00f1ado para enriquecer a las ARS y las AFP.<\/p>\n<p style=\"text-align: justify;\">Sobre la problem\u00e1tica de la depredaci\u00f3n de los recursos naturales se comprometi\u00f3 a fortalecer la capacidad del Ministerio de Medio Ambiente y Recursos Naturales, mediante formar un mejor equipo de guardabosques que puedan responder hacia una transici\u00f3n de cultivos agroecol\u00f3gicos.<\/p>\n<\/div>\n<p>Fuente: El Democrata<\/p>\n","protected":false},"excerpt":{"rendered":"<p>SANTO DOMINGO. \u2013\u00a0La candidata presidencial por el Partido Opci\u00f3n Democr\u00e1tica (OD), Virginia Antares Rodr\u00edguez, se<\/p>\n","protected":false},"author":1,"featured_media":0,"comment_status":"open","ping_status":"open","sticky":false,"template":"","format":"standard","meta":{"footnotes":""},"categories":[12],"tags":[],"class_list":["post-14964","post","type-post","status-publish","format-standard","hentry","category-politicas"],"_links":{"self":[{"href":"https:\/\/defrentealaverdad.com\/index.php\/wp-json\/wp\/v2\/posts\/14964","targetHints":{"allow":["GET"]}}],"collection":[{"href":"https:\/\/defrentealaverdad.com\/index.php\/wp-json\/wp\/v2\/posts"}],"about":[{"href":"https:\/\/defrentealaverdad.com\/index.php\/wp-json\/wp\/v2\/types\/post"}],"author":[{"embeddable":true,"href":"https:\/\/defrentealaverdad.com\/index.php\/wp-json\/wp\/v2\/users\/1"}],"replies":[{"embeddable":true,"href":"https:\/\/defrentealaverdad.com\/index.php\/wp-json\/wp\/v2\/comments?post=14964"}],"version-history":[{"count":1,"href":"https:\/\/defrentealaverdad.com\/index.php\/wp-json\/wp\/v2\/posts\/14964\/revisions"}],"predecessor-version":[{"id":14965,"href":"https:\/\/defrentealaverdad.com\/index.php\/wp-json\/wp\/v2\/posts\/14964\/revisions\/14965"}],"wp:attachment":[{"href":"https:\/\/defrentealaverdad.com\/index.php\/wp-json\/wp\/v2\/media?parent=14964"}],"wp:term":[{"taxonomy":"category","embeddable":true,"href":"https:\/\/defrentealaverdad.com\/index.php\/wp-json\/wp\/v2\/categories?post=14964"},{"taxonomy":"post_tag","embeddable":true,"href":"https:\/\/defrentealaverdad.com\/index.php\/wp-json\/wp\/v2\/tags?post=14964"}],"curies":[{"name":"wp","href":"https:\/\/api.w.org\/{rel}","templated":true}]}}