{"id":14952,"date":"2024-04-12T02:03:45","date_gmt":"2024-04-12T02:03:45","guid":{"rendered":"https:\/\/defrentealaverdad.com\/?p=14952"},"modified":"2024-04-12T02:03:45","modified_gmt":"2024-04-12T02:03:45","slug":"encuentros-interactivos-celebra-14-anos-de-impacto-en-la-comunicacion","status":"publish","type":"post","link":"https:\/\/defrentealaverdad.com\/index.php\/2024\/04\/12\/encuentros-interactivos-celebra-14-anos-de-impacto-en-la-comunicacion\/","title":{"rendered":"Encuentros Interactivos celebra 14 a\u00f1os de impacto en la comunicaci\u00f3n"},"content":{"rendered":"<div class=\"nota-imagen \">\n<div class=\"img-wrapper\">\n<figure style=\"text-align: justify;\"><img decoding=\"async\" class=\"i-amphtml-fill-content i-amphtml-replaced-content lazyload\" data-src=\"https:\/\/dukx4ewcvnyp6.cloudfront.net\/wp-content\/uploads\/2024\/04\/WhatsApp-Image-2024-04-10-at-11.05.25-PM-e1712805051177.webp\" alt=\"\" src=\"data:image\/svg+xml;base64,PHN2ZyB3aWR0aD0iMSIgaGVpZ2h0PSIxIiB4bWxucz0iaHR0cDovL3d3dy53My5vcmcvMjAwMC9zdmciPjwvc3ZnPg==\" \/><a class=\"share-btn transition\" title=\"Comparte esta noticia en Facebook\" href=\"https:\/\/www.facebook.com\/sharer\/sharer.php?u=https:\/\/noticiassin.com\/encuentros-interactivos-celebra-14-anos-de-impacto-en-la-comunicacion-1620834\/&amp;text=Encuentros%20Interactivos%20celebra%2014%20a%C3%B1os%20de%20impacto%20en%20la%20comunicaci%C3%B3n\" target=\"_blank\" rel=\"noopener noreferrer\"><img decoding=\"async\" class=\"i-amphtml-fill-content i-amphtml-replaced-content lazyload\" data-src=\"https:\/\/storage.googleapis.com\/noticiassin\/iconos\/facebook.png\" alt=\"Facebook Icon\" src=\"data:image\/svg+xml;base64,PHN2ZyB3aWR0aD0iMSIgaGVpZ2h0PSIxIiB4bWxucz0iaHR0cDovL3d3dy53My5vcmcvMjAwMC9zdmciPjwvc3ZnPg==\" \/><\/a><a class=\"share-btn transition\" title=\"Comparte esta noticia en Twitter\" href=\"https:\/\/twitter.com\/intent\/tweet?url=https:\/\/noticiassin.com\/encuentros-interactivos-celebra-14-anos-de-impacto-en-la-comunicacion-1620834\/&amp;text=Encuentros%20Interactivos%20celebra%2014%20a%C3%B1os%20de%20impacto%20en%20la%20comunicaci%C3%B3n&amp;via=sin24horas&amp;=sin24horas\" target=\"_blank\" rel=\"noopener noreferrer\"><img decoding=\"async\" class=\"i-amphtml-fill-content i-amphtml-replaced-content lazyload\" data-src=\"https:\/\/storage.googleapis.com\/noticiassin\/iconos\/twitter.png\" alt=\"Twitter Icon\" src=\"data:image\/svg+xml;base64,PHN2ZyB3aWR0aD0iMSIgaGVpZ2h0PSIxIiB4bWxucz0iaHR0cDovL3d3dy53My5vcmcvMjAwMC9zdmciPjwvc3ZnPg==\" \/><\/a><a class=\"share-btn transition\" title=\"Comparte esta noticia en WhatsApp\" href=\"https:\/\/api.whatsapp.com\/send?text=Encuentros%20Interactivos%20celebra%2014%20a%C3%B1os%20de%20impacto%20en%20la%20comunicaci%C3%B3n%C2%A0https:\/\/noticiassin.com\/encuentros-interactivos-celebra-14-anos-de-impacto-en-la-comunicacion-1620834\/\" target=\"_blank\" rel=\"noopener noreferrer\"><img decoding=\"async\" class=\"i-amphtml-fill-content i-amphtml-replaced-content lazyload\" data-src=\"https:\/\/storage.googleapis.com\/noticiassin\/iconos\/whatsapp.png\" alt=\"Whatsaap Icon\" src=\"data:image\/svg+xml;base64,PHN2ZyB3aWR0aD0iMSIgaGVpZ2h0PSIxIiB4bWxucz0iaHR0cDovL3d3dy53My5vcmcvMjAwMC9zdmciPjwvc3ZnPg==\" \/><\/a><a class=\"share-btn transition\" title=\"Comparte esta noticia en Telegram\" href=\"https:\/\/t.me\/share\/url?url=https:\/\/noticiassin.com\/encuentros-interactivos-celebra-14-anos-de-impacto-en-la-comunicacion-1620834\/&amp;text=Encuentros%20Interactivos%20celebra%2014%20a%C3%B1os%20de%20impacto%20en%20la%20comunicaci%C3%B3n\" target=\"_blank\" rel=\"noopener noreferrer\"><img decoding=\"async\" class=\"i-amphtml-fill-content i-amphtml-replaced-content lazyload\" data-src=\"https:\/\/storage.googleapis.com\/noticiassin\/iconos\/telegram-icon.png\" alt=\"Telegram Icon\" src=\"data:image\/svg+xml;base64,PHN2ZyB3aWR0aD0iMSIgaGVpZ2h0PSIxIiB4bWxucz0iaHR0cDovL3d3dy53My5vcmcvMjAwMC9zdmciPjwvc3ZnPg==\" \/><\/a><a class=\"share-btn transition\" title=\"Comparte esta noticia por E-mail\" href=\"mailto:?subject=Encuentros%20Interactivos%20celebra%2014%20a%C3%B1os%20de%20impacto%20en%20la%20comunicaci%C3%B3n&amp;body=Lee%20esta%20nota%20de%20Noticias%20SINEncuentros%20Interactivos%20celebra%2014%20a%C3%B1os%20de%20impacto%20en%20la%20comunicaci%C3%B3nhttps:\/\/noticiassin.com\/encuentros-interactivos-celebra-14-anos-de-impacto-en-la-comunicacion-1620834\/\" target=\"_blank\" rel=\"noopener noreferrer\"><img decoding=\"async\" class=\"i-amphtml-fill-content i-amphtml-replaced-content lazyload\" data-src=\"https:\/\/storage.googleapis.com\/noticiassin\/iconos\/email-icon.png\" alt=\"Email Icon\" src=\"data:image\/svg+xml;base64,PHN2ZyB3aWR0aD0iMSIgaGVpZ2h0PSIxIiB4bWxucz0iaHR0cDovL3d3dy53My5vcmcvMjAwMC9zdmciPjwvc3ZnPg==\" \/><\/a><\/figure>\n<\/div>\n<\/div>\n<div class=\"\">\n<div class=\"nota-content\">\n<p style=\"text-align: justify;\"><strong>Santo Domingo. \u2013 Encuentros Interactivos<\/strong>, plataforma especializada de comunicaci\u00f3n, celebr\u00f3 su decimocuarto aniversario con la conferencia titulada \u00abEspejo de experiencias: periodismo de exportaci\u00f3n\u00bb con la participaci\u00f3n de dos reconocidos periodistas dominicanos de la cadena Univisi\u00f3n<br \/>\n<strong>Nueva York,<\/strong>\u00a0Esperanza Ceballos y Gary Merson.<\/p>\n<p style=\"text-align: justify;\">Desde su inicio, hace 14 a\u00f1os, Encuentros Interactivos se ha dedicado a fomentar la excelencia en la comunicaci\u00f3n dominicana y m\u00e1s all\u00e1. A lo largo de estos a\u00f1os, ha brindado una plataforma para el intercambio de ideas, el desarrollo profesional y la promoci\u00f3n del periodismo de calidad.<\/p>\n<p style=\"text-align: justify;\">La conferencia \u00abEspejo de experiencias: periodismo de exportaci\u00f3n\u00bb fue una oportunidad \u00fanica para explorar las trayectorias profesionales de Esperanza Ceballos y Gary Merson, dos destacados periodistas dominicanos que han llevado su talento m\u00e1s all\u00e1 de las fronteras nacionales.<\/p>\n<p style=\"text-align: justify;\">Con su experiencia en Univisi\u00f3n Nueva York, compartieron sus perspectivas sobre el periodismo internacional y su impacto en la di\u00e1spora dominicana.<\/p>\n<p style=\"text-align: justify;\">\u00abEste evento es parte de los esfuerzos continuos de Encuentros Interactivos para promover la excelencia en el periodismo y fortalecer los lazos entre los comunicadores dominicanos en todo el mundo. Estamos emocionados de celebrar 14 a\u00f1os de logros y mirar hacia el futuro con optimismo y determinaci\u00f3n*, resalt\u00f3 Lady Reyes, fundadora y directora de Encuentros Interactivos.<\/p>\n<p style=\"text-align: justify;\">Dayanara Reyes Pujols, socia-editora, afirm\u00f3 que tanto con la entrega de una nueva edici\u00f3n de la revista digital como con la organizaci\u00f3n del evento se estimula a trascender fronteras y dejar un impacto perdurable en el mundo a trav\u00e9s de nuestras historias y compromiso como periodistas dominicanos.<\/p>\n<p style=\"text-align: justify;\">La actividad concluy\u00f3 con los inspiradores testimonios de determinaci\u00f3n, preparaci\u00f3n y dedicaci\u00f3n de Gary Merson y Esperanza Ceballos, quienes tienen grandes logros que extienden a tierras extranjeras y el fiel compromiso de seguir representando a su comunidad y poner en alto siempre el nombre de su pa\u00eds:<br \/>\nRep\u00fablica Dominicana.<\/p>\n<p style=\"text-align: justify;\">Fuente: Nuevo Diario<\/p>\n<\/div>\n<\/div>\n","protected":false},"excerpt":{"rendered":"<p>Santo Domingo. \u2013 Encuentros Interactivos, plataforma especializada de comunicaci\u00f3n, celebr\u00f3 su decimocuarto aniversario con la<\/p>\n","protected":false},"author":4,"featured_media":0,"comment_status":"open","ping_status":"open","sticky":false,"template":"","format":"standard","meta":{"footnotes":""},"categories":[7],"tags":[],"class_list":["post-14952","post","type-post","status-publish","format-standard","hentry","category-nacionales"],"_links":{"self":[{"href":"https:\/\/defrentealaverdad.com\/index.php\/wp-json\/wp\/v2\/posts\/14952","targetHints":{"allow":["GET"]}}],"collection":[{"href":"https:\/\/defrentealaverdad.com\/index.php\/wp-json\/wp\/v2\/posts"}],"about":[{"href":"https:\/\/defrentealaverdad.com\/index.php\/wp-json\/wp\/v2\/types\/post"}],"author":[{"embeddable":true,"href":"https:\/\/defrentealaverdad.com\/index.php\/wp-json\/wp\/v2\/users\/4"}],"replies":[{"embeddable":true,"href":"https:\/\/defrentealaverdad.com\/index.php\/wp-json\/wp\/v2\/comments?post=14952"}],"version-history":[{"count":1,"href":"https:\/\/defrentealaverdad.com\/index.php\/wp-json\/wp\/v2\/posts\/14952\/revisions"}],"predecessor-version":[{"id":14953,"href":"https:\/\/defrentealaverdad.com\/index.php\/wp-json\/wp\/v2\/posts\/14952\/revisions\/14953"}],"wp:attachment":[{"href":"https:\/\/defrentealaverdad.com\/index.php\/wp-json\/wp\/v2\/media?parent=14952"}],"wp:term":[{"taxonomy":"category","embeddable":true,"href":"https:\/\/defrentealaverdad.com\/index.php\/wp-json\/wp\/v2\/categories?post=14952"},{"taxonomy":"post_tag","embeddable":true,"href":"https:\/\/defrentealaverdad.com\/index.php\/wp-json\/wp\/v2\/tags?post=14952"}],"curies":[{"name":"wp","href":"https:\/\/api.w.org\/{rel}","templated":true}]}}