{"id":14950,"date":"2024-04-11T02:00:13","date_gmt":"2024-04-11T02:00:13","guid":{"rendered":"https:\/\/defrentealaverdad.com\/?p=14950"},"modified":"2024-04-12T02:02:12","modified_gmt":"2024-04-12T02:02:12","slug":"realizan-5ta-edicion-del-panel-gratuito-para-padres-adolescencia-etapa-de-oportunidades","status":"publish","type":"post","link":"https:\/\/defrentealaverdad.com\/index.php\/2024\/04\/11\/realizan-5ta-edicion-del-panel-gratuito-para-padres-adolescencia-etapa-de-oportunidades\/","title":{"rendered":"Realizan 5ta Edici\u00f3n del panel gratuito para padres \u201cAdolescencia: Etapa de Oportunidades\u201d"},"content":{"rendered":"<div class=\"portada_falsa position-fixed\">\n<div class=\"position-relative\">\n<div id=\"div-gpt-ad-1708620714688-0\" data-google-query-id=\"COmUl5nKu4UDFXjolAkdlwoA4Q\"><\/div>\n<\/div>\n<\/div>\n<p><main id=\"primary\" class=\"site-main\"><\/p>\n<div class=\"container\">\n<article id=\"post-2206344\" class=\"noticia-detalle post-2206344 post type-post status-publish format-standard has-post-thumbnail hentry category-nacionales category-portada tag-adolescencia tag-panel-gratuito\">\n<div class=\"row gx-4 mt-md-4 mt-3\">\n<div class=\"col-lg-12 mb-md-4 mb-0\">\n<header class=\"entry-header\">\n<div class=\"entry-meta  border-top pt-2 mb-0 mt-3\">\n<div class=\"row\">\n<div class=\"col-lg-4 col-12 col-md-4 text-lg-end\" style=\"text-align: justify;\"><a class=\"position-relative d-block lightbox_trigger\" href=\"https:\/\/i0.wp.com\/nuevodiario-assets.s3.us-east-2.amazonaws.com\/wp-content\/uploads\/2024\/04\/11093323\/doctor-y-psicologo-clinico-espanol-Rafael-Guerrero.jpeg?fit=1280%2C853&amp;quality=100&amp;ssl=1\"><img decoding=\"async\" class=\"img-fluid border lazyload loaded aligncenter\" src=\"https:\/\/i0.wp.com\/nuevodiario-assets.s3.us-east-2.amazonaws.com\/wp-content\/uploads\/2024\/04\/11093323\/doctor-y-psicologo-clinico-espanol-Rafael-Guerrero.jpeg?fit=690%2C460&amp;quality=100&amp;ssl=1\" alt=\"Realizar\u00e1n 5ta Edici\u00f3n del panel gratuito \u201cAdolescencia: Etapa de Oportunidades\u201d\" width=\"760\" data-src=\"https:\/\/i0.wp.com\/nuevodiario-assets.s3.us-east-2.amazonaws.com\/wp-content\/uploads\/2024\/04\/11093323\/doctor-y-psicologo-clinico-espanol-Rafael-Guerrero.jpeg?fit=690%2C460&amp;quality=100&amp;ssl=1\" data-was-processed=\"true\" \/><\/a><\/div>\n<div class=\"col-lg-4 col-12 col-md-4 text-lg-end\" style=\"text-align: justify;\">SANTO DOMINGO.- La empresa Did\u00e1ctica SRL invit\u00f3 al 5to. encuentro virtual: \u201cAdolescencia, etapa de Oportunidades\u201d, con el fin de ofrecer estrategias y orientaciones destinadas a construir v\u00ednculos sanos entre padres y adolescentes.<\/div>\n<div><\/div>\n<\/div>\n<\/div>\n<\/header>\n<\/div>\n<div class=\"col-lg-8 position-relative\">\n<div class=\"entry-content mt-md-4 mt-3\">\n<div class=\"banner-contenido text-center d-none d-md-block mb-4\" style=\"text-align: justify;\">\n<div id=\"div-gpt-ad-1705691576428-0\" class=\"border d-inline-block\">\n<div id=\"google_ads_iframe_\/173239197\/Banner_Noticia_Contenido_Nuevo_300x250_0__container__\">El evento ser\u00e1 gratuito y se llevar\u00e1 a cabo el pr\u00f3ximo s\u00e1bado 13 de abril v\u00eda Zoom, a partir de las 9:00 a.m.<\/div>\n<\/div>\n<\/div>\n<div class=\"banner-contenido text-center mb-4\" style=\"text-align: justify;\">\n<div class=\"trv-player-container\">\n<div class=\"trv-wrapper\">\n<div id=\"br_video_player_77b15802be486980ac5cc221c0338e56dc433168\" class=\"trvd_video_player\">\n<div><img decoding=\"async\" src=\"https:\/\/ads.stickyadstv.com\/user-matching?id=2545&amp;_fw_gdpr=0&amp;_fw_gdpr_consent=\" \/>Mediante una nota de prensa se apunt\u00f3 que a muchos padres les cuesta comprender a sus hijos en la etapa de la adolescencia y a ellos les cuesta entender a sus padres por igual, as\u00ed que es prometer ser una experiencia \u00fanica en la cual los padres podr\u00e1n recibir, de las manos de especialistas con vasta experiencia, informaci\u00f3n de valor en materia educativa y formativa.<\/div>\n<\/div>\n<\/div>\n<\/div>\n<\/div>\n<p style=\"text-align: justify;\">Los expositores ser\u00e1n la doctora en educaci\u00f3n Margarita Heinsen, el doctor y psic\u00f3logo cl\u00ednico espa\u00f1ol Rafael Guerrero, la psic\u00f3loga y especialista en psicolog\u00eda cl\u00ednica Dianne Bison\u00f3 y el doctor y especialista en psiquiatr\u00eda Lu\u00eds Geraldino.<img decoding=\"async\" class=\"not-transparent wp-image-2206355 size-full aligncenter lazyload\" data-src=\"https:\/\/i0.wp.com\/nuevodiario-assets.s3.us-east-2.amazonaws.com\/wp-content\/uploads\/2024\/04\/11093401\/Realizan-5ta-edicion-de-panel-gratuito-para-padres-Adolescencia-Etapa-de-Oportunidades.jpg?resize=640%2C801&amp;quality=100&amp;ssl=1\" data-sizes=\"(max-width: 640px) 100vw, 640px\" data-srcset=\"https:\/\/i0.wp.com\/nuevodiario-assets.s3.us-east-2.amazonaws.com\/wp-content\/uploads\/2024\/04\/11093401\/Realizan-5ta-edicion-de-panel-gratuito-para-padres-Adolescencia-Etapa-de-Oportunidades.jpg?resize=640%2C801&amp;quality=100&amp;ssl=1 1023w, https:\/\/i0.wp.com\/nuevodiario-assets.s3.us-east-2.amazonaws.com\/wp-content\/uploads\/2024\/04\/11093401\/Realizan-5ta-edicion-de-panel-gratuito-para-padres-Adolescencia-Etapa-de-Oportunidades.jpg?resize=640%2C801&amp;quality=100&amp;ssl=1 320w, https:\/\/i0.wp.com\/nuevodiario-assets.s3.us-east-2.amazonaws.com\/wp-content\/uploads\/2024\/04\/11093401\/Realizan-5ta-edicion-de-panel-gratuito-para-padres-Adolescencia-Etapa-de-Oportunidades.jpg?resize=640%2C801&amp;quality=100&amp;ssl=1 818w, https:\/\/i0.wp.com\/nuevodiario-assets.s3.us-east-2.amazonaws.com\/wp-content\/uploads\/2024\/04\/11093401\/Realizan-5ta-edicion-de-panel-gratuito-para-padres-Adolescencia-Etapa-de-Oportunidades.jpg?resize=640%2C801&amp;quality=100&amp;ssl=1 768w\" alt=\"\" width=\"729\" height=\"913\" data-dominant-color=\"d5d6da\" data-has-transparency=\"false\" src=\"data:image\/svg+xml;base64,PHN2ZyB3aWR0aD0iMSIgaGVpZ2h0PSIxIiB4bWxucz0iaHR0cDovL3d3dy53My5vcmcvMjAwMC9zdmciPjwvc3ZnPg==\" style=\"--smush-placeholder-width: 729px; --smush-placeholder-aspect-ratio: 729\/913;\" \/><\/p>\n<p>&nbsp;<\/p>\n<p>Se abarcar\u00e1n temas tales como: estrategias para la comunicaci\u00f3n con los adolescentes, la comprensi\u00f3n del cerebro y su funcionabilidad, el estr\u00e9s y la ansiedad y las conductas adictivas en los adolescentes de hoy en d\u00eda.<\/p>\n<p>Los participantes tendr\u00e1n la oportunidad de exponer preguntas e inquietudes que ser\u00e1n contestadas en vivo por los expertos.<\/p>\n<p>Es un buen momento para continuar el di\u00e1logo sobre la mejor forma para construir una relaci\u00f3n positiva con sus hijos, comprendiendo sus tiempos, potenciando sus capacidades, estableciendo l\u00edmites y responsabilidades y acompa\u00f1\u00e1ndolos a descubrir sus fortalezas para lograr una vida plena.<\/p>\n<p>Este evento se realiza en colaboraci\u00f3n con el patrocinio oficial de Mapfre Seguros, y el copatrocinio de UNIBE, Banco Popular, Creek Pine Group, Pink Tree y el Voluntariado Banreservas.<\/p>\n<p>Para inscribirse pueden acceder al enlace:\u00a0<a href=\"https:\/\/www.didactica.edu.do\/adolescentes2024\/\">https:\/\/www.didactica.edu.do\/adolescentes2024\/<\/a>.<\/p>\n<\/div>\n<p>Fuente: El Nuevo Diario<\/p>\n<div class=\"entry-content mt-md-4 mt-3\">\n<div id=\"mc_embed_shell\" class=\"border mb-3 boletin-noticias\">\n<div id=\"mc_embed_signup\">\n<form id=\"mc-embedded-subscribe-form\" class=\"validate\" action=\"https:\/\/elnuevodiario.us12.list-manage.com\/subscribe\/post?u=adc4b96bf0fc459309c352607&amp;id=7c6f789feb&amp;f_id=0046bce0f0\" method=\"post\" name=\"mc-embedded-subscribe-form\" novalidate=\"\" target=\"_self\">\n<div id=\"mc_embed_signup_scroll\">\n<h2><\/h2>\n<\/div>\n<\/form>\n<\/div>\n<\/div>\n<\/div>\n<\/div>\n<\/div>\n<\/article>\n<\/div>\n<p><\/main><\/p>\n","protected":false},"excerpt":{"rendered":"<p>SANTO DOMINGO.- La empresa Did\u00e1ctica SRL invit\u00f3 al 5to. encuentro virtual: \u201cAdolescencia, etapa de Oportunidades\u201d,<\/p>\n","protected":false},"author":2,"featured_media":0,"comment_status":"open","ping_status":"open","sticky":false,"template":"","format":"standard","meta":{"footnotes":""},"categories":[7],"tags":[],"class_list":["post-14950","post","type-post","status-publish","format-standard","hentry","category-nacionales"],"_links":{"self":[{"href":"https:\/\/defrentealaverdad.com\/index.php\/wp-json\/wp\/v2\/posts\/14950","targetHints":{"allow":["GET"]}}],"collection":[{"href":"https:\/\/defrentealaverdad.com\/index.php\/wp-json\/wp\/v2\/posts"}],"about":[{"href":"https:\/\/defrentealaverdad.com\/index.php\/wp-json\/wp\/v2\/types\/post"}],"author":[{"embeddable":true,"href":"https:\/\/defrentealaverdad.com\/index.php\/wp-json\/wp\/v2\/users\/2"}],"replies":[{"embeddable":true,"href":"https:\/\/defrentealaverdad.com\/index.php\/wp-json\/wp\/v2\/comments?post=14950"}],"version-history":[{"count":1,"href":"https:\/\/defrentealaverdad.com\/index.php\/wp-json\/wp\/v2\/posts\/14950\/revisions"}],"predecessor-version":[{"id":14951,"href":"https:\/\/defrentealaverdad.com\/index.php\/wp-json\/wp\/v2\/posts\/14950\/revisions\/14951"}],"wp:attachment":[{"href":"https:\/\/defrentealaverdad.com\/index.php\/wp-json\/wp\/v2\/media?parent=14950"}],"wp:term":[{"taxonomy":"category","embeddable":true,"href":"https:\/\/defrentealaverdad.com\/index.php\/wp-json\/wp\/v2\/categories?post=14950"},{"taxonomy":"post_tag","embeddable":true,"href":"https:\/\/defrentealaverdad.com\/index.php\/wp-json\/wp\/v2\/tags?post=14950"}],"curies":[{"name":"wp","href":"https:\/\/api.w.org\/{rel}","templated":true}]}}