{"id":14940,"date":"2024-04-12T01:54:10","date_gmt":"2024-04-12T01:54:10","guid":{"rendered":"https:\/\/defrentealaverdad.com\/?p=14940"},"modified":"2024-04-12T01:54:10","modified_gmt":"2024-04-12T01:54:10","slug":"estudiantes-de-guatemala-visitan-comandancia-del-ejercito-dominicano","status":"publish","type":"post","link":"https:\/\/defrentealaverdad.com\/index.php\/2024\/04\/12\/estudiantes-de-guatemala-visitan-comandancia-del-ejercito-dominicano\/","title":{"rendered":"\u00a0Estudiantes de Guatemala visitan Comandancia del Ej\u00e9rcito Dominicano\u00a0"},"content":{"rendered":"<p style=\"text-align: justify;\">Por Felix Rubio<\/p>\n<div class=\"separator\" style=\"text-align: justify;\"><a href=\"https:\/\/blogger.googleusercontent.com\/img\/b\/R29vZ2xl\/AVvXsEhshO5wCxNm1Ik-Mir2tpHSMZQvvpM5DbrAwH_827zvqb8-nmB1Apjv3x0i__QGTKYJV0roKfu4fsqxYm9Z5D3rUpzOcwjjs8sElcE9FFar3neOfLtWFq_Lap3WjX5XoEepL54Rl5H6tz9-XgyEiFcQnDaWZks932IphcwgugfQTEnSqL8gCdtjdSF569XV\/s1280\/IMG-20240411-WA0098.jpg\"><img decoding=\"async\" class=\"alignleft lazyload\" data-src=\"https:\/\/blogger.googleusercontent.com\/img\/b\/R29vZ2xl\/AVvXsEhshO5wCxNm1Ik-Mir2tpHSMZQvvpM5DbrAwH_827zvqb8-nmB1Apjv3x0i__QGTKYJV0roKfu4fsqxYm9Z5D3rUpzOcwjjs8sElcE9FFar3neOfLtWFq_Lap3WjX5XoEepL54Rl5H6tz9-XgyEiFcQnDaWZks932IphcwgugfQTEnSqL8gCdtjdSF569XV\/s320\/IMG-20240411-WA0098.jpg\" width=\"320\" height=\"213\" border=\"0\" data-original-height=\"853\" data-original-width=\"1280\" src=\"data:image\/svg+xml;base64,PHN2ZyB3aWR0aD0iMSIgaGVpZ2h0PSIxIiB4bWxucz0iaHR0cDovL3d3dy53My5vcmcvMjAwMC9zdmciPjwvc3ZnPg==\" style=\"--smush-placeholder-width: 320px; --smush-placeholder-aspect-ratio: 320\/213;\" \/><\/a>La Comandancia General del Ej\u00e9rcito recibi\u00f3 a los estudiantes de la Escuela de Comando y Estado Mayor del<a href=\"https:\/\/blogger.googleusercontent.com\/img\/b\/R29vZ2xl\/AVvXsEjyhrDqyA6yOUf8VjG-NTnxZr110RyIZ44i_cSv_bq04AZbMTaZ6ejvZaGaL2XX5nwlUy51nYbcUiLbgWx5CK2zjTgCSKj7uicc_5O7RhPhlVcVcXTyzuPqC87DHEXbtLhADNborUnllDfVwSzn929bmsE4ygkkeGt45_YsfisVgIG0d38jLd8lbj-sO5bu\/s1280\/IMG-20240411-WA0103.jpg\"><img decoding=\"async\" class=\"alignright lazyload\" data-src=\"https:\/\/blogger.googleusercontent.com\/img\/b\/R29vZ2xl\/AVvXsEjyhrDqyA6yOUf8VjG-NTnxZr110RyIZ44i_cSv_bq04AZbMTaZ6ejvZaGaL2XX5nwlUy51nYbcUiLbgWx5CK2zjTgCSKj7uicc_5O7RhPhlVcVcXTyzuPqC87DHEXbtLhADNborUnllDfVwSzn929bmsE4ygkkeGt45_YsfisVgIG0d38jLd8lbj-sO5bu\/s320\/IMG-20240411-WA0103.jpg\" width=\"320\" height=\"213\" border=\"0\" data-original-height=\"853\" data-original-width=\"1280\" src=\"data:image\/svg+xml;base64,PHN2ZyB3aWR0aD0iMSIgaGVpZ2h0PSIxIiB4bWxucz0iaHR0cDovL3d3dy53My5vcmcvMjAwMC9zdmciPjwvc3ZnPg==\" style=\"--smush-placeholder-width: 320px; --smush-placeholder-aspect-ratio: 320\/213;\" \/><\/a> Comando Superior de Educaci\u00f3n del Ej\u00e9rcito de la Rep\u00fablica de Guatemala, quienes se encuentran realizando una visita oficial en el pa\u00eds como parte del programa de formaci\u00f3n de esa alta casa de estudios.<\/div>\n<div><\/div>\n<div class=\"separator\" style=\"text-align: justify;\">Estos militares, fueron recibidos por General de Brigada Angel Alfredo Camacho Ubiera, ERD; Sub Comandante General del Ej\u00e9rcito de Rep\u00fablica Dominicana, en representaci\u00f3n del Comandante General, Mayor General Carlos Antonio Fern\u00e1ndez Onofre, ERD<\/div>\n<div><\/div>\n<div class=\"separator\" style=\"text-align: justify;\">El General de Brigada Camacho enfatiz\u00f3, \u201cel compromiso de fortalecer los lazos de amistad y cooperaci\u00f3n, as\u00ed como de intercambiar conocimientos y experiencias en beneficio de ambas naciones\u201d.<\/div>\n<div><\/div>\n<div>Fuente: Comandancia General del Ej\u00e9rcito<\/div>\n<div class=\"separator\"><\/div>\n","protected":false},"excerpt":{"rendered":"<p>Por Felix Rubio La Comandancia General del Ej\u00e9rcito recibi\u00f3 a los estudiantes de la Escuela<\/p>\n","protected":false},"author":1,"featured_media":0,"comment_status":"open","ping_status":"open","sticky":false,"template":"","format":"standard","meta":{"footnotes":""},"categories":[7],"tags":[],"class_list":["post-14940","post","type-post","status-publish","format-standard","hentry","category-nacionales"],"_links":{"self":[{"href":"https:\/\/defrentealaverdad.com\/index.php\/wp-json\/wp\/v2\/posts\/14940","targetHints":{"allow":["GET"]}}],"collection":[{"href":"https:\/\/defrentealaverdad.com\/index.php\/wp-json\/wp\/v2\/posts"}],"about":[{"href":"https:\/\/defrentealaverdad.com\/index.php\/wp-json\/wp\/v2\/types\/post"}],"author":[{"embeddable":true,"href":"https:\/\/defrentealaverdad.com\/index.php\/wp-json\/wp\/v2\/users\/1"}],"replies":[{"embeddable":true,"href":"https:\/\/defrentealaverdad.com\/index.php\/wp-json\/wp\/v2\/comments?post=14940"}],"version-history":[{"count":1,"href":"https:\/\/defrentealaverdad.com\/index.php\/wp-json\/wp\/v2\/posts\/14940\/revisions"}],"predecessor-version":[{"id":14941,"href":"https:\/\/defrentealaverdad.com\/index.php\/wp-json\/wp\/v2\/posts\/14940\/revisions\/14941"}],"wp:attachment":[{"href":"https:\/\/defrentealaverdad.com\/index.php\/wp-json\/wp\/v2\/media?parent=14940"}],"wp:term":[{"taxonomy":"category","embeddable":true,"href":"https:\/\/defrentealaverdad.com\/index.php\/wp-json\/wp\/v2\/categories?post=14940"},{"taxonomy":"post_tag","embeddable":true,"href":"https:\/\/defrentealaverdad.com\/index.php\/wp-json\/wp\/v2\/tags?post=14940"}],"curies":[{"name":"wp","href":"https:\/\/api.w.org\/{rel}","templated":true}]}}