{"id":14895,"date":"2024-04-11T17:31:24","date_gmt":"2024-04-11T17:31:24","guid":{"rendered":"https:\/\/defrentealaverdad.com\/?p=14895"},"modified":"2024-04-11T17:31:24","modified_gmt":"2024-04-11T17:31:24","slug":"11-de-abril-dia-nacional-del-cafe","status":"publish","type":"post","link":"https:\/\/defrentealaverdad.com\/index.php\/2024\/04\/11\/11-de-abril-dia-nacional-del-cafe\/","title":{"rendered":"11 de Abril: D\u00eda Nacional del Caf\u00e9"},"content":{"rendered":"<p><img decoding=\"async\" class=\"size-medium wp-image-14898 alignleft lazyload\" data-src=\"https:\/\/defrentealaverdad.com\/wp-content\/uploads\/2024\/04\/IMG-20240411-WA0074-300x274.jpg\" alt=\"\" width=\"300\" height=\"274\" data-srcset=\"https:\/\/defrentealaverdad.com\/wp-content\/uploads\/2024\/04\/IMG-20240411-WA0074-300x274.jpg 300w, https:\/\/defrentealaverdad.com\/wp-content\/uploads\/2024\/04\/IMG-20240411-WA0074-1024x934.jpg 1024w, https:\/\/defrentealaverdad.com\/wp-content\/uploads\/2024\/04\/IMG-20240411-WA0074-768x700.jpg 768w, https:\/\/defrentealaverdad.com\/wp-content\/uploads\/2024\/04\/IMG-20240411-WA0074.jpg 1080w\" data-sizes=\"(max-width: 300px) 100vw, 300px\" src=\"data:image\/svg+xml;base64,PHN2ZyB3aWR0aD0iMSIgaGVpZ2h0PSIxIiB4bWxucz0iaHR0cDovL3d3dy53My5vcmcvMjAwMC9zdmciPjwvc3ZnPg==\" style=\"--smush-placeholder-width: 300px; --smush-placeholder-aspect-ratio: 300\/274;\" \/><\/p>\n<p style=\"text-align: justify;\">El caf\u00e9 es una de las bebidas m\u00e1s populares de Rep\u00fablica Dominicana. Elaborada de las semillas tostadas y molidas de las plantas de caf\u00e9 que son cultivadas en nuestros campos.<\/p>\n<p style=\"text-align: justify;\">Conocida como una de las bebidas m\u00e1s famosas en el mundo, y puede ser preparado o presentado en una variedad de maneras.<\/p>\n<p style=\"text-align: justify;\">Es un importante producto de exportaci\u00f3n, ya que la industria mueve en la actualidad 70 mil millones de d\u00f3lares al a\u00f1o.<\/p>\n<p style=\"text-align: justify;\">En el D\u00eda Nacional del Caf\u00e9, te invitamos a seguir disfrutando la rica tradici\u00f3n dominicana!<\/p>\n<p style=\"text-align: justify;\">#cafe #sabor #bebida #dominicana<\/p>\n<p>Fuente: Yisus Taveras<\/p>\n","protected":false},"excerpt":{"rendered":"<p>El caf\u00e9 es una de las bebidas m\u00e1s populares de Rep\u00fablica Dominicana. Elaborada de las<\/p>\n","protected":false},"author":1,"featured_media":0,"comment_status":"open","ping_status":"open","sticky":false,"template":"","format":"standard","meta":{"footnotes":""},"categories":[7],"tags":[],"class_list":["post-14895","post","type-post","status-publish","format-standard","hentry","category-nacionales"],"_links":{"self":[{"href":"https:\/\/defrentealaverdad.com\/index.php\/wp-json\/wp\/v2\/posts\/14895","targetHints":{"allow":["GET"]}}],"collection":[{"href":"https:\/\/defrentealaverdad.com\/index.php\/wp-json\/wp\/v2\/posts"}],"about":[{"href":"https:\/\/defrentealaverdad.com\/index.php\/wp-json\/wp\/v2\/types\/post"}],"author":[{"embeddable":true,"href":"https:\/\/defrentealaverdad.com\/index.php\/wp-json\/wp\/v2\/users\/1"}],"replies":[{"embeddable":true,"href":"https:\/\/defrentealaverdad.com\/index.php\/wp-json\/wp\/v2\/comments?post=14895"}],"version-history":[{"count":1,"href":"https:\/\/defrentealaverdad.com\/index.php\/wp-json\/wp\/v2\/posts\/14895\/revisions"}],"predecessor-version":[{"id":14899,"href":"https:\/\/defrentealaverdad.com\/index.php\/wp-json\/wp\/v2\/posts\/14895\/revisions\/14899"}],"wp:attachment":[{"href":"https:\/\/defrentealaverdad.com\/index.php\/wp-json\/wp\/v2\/media?parent=14895"}],"wp:term":[{"taxonomy":"category","embeddable":true,"href":"https:\/\/defrentealaverdad.com\/index.php\/wp-json\/wp\/v2\/categories?post=14895"},{"taxonomy":"post_tag","embeddable":true,"href":"https:\/\/defrentealaverdad.com\/index.php\/wp-json\/wp\/v2\/tags?post=14895"}],"curies":[{"name":"wp","href":"https:\/\/api.w.org\/{rel}","templated":true}]}}