{"id":14619,"date":"2024-04-02T12:37:43","date_gmt":"2024-04-02T12:37:43","guid":{"rendered":"https:\/\/defrentealaverdad.com\/?p=14619"},"modified":"2024-04-03T12:40:07","modified_gmt":"2024-04-03T12:40:07","slug":"museo-de-historia-y-geografia-anuncia-conferencia-tomas-bobadilla-primer-presidente-de-republica-dominicana","status":"publish","type":"post","link":"https:\/\/defrentealaverdad.com\/index.php\/2024\/04\/02\/museo-de-historia-y-geografia-anuncia-conferencia-tomas-bobadilla-primer-presidente-de-republica-dominicana\/","title":{"rendered":"Museo de Historia y Geograf\u00eda anuncia conferencia \u201cTom\u00e1s Bobadilla: Primer Presidente de Rep\u00fablica Dominicana\u201d"},"content":{"rendered":"<p style=\"text-align: justify;\"><img decoding=\"async\" class=\"size-medium wp-image-14620 lazyload\" data-src=\"https:\/\/defrentealaverdad.com\/wp-content\/uploads\/2024\/04\/IMG-20240401-WA0115-300x300.jpg\" alt=\"\" width=\"300\" height=\"300\" data-srcset=\"https:\/\/defrentealaverdad.com\/wp-content\/uploads\/2024\/04\/IMG-20240401-WA0115-300x300.jpg 300w, https:\/\/defrentealaverdad.com\/wp-content\/uploads\/2024\/04\/IMG-20240401-WA0115-1024x1024.jpg 1024w, https:\/\/defrentealaverdad.com\/wp-content\/uploads\/2024\/04\/IMG-20240401-WA0115-150x150.jpg 150w, https:\/\/defrentealaverdad.com\/wp-content\/uploads\/2024\/04\/IMG-20240401-WA0115-768x768.jpg 768w, https:\/\/defrentealaverdad.com\/wp-content\/uploads\/2024\/04\/IMG-20240401-WA0115.jpg 1280w\" data-sizes=\"(max-width: 300px) 100vw, 300px\" src=\"data:image\/svg+xml;base64,PHN2ZyB3aWR0aD0iMSIgaGVpZ2h0PSIxIiB4bWxucz0iaHR0cDovL3d3dy53My5vcmcvMjAwMC9zdmciPjwvc3ZnPg==\" style=\"--smush-placeholder-width: 300px; --smush-placeholder-aspect-ratio: 300\/300;\" \/><\/p>\n<p style=\"text-align: justify;\">Santo Domingo. El Museo Nacional de Historia y Geograf\u00eda (MNHG) realizar\u00e1 la conferencia \u201cTom\u00e1s Bobadilla: Primer Presidente de Rep\u00fablica Dominicana\u201d, a cargo del historiador Manuel Otilio P\u00e9rez P\u00e9rez, el pr\u00f3ximo jueves 4 de abril del a\u00f1o en curso, a las 11:00 de la ma\u00f1ana, en la instituci\u00f3n muse\u00edstica.<\/p>\n<p style=\"text-align: justify;\">El historiador, catedr\u00e1tico y director del Museo Nacional de Historia y Geograf\u00eda (MNHG), Jos\u00e9 G. Guerrero, revel\u00f3 que la conferencia forma parte de una serie de coloquios programados para este a\u00f1o con miras a conocer en detalle los expresidentes de la Rep\u00fablica Dominicana.<\/p>\n<p style=\"text-align: justify;\"><img decoding=\"async\" class=\"size-medium wp-image-14621 alignright lazyload\" data-src=\"https:\/\/defrentealaverdad.com\/wp-content\/uploads\/2024\/04\/IMG-20240401-WA0117-217x300.jpg\" alt=\"\" width=\"217\" height=\"300\" data-srcset=\"https:\/\/defrentealaverdad.com\/wp-content\/uploads\/2024\/04\/IMG-20240401-WA0117-217x300.jpg 217w, https:\/\/defrentealaverdad.com\/wp-content\/uploads\/2024\/04\/IMG-20240401-WA0117.jpg 576w\" data-sizes=\"(max-width: 217px) 100vw, 217px\" src=\"data:image\/svg+xml;base64,PHN2ZyB3aWR0aD0iMSIgaGVpZ2h0PSIxIiB4bWxucz0iaHR0cDovL3d3dy53My5vcmcvMjAwMC9zdmciPjwvc3ZnPg==\" style=\"--smush-placeholder-width: 217px; --smush-placeholder-aspect-ratio: 217\/300;\" \/><\/p>\n<p style=\"text-align: justify;\">El conferencista invitado para este primer encuentro, Manuel Otilio P\u00e9rez P\u00e9rez naci\u00f3 en la Secci\u00f3n Santana (El Cerro), de la Com\u00fan Tamayo, Provincia del Bahoruco. Estudi\u00f3 en Santana, en Tamayo, en Villa Jaragua, y en Barahona. Se gradu\u00f3 en la Universidad Aut\u00f3noma de Santo Domingo de Ingeniero Civil. Actualmente es Miembro del Colegio Dominicano de Ingenieros, Arquitectos y Agrimensores (CODIA).<\/p>\n<p style=\"text-align: justify;\">Ha publicado tres libros sobre el Pr\u00f3cer Tom\u00e1s Bobadilla: \u201cLa impronta indeleble de Tom\u00e1s Bobadilla &#8230; uno de los fundadores de la patria\u201d, \u201cEl legado imperecedero de Tom\u00e1s Bobadilla Fundador y organizador del Estado dominicano\u201d, y \u201cLa praxis coherente de Tom\u00e1s Bobadilla El servidor p\u00fablico\u201d.<\/p>\n<p style=\"text-align: justify;\"><img decoding=\"async\" class=\"size-medium wp-image-14622 alignleft lazyload\" data-src=\"https:\/\/defrentealaverdad.com\/wp-content\/uploads\/2024\/04\/IMG-20240401-WA0116-300x200.jpg\" alt=\"\" width=\"300\" height=\"200\" data-srcset=\"https:\/\/defrentealaverdad.com\/wp-content\/uploads\/2024\/04\/IMG-20240401-WA0116-300x200.jpg 300w, https:\/\/defrentealaverdad.com\/wp-content\/uploads\/2024\/04\/IMG-20240401-WA0116-1024x682.jpg 1024w, https:\/\/defrentealaverdad.com\/wp-content\/uploads\/2024\/04\/IMG-20240401-WA0116-768x512.jpg 768w, https:\/\/defrentealaverdad.com\/wp-content\/uploads\/2024\/04\/IMG-20240401-WA0116-1536x1023.jpg 1536w, https:\/\/defrentealaverdad.com\/wp-content\/uploads\/2024\/04\/IMG-20240401-WA0116.jpg 1600w\" data-sizes=\"(max-width: 300px) 100vw, 300px\" src=\"data:image\/svg+xml;base64,PHN2ZyB3aWR0aD0iMSIgaGVpZ2h0PSIxIiB4bWxucz0iaHR0cDovL3d3dy53My5vcmcvMjAwMC9zdmciPjwvc3ZnPg==\" style=\"--smush-placeholder-width: 300px; --smush-placeholder-aspect-ratio: 300\/200;\" \/><\/p>\n<p style=\"text-align: justify;\">El Museo Nacional de Historia y Geograf\u00eda (MNHG), ubicado en la Plaza de la Cultura Juan Pablo Duarte de Santo Domingo, est\u00e1 abierto al p\u00fablico de martes a domingo, en horario de 10:00 a. m. a 6:00 p. m. Para m\u00e1s informaci\u00f3n, pueden acceder a su perfil de Instagram: @museohistoriaygeografiard.<\/p>\n<p style=\"text-align: justify;\">\nFuente: Renania Reyna &#8211; Coordinadora RR. PP.<\/p>\n","protected":false},"excerpt":{"rendered":"<p>Santo Domingo. El Museo Nacional de Historia y Geograf\u00eda (MNHG) realizar\u00e1 la conferencia \u201cTom\u00e1s Bobadilla:<\/p>\n","protected":false},"author":2,"featured_media":0,"comment_status":"open","ping_status":"open","sticky":false,"template":"","format":"standard","meta":{"footnotes":""},"categories":[7],"tags":[],"class_list":["post-14619","post","type-post","status-publish","format-standard","hentry","category-nacionales"],"_links":{"self":[{"href":"https:\/\/defrentealaverdad.com\/index.php\/wp-json\/wp\/v2\/posts\/14619","targetHints":{"allow":["GET"]}}],"collection":[{"href":"https:\/\/defrentealaverdad.com\/index.php\/wp-json\/wp\/v2\/posts"}],"about":[{"href":"https:\/\/defrentealaverdad.com\/index.php\/wp-json\/wp\/v2\/types\/post"}],"author":[{"embeddable":true,"href":"https:\/\/defrentealaverdad.com\/index.php\/wp-json\/wp\/v2\/users\/2"}],"replies":[{"embeddable":true,"href":"https:\/\/defrentealaverdad.com\/index.php\/wp-json\/wp\/v2\/comments?post=14619"}],"version-history":[{"count":1,"href":"https:\/\/defrentealaverdad.com\/index.php\/wp-json\/wp\/v2\/posts\/14619\/revisions"}],"predecessor-version":[{"id":14623,"href":"https:\/\/defrentealaverdad.com\/index.php\/wp-json\/wp\/v2\/posts\/14619\/revisions\/14623"}],"wp:attachment":[{"href":"https:\/\/defrentealaverdad.com\/index.php\/wp-json\/wp\/v2\/media?parent=14619"}],"wp:term":[{"taxonomy":"category","embeddable":true,"href":"https:\/\/defrentealaverdad.com\/index.php\/wp-json\/wp\/v2\/categories?post=14619"},{"taxonomy":"post_tag","embeddable":true,"href":"https:\/\/defrentealaverdad.com\/index.php\/wp-json\/wp\/v2\/tags?post=14619"}],"curies":[{"name":"wp","href":"https:\/\/api.w.org\/{rel}","templated":true}]}}