{"id":14235,"date":"2024-03-23T22:05:52","date_gmt":"2024-03-23T22:05:52","guid":{"rendered":"https:\/\/defrentealaverdad.com\/?p=14235"},"modified":"2024-03-23T22:05:52","modified_gmt":"2024-03-23T22:05:52","slug":"activas-con-luis-forjando-una-generacion-de-lideres-politicos-competentes-y-eticos","status":"publish","type":"post","link":"https:\/\/defrentealaverdad.com\/index.php\/2024\/03\/23\/activas-con-luis-forjando-una-generacion-de-lideres-politicos-competentes-y-eticos\/","title":{"rendered":"Activas con Luis: Forjando una Generaci\u00f3n de L\u00edderes Pol\u00edticos Competentes y \u00c9ticos"},"content":{"rendered":"<p style=\"text-align: justify;\"><img decoding=\"async\" class=\"size-medium wp-image-14236 alignleft lazyload\" data-src=\"https:\/\/defrentealaverdad.com\/wp-content\/uploads\/2024\/03\/IMG-20240323-WA0001-300x225.jpg\" alt=\"\" width=\"300\" height=\"225\" data-srcset=\"https:\/\/defrentealaverdad.com\/wp-content\/uploads\/2024\/03\/IMG-20240323-WA0001-300x225.jpg 300w, https:\/\/defrentealaverdad.com\/wp-content\/uploads\/2024\/03\/IMG-20240323-WA0001-1024x768.jpg 1024w, https:\/\/defrentealaverdad.com\/wp-content\/uploads\/2024\/03\/IMG-20240323-WA0001-768x576.jpg 768w, https:\/\/defrentealaverdad.com\/wp-content\/uploads\/2024\/03\/IMG-20240323-WA0001-1536x1152.jpg 1536w, https:\/\/defrentealaverdad.com\/wp-content\/uploads\/2024\/03\/IMG-20240323-WA0001-720x540.jpg 720w, https:\/\/defrentealaverdad.com\/wp-content\/uploads\/2024\/03\/IMG-20240323-WA0001.jpg 1600w\" data-sizes=\"(max-width: 300px) 100vw, 300px\" src=\"data:image\/svg+xml;base64,PHN2ZyB3aWR0aD0iMSIgaGVpZ2h0PSIxIiB4bWxucz0iaHR0cDovL3d3dy53My5vcmcvMjAwMC9zdmciPjwvc3ZnPg==\" style=\"--smush-placeholder-width: 300px; --smush-placeholder-aspect-ratio: 300\/225;\" \/><\/p>\n<p style=\"text-align: justify;\">Santo Domingo.- El movimiento pol\u00edtico Activas con Luis reafirma su compromiso con la formaci\u00f3n de una generaci\u00f3n de l\u00edderes pol\u00edticos competentes y \u00e9ticos, con un enfoque especial en el empoderamiento de la mujer dominicana.<\/p>\n<p style=\"text-align: justify;\">Activas con Luis se ha dedicado a ofrecer programas de formaci\u00f3n, capacitaciones y charlas destinadas a desarrollar habilidades de liderazgo y promover la participaci\u00f3n c\u00edvica entre las mujeres dominicanas. Reconoce la importancia de que la mujer tenga un papel destacado en la sociedad y estamos comprometidos a fomentar su empoderamiento en todos los \u00e1mbitos.<\/p>\n<p style=\"text-align: justify;\">Su misi\u00f3n es apoyar la reelecci\u00f3n del presidente Luis Abinader, quien comparte la visi\u00f3n de un pa\u00eds liderado por personas \u00e9ticas y competentes. En poco tiempo, han logrado recorrer y captar una gran parte del Gran Santo Domingo, as\u00ed como tambi\u00e9n del sur del pa\u00eds, demostrando el apoyo y la fuerza de nuestro movimiento.<\/p>\n<p style=\"text-align: justify;\">Los valores que fundamentan sus acciones son la equidad de g\u00e9nero, el liderazgo transformador, la capacitaci\u00f3n continua, la colaboraci\u00f3n y el compromiso. Creen firmemente que juntos podemos construir un futuro mejor para la Rep\u00fablica Dominicana.<\/p>\n<p style=\"text-align: justify;\">Su lema es \u00abIniciemos juntas\u00bb, porque creen en el poder de la uni\u00f3n y la colaboraci\u00f3n para lograr un cambio positivo en nuestra sociedad.<\/p>\n<p style=\"text-align: justify;\">Para obtener m\u00e1s informaci\u00f3n sobre Activas con Luis y su iniciativa, s\u00edguelas en sus redes sociales @activas_rd<\/p>\n<p style=\"text-align: justify;\">\n<p style=\"text-align: justify;\">Fuente: Externa<\/p>\n","protected":false},"excerpt":{"rendered":"<p>Santo Domingo.- El movimiento pol\u00edtico Activas con Luis reafirma su compromiso con la formaci\u00f3n de<\/p>\n","protected":false},"author":1,"featured_media":0,"comment_status":"open","ping_status":"open","sticky":false,"template":"","format":"standard","meta":{"footnotes":""},"categories":[12],"tags":[],"class_list":["post-14235","post","type-post","status-publish","format-standard","hentry","category-politicas"],"_links":{"self":[{"href":"https:\/\/defrentealaverdad.com\/index.php\/wp-json\/wp\/v2\/posts\/14235","targetHints":{"allow":["GET"]}}],"collection":[{"href":"https:\/\/defrentealaverdad.com\/index.php\/wp-json\/wp\/v2\/posts"}],"about":[{"href":"https:\/\/defrentealaverdad.com\/index.php\/wp-json\/wp\/v2\/types\/post"}],"author":[{"embeddable":true,"href":"https:\/\/defrentealaverdad.com\/index.php\/wp-json\/wp\/v2\/users\/1"}],"replies":[{"embeddable":true,"href":"https:\/\/defrentealaverdad.com\/index.php\/wp-json\/wp\/v2\/comments?post=14235"}],"version-history":[{"count":1,"href":"https:\/\/defrentealaverdad.com\/index.php\/wp-json\/wp\/v2\/posts\/14235\/revisions"}],"predecessor-version":[{"id":14237,"href":"https:\/\/defrentealaverdad.com\/index.php\/wp-json\/wp\/v2\/posts\/14235\/revisions\/14237"}],"wp:attachment":[{"href":"https:\/\/defrentealaverdad.com\/index.php\/wp-json\/wp\/v2\/media?parent=14235"}],"wp:term":[{"taxonomy":"category","embeddable":true,"href":"https:\/\/defrentealaverdad.com\/index.php\/wp-json\/wp\/v2\/categories?post=14235"},{"taxonomy":"post_tag","embeddable":true,"href":"https:\/\/defrentealaverdad.com\/index.php\/wp-json\/wp\/v2\/tags?post=14235"}],"curies":[{"name":"wp","href":"https:\/\/api.w.org\/{rel}","templated":true}]}}