{"id":14095,"date":"2024-03-20T01:45:53","date_gmt":"2024-03-20T01:45:53","guid":{"rendered":"https:\/\/defrentealaverdad.com\/?p=14095"},"modified":"2024-03-21T01:48:09","modified_gmt":"2024-03-21T01:48:09","slug":"cumbre-latinoamericana-en-ny-reunira-a-importantes-lideres-de-la-region-en-su-22-edicion","status":"publish","type":"post","link":"https:\/\/defrentealaverdad.com\/index.php\/2024\/03\/20\/cumbre-latinoamericana-en-ny-reunira-a-importantes-lideres-de-la-region-en-su-22-edicion\/","title":{"rendered":"Cumbre Latinoam\u00e9ricana en NY reunir\u00e1 a importantes l\u00edderes de la regi\u00f3n en su 22 edici\u00f3n"},"content":{"rendered":"<p style=\"text-align: justify;\">SANTO DOMINGO.-Este mi\u00e9rcoles se realiz\u00f3 en Santo Domingo, el lanzamiento de la XXII Cumbre Latinoam\u00e9ricana, que tendr\u00e1 lugar por primera vez en la ciudad New York, Estados Unidos, del 11 al 13 de julio de este a\u00f1o.<\/p>\n<p style=\"text-align: justify;\">El presidente de la Cumbre Latinoam\u00e9ricana, Jaime Narv\u00e1ez, sostuvo que este encuentro estima convertirse en uno de los mejores del continente, con la participaci\u00f3n de un gran n\u00famero de l\u00edderes de la vida pol\u00edtica, diplom\u00e1tica y\u00a0social de la regi\u00f3n.<\/p>\n<blockquote><p>\u00abAbordaremos varias tem\u00e1ticas que consisten en herramientas modernas para que los Gobiernos se actualicen y hagan una mejor gobernanza o tengan mejores gestiones en sus lugares de origen, ya sea en Gobernaciones,<\/p><\/blockquote>\n<p style=\"text-align: justify;\">Se\u00f1al\u00f3 que este escenario es un espacio destinado a analizar, compartir y debatir soluciones para el perfeccionamiento de pol\u00edticas p\u00fablicas, as\u00ed como lograr una democracia s\u00f3lida y participativa, transformando la vida social de los latinos participantes.<\/p>\n<p style=\"text-align: justify;\">El presidente honorario de la Cumbre, V\u00edctor Dum\u00e9, dijo que la iniciativa de llevar la Cumbre por primera vez a Nueva York, se da por ser una ciudad que re\u00fane a di\u00e1sporas de diferentes naciones de Am\u00e9rica Latina.<\/p>\n<p style=\"text-align: justify;\">Adem\u00e1s, ratific\u00f3 el compromiso de que este escenario sirva de contribuci\u00f3n para el fortalecimiento de la gesti\u00f3n p\u00fablica y la democracia en la regi\u00f3n.<\/p>\n<p style=\"text-align: justify;\"><strong>Ponentes confirmados<\/strong><\/p>\n<p style=\"text-align: justify;\"><strong>Adriano Espaillat<\/strong>, Congresista de EEUU, JJ Rendon, Estratega del Top 3 Mundial, Sergio Jos\u00e9 Gutierrez, estratega digital, David Ross, retratista pol\u00edtico del mundo, Auda Roig experta en Imagen p\u00fablica y protocolo.<\/p>\n<p style=\"text-align: justify;\">As\u00ed como <strong>V\u00edctor Jim\u00e9nez<\/strong> especialista en Foundrising, Henry Kronfle, presidente de la Asamblea Nacional de Ecuador, Niel Olsen, ministro de Turismo de Ecuador, George \u00c1lvarez representante de New York y Manfred Reyes Villa, alcalde en Bolivia y precandidato presidencial.<\/p>\n<p style=\"text-align: justify;\">La \u00faltima versi\u00f3n de la Cumbre fue muy exitosa en julio del a\u00f1o pasado en Cap-Cana, Ciudad Destino, a la mayor\u00eda de las cumbres han asistido l\u00edderes como Lu\u00eds Almagro, secretario general de la OEA; el actual presidente Luis Abinader; el expresidente mexicano, Vicente Fox; el expresidente de Bolivia, Tuto Quiroga; entre otros.<\/p>\n<p style=\"text-align: justify;\">\n<p style=\"text-align: justify;\">Fuente: Nuevo Diario<\/p>\n","protected":false},"excerpt":{"rendered":"<p>SANTO DOMINGO.-Este mi\u00e9rcoles se realiz\u00f3 en Santo Domingo, el lanzamiento de la XXII Cumbre Latinoam\u00e9ricana,<\/p>\n","protected":false},"author":2,"featured_media":0,"comment_status":"open","ping_status":"open","sticky":false,"template":"","format":"standard","meta":{"footnotes":""},"categories":[16],"tags":[],"class_list":["post-14095","post","type-post","status-publish","format-standard","hentry","category-internacionales"],"_links":{"self":[{"href":"https:\/\/defrentealaverdad.com\/index.php\/wp-json\/wp\/v2\/posts\/14095","targetHints":{"allow":["GET"]}}],"collection":[{"href":"https:\/\/defrentealaverdad.com\/index.php\/wp-json\/wp\/v2\/posts"}],"about":[{"href":"https:\/\/defrentealaverdad.com\/index.php\/wp-json\/wp\/v2\/types\/post"}],"author":[{"embeddable":true,"href":"https:\/\/defrentealaverdad.com\/index.php\/wp-json\/wp\/v2\/users\/2"}],"replies":[{"embeddable":true,"href":"https:\/\/defrentealaverdad.com\/index.php\/wp-json\/wp\/v2\/comments?post=14095"}],"version-history":[{"count":1,"href":"https:\/\/defrentealaverdad.com\/index.php\/wp-json\/wp\/v2\/posts\/14095\/revisions"}],"predecessor-version":[{"id":14096,"href":"https:\/\/defrentealaverdad.com\/index.php\/wp-json\/wp\/v2\/posts\/14095\/revisions\/14096"}],"wp:attachment":[{"href":"https:\/\/defrentealaverdad.com\/index.php\/wp-json\/wp\/v2\/media?parent=14095"}],"wp:term":[{"taxonomy":"category","embeddable":true,"href":"https:\/\/defrentealaverdad.com\/index.php\/wp-json\/wp\/v2\/categories?post=14095"},{"taxonomy":"post_tag","embeddable":true,"href":"https:\/\/defrentealaverdad.com\/index.php\/wp-json\/wp\/v2\/tags?post=14095"}],"curies":[{"name":"wp","href":"https:\/\/api.w.org\/{rel}","templated":true}]}}