{"id":13957,"date":"2024-03-20T01:09:52","date_gmt":"2024-03-20T01:09:52","guid":{"rendered":"https:\/\/defrentealaverdad.com\/?p=13957"},"modified":"2024-03-20T01:09:52","modified_gmt":"2024-03-20T01:09:52","slug":"embajada-dominicana-en-belgica-y-luxemburgo-realiza-conversatorios-sobre-salud-mental-para-la-diaspora","status":"publish","type":"post","link":"https:\/\/defrentealaverdad.com\/index.php\/2024\/03\/20\/embajada-dominicana-en-belgica-y-luxemburgo-realiza-conversatorios-sobre-salud-mental-para-la-diaspora\/","title":{"rendered":"Embajada Dominicana en B\u00e9lgica y Luxemburgo realiza conversatorios sobre salud mental para la di\u00e1spora"},"content":{"rendered":"<p style=\"text-align: justify;\">En el marco de las actividades de conmemoraci\u00f3n del D\u00eda Internacional de la Mujer, la Embajada Dominicana en B\u00e9lgica y Luxemburgo, realiz\u00f3 dos conversatorios especiales sobre salud mental dirigidos a la di\u00e1spora dominicana en estos pa\u00edses. Estos estuvieron dirigidos por la reconocida psiquiatra y terapeuta dominicana Alexandra H\u00edchez.<\/p>\n<p style=\"text-align: justify;\"><img decoding=\"async\" class=\"size-medium wp-image-13958 alignleft lazyload\" data-src=\"https:\/\/defrentealaverdad.com\/wp-content\/uploads\/2024\/03\/IMG-20240318-WA0014-225x300.jpg\" alt=\"\" width=\"225\" height=\"300\" data-srcset=\"https:\/\/defrentealaverdad.com\/wp-content\/uploads\/2024\/03\/IMG-20240318-WA0014-225x300.jpg 225w, https:\/\/defrentealaverdad.com\/wp-content\/uploads\/2024\/03\/IMG-20240318-WA0014-768x1024.jpg 768w, https:\/\/defrentealaverdad.com\/wp-content\/uploads\/2024\/03\/IMG-20240318-WA0014-1152x1536.jpg 1152w, https:\/\/defrentealaverdad.com\/wp-content\/uploads\/2024\/03\/IMG-20240318-WA0014-450x600.jpg 450w, https:\/\/defrentealaverdad.com\/wp-content\/uploads\/2024\/03\/IMG-20240318-WA0014.jpg 1200w\" data-sizes=\"(max-width: 225px) 100vw, 225px\" src=\"data:image\/svg+xml;base64,PHN2ZyB3aWR0aD0iMSIgaGVpZ2h0PSIxIiB4bWxucz0iaHR0cDovL3d3dy53My5vcmcvMjAwMC9zdmciPjwvc3ZnPg==\" style=\"--smush-placeholder-width: 225px; --smush-placeholder-aspect-ratio: 225\/300;\" \/><\/p>\n<p style=\"text-align: justify;\">Ambos eventos se enfocaron en abordar los desaf\u00edos y preocupaciones relacionados con la salud mental de la di\u00e1spora dominicana, se desarrollaron durante el fin de semana del 16-17 marzo, en el Beford Hotel de Bruselas y en el Hotel Royal de Luxemburgo.<\/p>\n<p style=\"text-align: justify;\">El objetivo de estas iniciativas fue promover la conciencia sobre la importancia de la salud mental para los migrantes dominicanos que residen en Bruselas y Luxemburgo, los cuales tuvieron la oportunidad de compartir sus experiencias y reflexiones sobre el tema.<\/p>\n<p style=\"text-align: justify;\">En sus exposiciones, la Dra. H\u00edchez ofreci\u00f3 perspectivas valiosas y consejos pr\u00e1cticos para mejorar el bienestar emocional y psicol\u00f3gico, especialmente en el contexto migratorio. Asimismo, abord\u00f3 importantes temas como el empoderamiento y la importancia de la mujer en la sociedad actual, as\u00ed como otros s\u00edntomas de riesgo psicosocial.<\/p>\n<p style=\"text-align: justify;\"><img decoding=\"async\" class=\"size-medium wp-image-13959 alignright lazyload\" data-src=\"https:\/\/defrentealaverdad.com\/wp-content\/uploads\/2024\/03\/IMG-20240318-WA0015-225x300.jpg\" alt=\"\" width=\"225\" height=\"300\" data-srcset=\"https:\/\/defrentealaverdad.com\/wp-content\/uploads\/2024\/03\/IMG-20240318-WA0015-225x300.jpg 225w, https:\/\/defrentealaverdad.com\/wp-content\/uploads\/2024\/03\/IMG-20240318-WA0015-768x1024.jpg 768w, https:\/\/defrentealaverdad.com\/wp-content\/uploads\/2024\/03\/IMG-20240318-WA0015-1152x1536.jpg 1152w, https:\/\/defrentealaverdad.com\/wp-content\/uploads\/2024\/03\/IMG-20240318-WA0015-450x600.jpg 450w, https:\/\/defrentealaverdad.com\/wp-content\/uploads\/2024\/03\/IMG-20240318-WA0015.jpg 1200w\" data-sizes=\"(max-width: 225px) 100vw, 225px\" src=\"data:image\/svg+xml;base64,PHN2ZyB3aWR0aD0iMSIgaGVpZ2h0PSIxIiB4bWxucz0iaHR0cDovL3d3dy53My5vcmcvMjAwMC9zdmciPjwvc3ZnPg==\" style=\"--smush-placeholder-width: 225px; --smush-placeholder-aspect-ratio: 225\/300;\" \/><\/p>\n<p style=\"text-align: justify;\">Las actividades se iniciaron con las palabras de bienvenida del embajador Iv\u00e1n Ogando Lora, quien expres\u00f3 su agradecimiento a todos los participantes y a la Dra. Hichez por su entusiasta disposici\u00f3n para la realizaci\u00f3n de estos conversatorios.<\/p>\n<p style=\"text-align: justify;\">El embajador Ogando Lora subray\u00f3 la importancia de atender la salud mental en la comunidad de personas migrantes, en particular, en las mujeres para quienes la migraci\u00f3n y la adaptaci\u00f3n a un nuevo pa\u00eds, en la mayor\u00eda de los casos, implica un alto costo emocional y psicol\u00f3gico.<\/p>\n<blockquote>\n<p style=\"text-align: justify;\">A\u00f1adi\u00f3 que \u201cestos conversatorios son parte del compromiso continuo de nuestra misi\u00f3n con la laboriosa comunidad dominicana en B\u00e9lgica y Luxemburgo para brindar apoyo en \u00e1reas importantes como la salud mental, que contribuyan a fortalecer los lazos de unidad y solidaridad\u201d.<\/p>\n<\/blockquote>\n<p style=\"text-align: justify;\">Estas actividades fueron realizadas con el apoyo del Ministerio de Relaciones Exteriores de la Rep\u00fablica Dominicana (MIREX) y Air Europa. Cabe resaltar la cooperaci\u00f3n de las se\u00f1oras Gloria Paniagua, Veridania Mercedes y M\u00f3rela Segura del Hotel Bedford.<\/p>\n<p>Fuente: Prensa MIREX<\/p>\n","protected":false},"excerpt":{"rendered":"<p>En el marco de las actividades de conmemoraci\u00f3n del D\u00eda Internacional de la Mujer, la<\/p>\n","protected":false},"author":4,"featured_media":0,"comment_status":"open","ping_status":"open","sticky":false,"template":"","format":"standard","meta":{"footnotes":""},"categories":[16],"tags":[],"class_list":["post-13957","post","type-post","status-publish","format-standard","hentry","category-internacionales"],"_links":{"self":[{"href":"https:\/\/defrentealaverdad.com\/index.php\/wp-json\/wp\/v2\/posts\/13957","targetHints":{"allow":["GET"]}}],"collection":[{"href":"https:\/\/defrentealaverdad.com\/index.php\/wp-json\/wp\/v2\/posts"}],"about":[{"href":"https:\/\/defrentealaverdad.com\/index.php\/wp-json\/wp\/v2\/types\/post"}],"author":[{"embeddable":true,"href":"https:\/\/defrentealaverdad.com\/index.php\/wp-json\/wp\/v2\/users\/4"}],"replies":[{"embeddable":true,"href":"https:\/\/defrentealaverdad.com\/index.php\/wp-json\/wp\/v2\/comments?post=13957"}],"version-history":[{"count":1,"href":"https:\/\/defrentealaverdad.com\/index.php\/wp-json\/wp\/v2\/posts\/13957\/revisions"}],"predecessor-version":[{"id":13960,"href":"https:\/\/defrentealaverdad.com\/index.php\/wp-json\/wp\/v2\/posts\/13957\/revisions\/13960"}],"wp:attachment":[{"href":"https:\/\/defrentealaverdad.com\/index.php\/wp-json\/wp\/v2\/media?parent=13957"}],"wp:term":[{"taxonomy":"category","embeddable":true,"href":"https:\/\/defrentealaverdad.com\/index.php\/wp-json\/wp\/v2\/categories?post=13957"},{"taxonomy":"post_tag","embeddable":true,"href":"https:\/\/defrentealaverdad.com\/index.php\/wp-json\/wp\/v2\/tags?post=13957"}],"curies":[{"name":"wp","href":"https:\/\/api.w.org\/{rel}","templated":true}]}}