{"id":1382,"date":"2022-05-28T18:43:48","date_gmt":"2022-05-28T18:43:48","guid":{"rendered":"https:\/\/defrentealaverdad.com\/?p=1382"},"modified":"2022-06-02T18:47:44","modified_gmt":"2022-06-02T18:47:44","slug":"fundacion-princesas-del-siglo-21-realizan-visita-de-cortesia-a-la-embajada-de-la-republica-popular-de-china-en-republica-dominicana","status":"publish","type":"post","link":"https:\/\/defrentealaverdad.com\/index.php\/2022\/05\/28\/fundacion-princesas-del-siglo-21-realizan-visita-de-cortesia-a-la-embajada-de-la-republica-popular-de-china-en-republica-dominicana\/","title":{"rendered":"Fundaci\u00f3n Princesas del Siglo 21 realizan visita de cortes\u00eda a la Embajada de la Rep\u00fablica Popular de China, en Republica Dominicana."},"content":{"rendered":"<p><img decoding=\"async\" class=\"alignnone size-medium wp-image-1383 lazyload\" data-src=\"https:\/\/defrentealaverdad.com\/wp-content\/uploads\/2022\/06\/WhatsApp-Image-2022-06-01-at-4.17.56-PM-300x136.jpeg\" alt=\"\" width=\"300\" height=\"136\" data-srcset=\"https:\/\/defrentealaverdad.com\/wp-content\/uploads\/2022\/06\/WhatsApp-Image-2022-06-01-at-4.17.56-PM-300x136.jpeg 300w, https:\/\/defrentealaverdad.com\/wp-content\/uploads\/2022\/06\/WhatsApp-Image-2022-06-01-at-4.17.56-PM-1024x463.jpeg 1024w, https:\/\/defrentealaverdad.com\/wp-content\/uploads\/2022\/06\/WhatsApp-Image-2022-06-01-at-4.17.56-PM-768x347.jpeg 768w, https:\/\/defrentealaverdad.com\/wp-content\/uploads\/2022\/06\/WhatsApp-Image-2022-06-01-at-4.17.56-PM.jpeg 1280w\" data-sizes=\"(max-width: 300px) 100vw, 300px\" src=\"data:image\/svg+xml;base64,PHN2ZyB3aWR0aD0iMSIgaGVpZ2h0PSIxIiB4bWxucz0iaHR0cDovL3d3dy53My5vcmcvMjAwMC9zdmciPjwvc3ZnPg==\" style=\"--smush-placeholder-width: 300px; --smush-placeholder-aspect-ratio: 300\/136;\" \/><\/p>\n<p>Una Comisi\u00f3n integrada por Gobernadoras, Alcaldesas, Vicealcaldesas y Presidentas de Sala Capitular, realizan visita de cortes\u00eda a la Embajada de la Rep\u00fablica Popular de China, en Rep\u00fablica Dominicana.<\/p>\n<p>Las damas que asistieron al encuentro, que fue coordinado por la Fundaci\u00f3n Princesas del Siglo 21, fueron recibida por su Excelencia Zhang Run, Embajador Extraordinario y Plenipotenciario de la Rep\u00fablica Popular China en Rep\u00fablica Dominicana, quien en m\u00e1s de una ocasi\u00f3n agradecido la visita de las damas, poniendo a la dispersi\u00f3n de persona y la del personal que est\u00e1 bajo su mando.<\/p>\n<p>El encuentro inici\u00f3 puntual a las 3:00 de la tarde, prolong\u00e1ndose por m\u00e1s de una hora, en un ambiente cargado de motivaciones y dispersi\u00f3n para fines acuerdo de cooperaci\u00f3n, que generen mayor hermanda, entre ambas naciones.<\/p>\n<p>En su intervenci\u00f3n Su Excelencia Zhang Run, adem\u00e1s de agradecer el interese de las damas en conocer m\u00e1s sobre China, les explico de manera resumida algunos t\u00f3picos del desarrollo social y econ\u00f3mico que tiene la mujer China, destacado que es un inter\u00e9s de su pa\u00eds aportar experiencias de desarrollo que le permitan a la Rep\u00fablica Dominicana ser un pa\u00eds como mayores buenas pr\u00e1cticas en agricultura, educaci\u00f3n.<\/p>\n<p><img decoding=\"async\" class=\"alignnone size-medium wp-image-1384 lazyload\" data-src=\"https:\/\/defrentealaverdad.com\/wp-content\/uploads\/2022\/06\/WhatsApp-Image-2022-06-01-at-4.17.56-PM-1-300x225.jpeg\" alt=\"\" width=\"300\" height=\"225\" data-srcset=\"https:\/\/defrentealaverdad.com\/wp-content\/uploads\/2022\/06\/WhatsApp-Image-2022-06-01-at-4.17.56-PM-1-300x225.jpeg 300w, https:\/\/defrentealaverdad.com\/wp-content\/uploads\/2022\/06\/WhatsApp-Image-2022-06-01-at-4.17.56-PM-1-1024x768.jpeg 1024w, https:\/\/defrentealaverdad.com\/wp-content\/uploads\/2022\/06\/WhatsApp-Image-2022-06-01-at-4.17.56-PM-1-768x576.jpeg 768w, https:\/\/defrentealaverdad.com\/wp-content\/uploads\/2022\/06\/WhatsApp-Image-2022-06-01-at-4.17.56-PM-1-720x540.jpeg 720w, https:\/\/defrentealaverdad.com\/wp-content\/uploads\/2022\/06\/WhatsApp-Image-2022-06-01-at-4.17.56-PM-1.jpeg 1280w\" data-sizes=\"(max-width: 300px) 100vw, 300px\" src=\"data:image\/svg+xml;base64,PHN2ZyB3aWR0aD0iMSIgaGVpZ2h0PSIxIiB4bWxucz0iaHR0cDovL3d3dy53My5vcmcvMjAwMC9zdmciPjwvc3ZnPg==\" style=\"--smush-placeholder-width: 300px; --smush-placeholder-aspect-ratio: 300\/225;\" \/><\/p>\n<p>Por su parte, las damas acompa\u00f1adas de la Presidenta de la Fundaci\u00f3n Princesas 21, Licenciada Celines Madera, pudieron expresar sus ideas al se\u00f1or Embajador Run, de los atractivos que tienen cada comunidad.<\/p>\n<p>Entre las damas que formaron la comisi\u00f3n de visita a la embajada estuvieron: Las Yolanda Jacobo Vicealcaldesa, San Pedro de Macor\u00eds; Reyna Ferrera Vicealcaldesa, Provincia la Descubierta; Kelly Pati\u00f1o Vicealcaldesa Provincia La Vega, Mar\u00eda Matos, Vicepresidenta Fundaci\u00f3n PS-21 5; Reyna Ferrera Vicealcaldesa Provincia la Descubierta; Angela Rivera, Vicealcaldesa Ver\u00f3n Punta Cana; Jaqueline Brito, Gobernadora Provincia la Romana; Yasiris Concepci\u00f3n, Vicealcaldes del Municipio de los Alcarrizo; Rafaela Javier, Gobernadora Provincia Monte Plata; Mar\u00eda Ortiz, Alcaldesa Municipio Salcedo; Adalgisa Medrano, Vicealcaldesa Municipio el Lim\u00f3n; Amparo Torres, Vicealcaldesa Municipio de Sabana Grande Boya;\u00a0 Gelyn Mart\u00ednez, Vicealcaldesa Municipio de Moca; Mar\u00eda Le\u00f3n Castro, Vicealcaldesa del Municipio de Boca Chica; Violeta Mart\u00ednez, Vicepresidenta de la Fundaci\u00f3n Princesas del Siglo 21; Crismerlyn Pinales, Regidora Municipio Santo Domingo Oeste; Celines Madera, Presidenta de la Fundaci\u00f3n Princesas del Siglo 21<\/p>\n<p>&nbsp;<\/p>\n<p>Fuente: Fernando Gomez (Asesor de la Fundaci\u00f3n P21)<\/p>\n","protected":false},"excerpt":{"rendered":"<p>Una Comisi\u00f3n integrada por Gobernadoras, Alcaldesas, Vicealcaldesas y Presidentas de Sala Capitular, realizan visita de<\/p>\n","protected":false},"author":1,"featured_media":0,"comment_status":"open","ping_status":"open","sticky":false,"template":"","format":"standard","meta":{"footnotes":""},"categories":[7],"tags":[],"class_list":["post-1382","post","type-post","status-publish","format-standard","hentry","category-nacionales"],"_links":{"self":[{"href":"https:\/\/defrentealaverdad.com\/index.php\/wp-json\/wp\/v2\/posts\/1382","targetHints":{"allow":["GET"]}}],"collection":[{"href":"https:\/\/defrentealaverdad.com\/index.php\/wp-json\/wp\/v2\/posts"}],"about":[{"href":"https:\/\/defrentealaverdad.com\/index.php\/wp-json\/wp\/v2\/types\/post"}],"author":[{"embeddable":true,"href":"https:\/\/defrentealaverdad.com\/index.php\/wp-json\/wp\/v2\/users\/1"}],"replies":[{"embeddable":true,"href":"https:\/\/defrentealaverdad.com\/index.php\/wp-json\/wp\/v2\/comments?post=1382"}],"version-history":[{"count":1,"href":"https:\/\/defrentealaverdad.com\/index.php\/wp-json\/wp\/v2\/posts\/1382\/revisions"}],"predecessor-version":[{"id":1385,"href":"https:\/\/defrentealaverdad.com\/index.php\/wp-json\/wp\/v2\/posts\/1382\/revisions\/1385"}],"wp:attachment":[{"href":"https:\/\/defrentealaverdad.com\/index.php\/wp-json\/wp\/v2\/media?parent=1382"}],"wp:term":[{"taxonomy":"category","embeddable":true,"href":"https:\/\/defrentealaverdad.com\/index.php\/wp-json\/wp\/v2\/categories?post=1382"},{"taxonomy":"post_tag","embeddable":true,"href":"https:\/\/defrentealaverdad.com\/index.php\/wp-json\/wp\/v2\/tags?post=1382"}],"curies":[{"name":"wp","href":"https:\/\/api.w.org\/{rel}","templated":true}]}}