{"id":1372,"date":"2022-06-01T16:03:25","date_gmt":"2022-06-01T16:03:25","guid":{"rendered":"https:\/\/defrentealaverdad.com\/?p=1372"},"modified":"2022-06-02T16:04:03","modified_gmt":"2022-06-02T16:04:03","slug":"premios-el-galardon-internacional-vuela-por-todo-lo-alto-en-orlando-florida","status":"publish","type":"post","link":"https:\/\/defrentealaverdad.com\/index.php\/2022\/06\/01\/premios-el-galardon-internacional-vuela-por-todo-lo-alto-en-orlando-florida\/","title":{"rendered":"Premios El Galard\u00f3n Internacional vuela por todo lo alto en Orlando Florida"},"content":{"rendered":"<p><img decoding=\"async\" class=\"alignnone size-medium wp-image-1373 lazyload\" data-src=\"https:\/\/defrentealaverdad.com\/wp-content\/uploads\/2022\/06\/Danny-Berrios-y-Danny-Ramires-Presidente-de-Premios-el-Galardon-e1653969981332-678x381-1-300x169.jpeg\" alt=\"\" width=\"300\" height=\"169\" data-srcset=\"https:\/\/defrentealaverdad.com\/wp-content\/uploads\/2022\/06\/Danny-Berrios-y-Danny-Ramires-Presidente-de-Premios-el-Galardon-e1653969981332-678x381-1-300x169.jpeg 300w, https:\/\/defrentealaverdad.com\/wp-content\/uploads\/2022\/06\/Danny-Berrios-y-Danny-Ramires-Presidente-de-Premios-el-Galardon-e1653969981332-678x381-1.jpeg 678w\" data-sizes=\"(max-width: 300px) 100vw, 300px\" src=\"data:image\/svg+xml;base64,PHN2ZyB3aWR0aD0iMSIgaGVpZ2h0PSIxIiB4bWxucz0iaHR0cDovL3d3dy53My5vcmcvMjAwMC9zdmciPjwvc3ZnPg==\" style=\"--smush-placeholder-width: 300px; --smush-placeholder-aspect-ratio: 300\/169;\" \/><\/p>\n<p>En su tercera edici\u00f3n internacional Premios El Galard\u00f3n se consolid\u00f3 y vol\u00f3 por todo lo alto el pasado lunes 16 de mayo, en el Auditorio The Epicenter de Orlando, Florida.<\/p>\n<p>Su eslogan \u00a1La Fiesta de Todos! se hizo evidente al contar con la presencia de artistas y comunicadores de diversos pa\u00edses: Colombia, Venezuela, Per\u00fa, Cuba, Puerto Rico, Argentina, Costa Rica, Guatemala, Panam\u00e1, Ecuador, Chile, El Salvador, Espa\u00f1a, Estados Unidos y por supuesto Rep\u00fablica Dominicana donde todo empez\u00f3.<\/p>\n<p>Danny Ram\u00edrez, CEO, presidente fundador de Premios El Galard\u00f3n, agradeci\u00f3 a Dios por su respaldo y a todos los hombres y mujeres de la fe que se han identificado con la visi\u00f3n de honrar a cantantes y comunicadores de Hispanoam\u00e9rica.<\/p>\n<p>\u00abDe manera muy especial y particular quiero agradecer a los pastores Jon Montalban y Michelle Kury junto a su extraordinario equipo, y al mismo tiempo a los ejecutivos del Auditorio The Epicenter, por ser instrumentos del Se\u00f1or para viabilizar la celebraci\u00f3n de este a\u00f1o\u00bb, expres\u00f3 en sus palabras Ram\u00edrez.<\/p>\n<p><img decoding=\"async\" class=\"alignnone size-medium wp-image-1374 lazyload\" data-src=\"https:\/\/defrentealaverdad.com\/wp-content\/uploads\/2022\/06\/Vico-C-En-Premios-Galardon-1-1024x682-1-300x200.jpeg\" alt=\"\" width=\"300\" height=\"200\" data-srcset=\"https:\/\/defrentealaverdad.com\/wp-content\/uploads\/2022\/06\/Vico-C-En-Premios-Galardon-1-1024x682-1-300x200.jpeg 300w, https:\/\/defrentealaverdad.com\/wp-content\/uploads\/2022\/06\/Vico-C-En-Premios-Galardon-1-1024x682-1-768x512.jpeg 768w, https:\/\/defrentealaverdad.com\/wp-content\/uploads\/2022\/06\/Vico-C-En-Premios-Galardon-1-1024x682-1.jpeg 1024w\" data-sizes=\"(max-width: 300px) 100vw, 300px\" src=\"data:image\/svg+xml;base64,PHN2ZyB3aWR0aD0iMSIgaGVpZ2h0PSIxIiB4bWxucz0iaHR0cDovL3d3dy53My5vcmcvMjAwMC9zdmciPjwvc3ZnPg==\" style=\"--smush-placeholder-width: 300px; --smush-placeholder-aspect-ratio: 300\/200;\" \/><\/p>\n<p>Con la coordinaci\u00f3n de \u00c1gueda Su\u00e1rez, se dieron a conocer los ganadores en las 26 categor\u00edas, bajo la responsabilidad de la Academia Cristiana de Cronistas de Arte (ACCRA), se reconocieron al Dr. Williams Medrano y al locutor Miguel Arias, por su solidaridad y su trayectoria, respectivamente, entregados por el Obispo Elvis Samuel Medina y el comunicador Alexis Rodr\u00edguez miembro de la academia.<\/p>\n<p>Los momentos m\u00e1s emotivos de la gran noche, el homenaje por los 40 a\u00f1os del ministerio de Danny Berr\u00edos, musical interpretado por Luper\u00f3n Ram\u00edrez, \u00c1ngel David, Mario Lat\u00edn, y Adonay Fabal, asimismo se reconoci\u00f3 la trascendente trayectoria de Luis Armando Lozada (Vico C); segmento interpretando Henry G, Bala C, El\u00edas Revolucionario, Jona Music, y Light Ram\u00edrez, ambos subieron al escenario y cantaron emocionados.<\/p>\n<p>El evento fue conducido por la comunicadora Stephanny P\u00e9rez, con un Pre-show a cargo de Max Acosta; y contando con la participaci\u00f3n art\u00edstica de Jadi Torrez, Fer Ariza, Alexia Montoya, Andy &amp; Rosanna, Elio Alcindor, Romi Ram, Ariel Ram\u00edrez y Dmand El cient\u00edfico. La pr\u00f3xima parada de Premios El Galard\u00f3n ser\u00e1 en San Juan Puerto Rico, para reconocer el talento de los cantantes y comunicadores de La Isla del Cordero, confirm\u00f3 el se\u00f1or Ram\u00edrez.<\/p>\n<p><strong>LISTA OFICIAL DE GANADORES PREMIOS EL GALARD\u00d3N INTERNACIONAL ORLANDO 2022.<\/strong><\/p>\n<ol type=\"1\">\n<li><strong>Canci\u00f3n del a\u00f1o<\/strong><\/li>\n<\/ol>\n<p>Derramo el Perfume \/<strong>\u00a0<\/strong>Montesanto \/ Averly Morillo<\/p>\n<ol start=\"2\" type=\"1\">\n<li><strong>album musical \u00a0<\/strong><\/li>\n<\/ol>\n<p>MI HOGAR \/<strong>\u00a0<\/strong>SHAMMAI<\/p>\n<ol start=\"3\" type=\"1\">\n<li><strong>ALBUM M\u00daSICA URBANA<\/strong><\/li>\n<\/ol>\n<p>UNO<strong>\/\u00a0<\/strong>Alex Zurdo \/ Funky \/ Redimi2<\/p>\n<ol start=\"4\" type=\"1\">\n<li><strong>Colaboraci\u00f3n urbana<\/strong><\/li>\n<\/ol>\n<p><strong>Comprometidos \/\u00a0<\/strong>Casdapro \/ Henry G El Decano \/ Varios Artistas<\/p>\n<ol start=\"5\" type=\"1\">\n<li><strong>CANTANTE MASCULINO<\/strong><\/li>\n<\/ol>\n<p>GILBERTO DAZA<\/p>\n<ol start=\"6\" type=\"1\">\n<li><strong>CANTANTE FEMENINA<\/strong><\/li>\n<\/ol>\n<p>ana grace<\/p>\n<ol start=\"7\" type=\"1\">\n<li><strong>CANTANTE FEMENINA UrbaNA<\/strong><\/li>\n<\/ol>\n<p>Lizzy Parra<\/p>\n<ol start=\"8\" type=\"1\">\n<li><strong>cantante masculino urbano\u00a0\u00a0<\/strong><\/li>\n<\/ol>\n<p>Ariel Ram\u00cdreZ<\/p>\n<ol start=\"9\" type=\"1\">\n<li><strong>Grupo MUSICA Alternativa<\/strong><\/li>\n<\/ol>\n<p>la reforma<\/p>\n<ol start=\"10\" type=\"1\">\n<li><strong>GRUPO O DUO URBANO<\/strong><\/li>\n<\/ol>\n<p>SION NACION SANTA<\/p>\n<ol start=\"11\" type=\"1\">\n<li><strong>D\u00daO MUSICA GOSPEL<\/strong><\/li>\n<\/ol>\n<p>Mariannah &amp; Diego<\/p>\n<ol start=\"12\" type=\"1\">\n<li><strong>grupo musica gospel<\/strong><\/li>\n<\/ol>\n<p>grace<\/p>\n<ol start=\"13\" type=\"1\">\n<li><strong>INTERPRETE M\u00daSICA Alternativa<\/strong><\/li>\n<\/ol>\n<p>FER ARIZA<\/p>\n<ol start=\"14\" type=\"1\">\n<li><strong>Revelaci\u00f3n femenina<\/strong><\/li>\n<\/ol>\n<p>Alexia Montoya<\/p>\n<ol start=\"15\" type=\"1\">\n<li><strong>revelaci\u00d3n\u00a0<\/strong><strong>masculino<\/strong><\/li>\n<\/ol>\n<p>ADONAY FABAL<\/p>\n<ol start=\"16\" type=\"1\">\n<li><strong>Revelaci\u00f3n Urbano \u00a0<\/strong><\/li>\n<\/ol>\n<p>LIGHT RAMIREZ<\/p>\n<ol start=\"17\" type=\"1\">\n<li><strong>Productor musicaL<\/strong><\/li>\n<\/ol>\n<p>Douglas D\u2019Lima<\/p>\n<ol start=\"18\" type=\"1\">\n<li><strong>Productor musica urbana\u00a0<\/strong><\/li>\n<\/ol>\n<p>TONES \u00abEL DE LA QUIMICA<\/p>\n<ol start=\"19\" type=\"1\">\n<li><strong>INTERPRETE REGIONAL TROPICAL<\/strong><\/li>\n<\/ol>\n<p>Vikki Romero<\/p>\n<ol start=\"20\" type=\"1\">\n<li><strong>Video musical \u00a0<\/strong><strong>\u00a0<\/strong><\/li>\n<\/ol>\n<p>T\u00da CONMIGO EST\u00c1S \/ REDIMI2 \/ ABBY VALDEZ<\/p>\n<ol start=\"21\" type=\"1\">\n<li><strong>Video musical URBANO<\/strong><\/li>\n<\/ol>\n<p>Desahogo \/JADI Torres ft. Fern \/ DIRECTOR: RHYAN LAMARR<\/p>\n<ol start=\"22\" type=\"1\">\n<li><strong>LOCUTOR RADIO<\/strong><\/li>\n<\/ol>\n<p>FABIO CRIALES<\/p>\n<ol start=\"23\" type=\"1\">\n<li><strong>LOCUTORA RADIO<\/strong><\/li>\n<\/ol>\n<p>FABIOLA ROMERO<\/p>\n<ol start=\"24\" type=\"1\">\n<li><strong>PROGRAMA DE RADIO &amp; ONLINE<\/strong><\/li>\n<\/ol>\n<p>CU\u00c9NTAMELO TODO: MONICA ORTIZ &amp; MIGUEL MONTES<\/p>\n<ol start=\"25\" type=\"1\">\n<li><strong>PROGRAMA DE TELEVISION &amp; DIGITAL<\/strong><\/li>\n<\/ol>\n<p>FAMILIA ACTIVA \/ ANDREA &amp; ALVARO GOMEZ<\/p>\n<ol start=\"26\" type=\"1\">\n<li><strong>PORTALES NOTICIAS DIGITALES<\/strong><\/li>\n<\/ol>\n<p>&nbsp;<\/p>\n<p>Fuente: CONTEXTO MEDIA GROUP<\/p>\n","protected":false},"excerpt":{"rendered":"<p>En su tercera edici\u00f3n internacional Premios El Galard\u00f3n se consolid\u00f3 y vol\u00f3 por todo lo<\/p>\n","protected":false},"author":2,"featured_media":0,"comment_status":"open","ping_status":"open","sticky":false,"template":"","format":"standard","meta":{"footnotes":""},"categories":[6,16],"tags":[],"class_list":["post-1372","post","type-post","status-publish","format-standard","hentry","category-espectaculos","category-internacionales"],"_links":{"self":[{"href":"https:\/\/defrentealaverdad.com\/index.php\/wp-json\/wp\/v2\/posts\/1372","targetHints":{"allow":["GET"]}}],"collection":[{"href":"https:\/\/defrentealaverdad.com\/index.php\/wp-json\/wp\/v2\/posts"}],"about":[{"href":"https:\/\/defrentealaverdad.com\/index.php\/wp-json\/wp\/v2\/types\/post"}],"author":[{"embeddable":true,"href":"https:\/\/defrentealaverdad.com\/index.php\/wp-json\/wp\/v2\/users\/2"}],"replies":[{"embeddable":true,"href":"https:\/\/defrentealaverdad.com\/index.php\/wp-json\/wp\/v2\/comments?post=1372"}],"version-history":[{"count":1,"href":"https:\/\/defrentealaverdad.com\/index.php\/wp-json\/wp\/v2\/posts\/1372\/revisions"}],"predecessor-version":[{"id":1375,"href":"https:\/\/defrentealaverdad.com\/index.php\/wp-json\/wp\/v2\/posts\/1372\/revisions\/1375"}],"wp:attachment":[{"href":"https:\/\/defrentealaverdad.com\/index.php\/wp-json\/wp\/v2\/media?parent=1372"}],"wp:term":[{"taxonomy":"category","embeddable":true,"href":"https:\/\/defrentealaverdad.com\/index.php\/wp-json\/wp\/v2\/categories?post=1372"},{"taxonomy":"post_tag","embeddable":true,"href":"https:\/\/defrentealaverdad.com\/index.php\/wp-json\/wp\/v2\/tags?post=1372"}],"curies":[{"name":"wp","href":"https:\/\/api.w.org\/{rel}","templated":true}]}}