{"id":1366,"date":"2022-06-02T16:01:08","date_gmt":"2022-06-02T16:01:08","guid":{"rendered":"https:\/\/defrentealaverdad.com\/?p=1366"},"modified":"2022-06-02T16:05:39","modified_gmt":"2022-06-02T16:05:39","slug":"jovenes-abarrotan-zona-oriental-con-palabras-de-vida","status":"publish","type":"post","link":"https:\/\/defrentealaverdad.com\/index.php\/2022\/06\/02\/jovenes-abarrotan-zona-oriental-con-palabras-de-vida\/","title":{"rendered":"J\u00f3venes abarrotan zona oriental con palabras de vida"},"content":{"rendered":"<p><img decoding=\"async\" class=\"alignnone size-medium wp-image-1367 lazyload\" data-src=\"https:\/\/defrentealaverdad.com\/wp-content\/uploads\/2022\/06\/WhatsApp-Image-2022-06-01-at-3.56.41-PM-2-300x169.jpeg\" alt=\"\" width=\"300\" height=\"169\" data-srcset=\"https:\/\/defrentealaverdad.com\/wp-content\/uploads\/2022\/06\/WhatsApp-Image-2022-06-01-at-3.56.41-PM-2-300x169.jpeg 300w, https:\/\/defrentealaverdad.com\/wp-content\/uploads\/2022\/06\/WhatsApp-Image-2022-06-01-at-3.56.41-PM-2-1024x578.jpeg 1024w, https:\/\/defrentealaverdad.com\/wp-content\/uploads\/2022\/06\/WhatsApp-Image-2022-06-01-at-3.56.41-PM-2-768x433.jpeg 768w, https:\/\/defrentealaverdad.com\/wp-content\/uploads\/2022\/06\/WhatsApp-Image-2022-06-01-at-3.56.41-PM-2-800x450.jpeg 800w, https:\/\/defrentealaverdad.com\/wp-content\/uploads\/2022\/06\/WhatsApp-Image-2022-06-01-at-3.56.41-PM-2.jpeg 1280w\" data-sizes=\"(max-width: 300px) 100vw, 300px\" src=\"data:image\/svg+xml;base64,PHN2ZyB3aWR0aD0iMSIgaGVpZ2h0PSIxIiB4bWxucz0iaHR0cDovL3d3dy53My5vcmcvMjAwMC9zdmciPjwvc3ZnPg==\" style=\"--smush-placeholder-width: 300px; --smush-placeholder-aspect-ratio: 300\/169;\" \/><\/p>\n<p>Con presentaciones art\u00edsticas y un despliegue de talento de una juventud decidida a marca positivamente esta generaci\u00f3n con palabras de vida, los j\u00f3venes de \u201cFollow Jesus CCSV\u201d celebraron su segundo encuentro, esta vez junto al ministerio \u201cJ\u00f3venes de Esencia\u201d, teniendo como epicentro el Parque Juan Pablo II, ubicado en la avenida venezuela, Santo Domingo Este.<\/p>\n<p>Desde hace unos meses,\u00a0<b><i>\u201cFollow Jes\u00fas CCSV\u201d,\u00a0<\/i><\/b>un ministerio de j\u00f3venes cristianos est\u00e1 revolucionando las redes sociales as\u00ed como parques, auditorios y lugares de entretenimiento haciendo eco de que si la juventud no quiere ir a la iglesia y acercarse a Cristo, Cristo y su iglesia ir\u00e1n a ellos.<br \/>\n<img decoding=\"async\" class=\"alignnone size-medium wp-image-1368 lazyload\" data-src=\"https:\/\/defrentealaverdad.com\/wp-content\/uploads\/2022\/06\/WhatsApp-Image-2022-06-01-at-3.56.41-PM-1-1-300x169.jpeg\" alt=\"\" width=\"300\" height=\"169\" data-srcset=\"https:\/\/defrentealaverdad.com\/wp-content\/uploads\/2022\/06\/WhatsApp-Image-2022-06-01-at-3.56.41-PM-1-1-300x169.jpeg 300w, https:\/\/defrentealaverdad.com\/wp-content\/uploads\/2022\/06\/WhatsApp-Image-2022-06-01-at-3.56.41-PM-1-1-1024x578.jpeg 1024w, https:\/\/defrentealaverdad.com\/wp-content\/uploads\/2022\/06\/WhatsApp-Image-2022-06-01-at-3.56.41-PM-1-1-768x433.jpeg 768w, https:\/\/defrentealaverdad.com\/wp-content\/uploads\/2022\/06\/WhatsApp-Image-2022-06-01-at-3.56.41-PM-1-1-800x450.jpeg 800w, https:\/\/defrentealaverdad.com\/wp-content\/uploads\/2022\/06\/WhatsApp-Image-2022-06-01-at-3.56.41-PM-1-1.jpeg 1280w\" data-sizes=\"(max-width: 300px) 100vw, 300px\" src=\"data:image\/svg+xml;base64,PHN2ZyB3aWR0aD0iMSIgaGVpZ2h0PSIxIiB4bWxucz0iaHR0cDovL3d3dy53My5vcmcvMjAwMC9zdmciPjwvc3ZnPg==\" style=\"--smush-placeholder-width: 300px; --smush-placeholder-aspect-ratio: 300\/169;\" \/><br \/>\nTenemos clara nuestra misi\u00f3n y es anunciar a todo joven la venida de Cristo pues todas las se\u00f1ales est\u00e1n cumplidas y esta generaci\u00f3n necesita saberlo -, fueron las palabras de los l\u00edderes del movimiento, el joven Jonathan Aracena y la Dra. Chanel de la cruz quienes junto a un equipo de j\u00f3venes de diversas edades, estratos sociales y talentos salen a las calles a proclamar salvaci\u00f3n.<\/p>\n<p>Los j\u00f3venes del movimiento han manifestado que continuar\u00e1 con su programa de actividades presenciales y sus encuentros virtuales, a fin de alcanzar m\u00e1s j\u00f3venes y familias que se sumen a esta loable misi\u00f3n.<br \/>\n<img decoding=\"async\" class=\"alignnone size-medium wp-image-1370 lazyload\" data-src=\"https:\/\/defrentealaverdad.com\/wp-content\/uploads\/2022\/06\/WhatsApp-Image-2022-06-01-at-3.56.42-PM-1-300x169.jpeg\" alt=\"\" width=\"300\" height=\"169\" data-srcset=\"https:\/\/defrentealaverdad.com\/wp-content\/uploads\/2022\/06\/WhatsApp-Image-2022-06-01-at-3.56.42-PM-1-300x169.jpeg 300w, https:\/\/defrentealaverdad.com\/wp-content\/uploads\/2022\/06\/WhatsApp-Image-2022-06-01-at-3.56.42-PM-1-1024x578.jpeg 1024w, https:\/\/defrentealaverdad.com\/wp-content\/uploads\/2022\/06\/WhatsApp-Image-2022-06-01-at-3.56.42-PM-1-768x433.jpeg 768w, https:\/\/defrentealaverdad.com\/wp-content\/uploads\/2022\/06\/WhatsApp-Image-2022-06-01-at-3.56.42-PM-1-800x450.jpeg 800w, https:\/\/defrentealaverdad.com\/wp-content\/uploads\/2022\/06\/WhatsApp-Image-2022-06-01-at-3.56.42-PM-1.jpeg 1280w\" data-sizes=\"(max-width: 300px) 100vw, 300px\" src=\"data:image\/svg+xml;base64,PHN2ZyB3aWR0aD0iMSIgaGVpZ2h0PSIxIiB4bWxucz0iaHR0cDovL3d3dy53My5vcmcvMjAwMC9zdmciPjwvc3ZnPg==\" style=\"--smush-placeholder-width: 300px; --smush-placeholder-aspect-ratio: 300\/169;\" \/><br \/>\nTambi\u00e9n extienden la invitaci\u00f3n a todos aquellos interesados en ser parte de esta visi\u00f3n, para que puedan seguirles en las redes sociales del ministerio<i>\u00a0(@followjesusccsv_)\u00a0<\/i>o contactar con las oficinas del Ministerio Internacional Soplo de Vida, casa espiritual del ministerio a trav\u00e9s del 809-508-7788.<\/p>\n<p>&nbsp;<\/p>\n<p>Fuente: Equipo de Comunicaci\u00f3n Follow Jesus CCSV<\/p>\n","protected":false},"excerpt":{"rendered":"<p>Con presentaciones art\u00edsticas y un despliegue de talento de una juventud decidida a marca positivamente<\/p>\n","protected":false},"author":2,"featured_media":0,"comment_status":"open","ping_status":"open","sticky":false,"template":"","format":"standard","meta":{"footnotes":""},"categories":[7],"tags":[],"class_list":["post-1366","post","type-post","status-publish","format-standard","hentry","category-nacionales"],"_links":{"self":[{"href":"https:\/\/defrentealaverdad.com\/index.php\/wp-json\/wp\/v2\/posts\/1366","targetHints":{"allow":["GET"]}}],"collection":[{"href":"https:\/\/defrentealaverdad.com\/index.php\/wp-json\/wp\/v2\/posts"}],"about":[{"href":"https:\/\/defrentealaverdad.com\/index.php\/wp-json\/wp\/v2\/types\/post"}],"author":[{"embeddable":true,"href":"https:\/\/defrentealaverdad.com\/index.php\/wp-json\/wp\/v2\/users\/2"}],"replies":[{"embeddable":true,"href":"https:\/\/defrentealaverdad.com\/index.php\/wp-json\/wp\/v2\/comments?post=1366"}],"version-history":[{"count":1,"href":"https:\/\/defrentealaverdad.com\/index.php\/wp-json\/wp\/v2\/posts\/1366\/revisions"}],"predecessor-version":[{"id":1371,"href":"https:\/\/defrentealaverdad.com\/index.php\/wp-json\/wp\/v2\/posts\/1366\/revisions\/1371"}],"wp:attachment":[{"href":"https:\/\/defrentealaverdad.com\/index.php\/wp-json\/wp\/v2\/media?parent=1366"}],"wp:term":[{"taxonomy":"category","embeddable":true,"href":"https:\/\/defrentealaverdad.com\/index.php\/wp-json\/wp\/v2\/categories?post=1366"},{"taxonomy":"post_tag","embeddable":true,"href":"https:\/\/defrentealaverdad.com\/index.php\/wp-json\/wp\/v2\/tags?post=1366"}],"curies":[{"name":"wp","href":"https:\/\/api.w.org\/{rel}","templated":true}]}}