{"id":1363,"date":"2022-06-01T15:56:41","date_gmt":"2022-06-01T15:56:41","guid":{"rendered":"https:\/\/defrentealaverdad.com\/?p=1363"},"modified":"2022-06-02T16:06:11","modified_gmt":"2022-06-02T16:06:11","slug":"aenor-dominicana-lanza-encuentros-tematicos-conversaenor-para-analizar-tendencias-del-sector-empresarial-e-institucional","status":"publish","type":"post","link":"https:\/\/defrentealaverdad.com\/index.php\/2022\/06\/01\/aenor-dominicana-lanza-encuentros-tematicos-conversaenor-para-analizar-tendencias-del-sector-empresarial-e-institucional\/","title":{"rendered":"AENOR Dominicana lanza encuentros tem\u00e1ticos ConversAENOR para analizar tendencias del sector empresarial e institucional"},"content":{"rendered":"<p>En el marco del D\u00eda Mundial del Medio Ambiente, el primer encuentro se realiz\u00f3 bajo el tema \u201cDescarbonizando la actividad empresarial\u201d.<\/p>\n<p><img decoding=\"async\" class=\"alignnone size-medium wp-image-1364 lazyload\" data-src=\"https:\/\/defrentealaverdad.com\/wp-content\/uploads\/2022\/06\/WhatsApp-Image-2022-06-01-at-3.31.36-PM-300x200.jpeg\" alt=\"\" width=\"300\" height=\"200\" data-srcset=\"https:\/\/defrentealaverdad.com\/wp-content\/uploads\/2022\/06\/WhatsApp-Image-2022-06-01-at-3.31.36-PM-300x200.jpeg 300w, https:\/\/defrentealaverdad.com\/wp-content\/uploads\/2022\/06\/WhatsApp-Image-2022-06-01-at-3.31.36-PM-1024x682.jpeg 1024w, https:\/\/defrentealaverdad.com\/wp-content\/uploads\/2022\/06\/WhatsApp-Image-2022-06-01-at-3.31.36-PM-768x512.jpeg 768w, https:\/\/defrentealaverdad.com\/wp-content\/uploads\/2022\/06\/WhatsApp-Image-2022-06-01-at-3.31.36-PM.jpeg 1430w\" data-sizes=\"(max-width: 300px) 100vw, 300px\" src=\"data:image\/svg+xml;base64,PHN2ZyB3aWR0aD0iMSIgaGVpZ2h0PSIxIiB4bWxucz0iaHR0cDovL3d3dy53My5vcmcvMjAwMC9zdmciPjwvc3ZnPg==\" style=\"--smush-placeholder-width: 300px; --smush-placeholder-aspect-ratio: 300\/200;\" \/><\/p>\n<p>Santo Domingo. &#8211; A prop\u00f3sito de la celebraci\u00f3n del D\u00eda Mundial del Medio Ambiente, este pr\u00f3ximo 5 de junio, AENOR Dominicana realiz\u00f3 el primero de los encuentros tem\u00e1ticos ConversAENOR que tuvo como tema central la gesti\u00f3n de la huella de carbono en la actividad empresarial.<\/p>\n<p>Sobre el evento, Ariel Espejo, director pa\u00eds de AENOR Dominicana, explic\u00f3 que, \u201cen el marco de la ambici\u00f3n clim\u00e1tica de la Rep\u00fablica Dominicana, que busca alcanzar a 2050 la neutralidad de carbono y la reducci\u00f3n del 27% de las emisiones de GEI al 2030, consideramos prioritario que nuestro primer encuentro sea sobre la gesti\u00f3n de la huella de carbono\u201d.<\/p>\n<p>Adem\u00e1s, Espejo expres\u00f3 que \u201chemos analizado las preocupaciones actuales de la sociedad y sus necesidades, conect\u00e1ndolo con aquellos sectores a los que, desde AENOR, vamos a dar respuesta especializada\u201d.<\/p>\n<p>El encuentro sirvi\u00f3 de escenario para la conferencia magistral titulada \u201cOportunidades que la descarbonizaci\u00f3n ofrece al tejido empresarial\u201d, a cargo del experto espa\u00f1ol y m\u00e1nager de sostenibilidad de AENOR, Jos\u00e9 Magro Gonz\u00e1lez.<\/p>\n<p>Asimismo, cont\u00f3 con un panel titulado \u201cRuta hacia la carbono neutralidad: experiencias de sectores claves de la econom\u00eda nacional\u201d, donde fueron expuestas experiencias locales sobre la gesti\u00f3n de la huella de carbono.<\/p>\n<p><strong>Soluciones AENOR<\/strong><\/p>\n<p>Desde la Plataforma de Confianza \u201cDescarbonizando la actividad empresarial\u201d se integran las soluciones de AENOR para el c\u00e1lculo, reducci\u00f3n, compensaci\u00f3n y neutralidad de la huella de carbono, ya sea a nivel de producto\/servicio, organizaci\u00f3n o eventos.<\/p>\n<p>La experiencia de AENOR en este tema se refleja en algunos casos de \u00e9xito como Envase carbono neutro de Central Lechera Asturiana, Certificaci\u00f3n Evento Carbono Neutral del Open International Tenis de Valencia, Certificaci\u00f3n del Festival de M\u00e1laga en Carbono Neutral, entre otros.<\/p>\n<p><strong>An\u00e1lisis y Tendencias<\/strong><\/p>\n<p>Durante la conferencia a cargo del manager de sostenibilidad de AENOR , Jos\u00e9 Magro Gonz\u00e1lez,\u00a0 explic\u00f3\u00a0 que la necesidad de la descarbonizaci\u00f3n de la actividad empresarial es una realidad demandada por los gobiernos, sociedad, sectores, entre otros.<\/p>\n<p>Indic\u00f3 que el contexto actual ofrece oportunidades al tejido empresarial para lograr una econom\u00eda global que consiga la neutralidad clim\u00e1tica; en este orden destac\u00f3 los combustibles sostenibles para aviaci\u00f3n derivados de materias primas diferentes del petr\u00f3leo.<\/p>\n<p>\u201cEn AENOR, disponemos de una serie de soluciones modulables, bajo el com\u00fan denominador de la verificaci\u00f3n de gases de efecto invernadero que respaldan el c\u00e1lculo, reducci\u00f3n y compensaci\u00f3n de las emisiones hasta la obtenci\u00f3n de la neutralidad en carbono tanto de organizaciones como de productos\u201d, dijo.<\/p>\n<p>Desde la perspectiva local, el panel estuvo conformado por Jimmy Aybar en representaci\u00f3n del Consorcio Energ\u00e9tico Punta Cana \u2013 Macao (CEPM); Katherine J. Hilario de la Corporaci\u00f3n Minera Dominicana (CORMIDOM), y Antony Araya de Cementos PANAM, compartieron las iniciativas que desde sus empresas llevan a cabo para mitigar, reducir o compensar la huella de carbono, producto de sus actividades.<\/p>\n<p>Como buena pr\u00e1ctica y una reafirmaci\u00f3n del compromiso de AENOR con la sostenibilidad, al finalizar el evento,\u00a0 Edison Santos, presidente de Emprendimiento Sostenible, calcul\u00f3 la huella de carbono generada por la actividad y c\u00f3mo AENOR la va a compensar.<\/p>\n<p>Indic\u00f3 que la huella generada del evento fue de 128 kg de\u00a0 carbono y que el 45% de la misma ya fue compensada en los primeros cinco meses del a\u00f1o por contar con proveedores sostenibles\u00a0 en el sector de transporte ;\u00a0 a\u00f1adi\u00f3\u00a0 que el 55% restante se compensar\u00e1 en el resto del a\u00f1o utilizando los servicios del mismo proveedor para terminar de hacer carbono neutral la huella del evento.<\/p>\n<p>De igual modo,\u00a0\u00a0 Santos exhort\u00f3 a las empresas\u00a0 \u201cque es recomendable crear un portafolio\u00a0 de negocios que disminuya las emisiones de carbono, de forma tal que\u00a0\u00a0 con su mismo presupuesto de gastos puedan encontrar proveedores que disminuyan su impacto ambiental\u201d.<\/p>\n<p><strong>Sobre ConversAENOR<\/strong><\/p>\n<p>Esta plataforma se pone en marcha con el prop\u00f3sito de seguir contribuyendo al tejido productivo nacional, compartir buenas pr\u00e1cticas desde la visi\u00f3n de expertos invitados, as\u00ed como propiciar el intercambio de experiencias locales e internacionales y el networking.<\/p>\n<p><strong>Sobre AENOR<\/strong><\/p>\n<p>AENOR es una entidad de servicios profesionales que identifica y ayuda a corregir las brechas de competitividad de las empresas, sectores y del tejido econ\u00f3mico en general, con presencia en m\u00e1s de 87 pa\u00edses y m\u00e1s de 83.000 centros de trabajo en el mundo tienen alguno de los certificados de AENOR. Contribuye a la transformaci\u00f3n de la sociedad creando confianza entre organizaciones y personas mediante servicios de evaluaci\u00f3n de la conformidad (certificaci\u00f3n, inspecci\u00f3n y ensayos), formaci\u00f3n e informaci\u00f3n.<\/p>\n<p>&nbsp;<\/p>\n<p>Fuente: Externa<\/p>\n","protected":false},"excerpt":{"rendered":"<p>En el marco del D\u00eda Mundial del Medio Ambiente, el primer encuentro se realiz\u00f3 bajo<\/p>\n","protected":false},"author":2,"featured_media":0,"comment_status":"open","ping_status":"open","sticky":false,"template":"","format":"standard","meta":{"footnotes":""},"categories":[2,7],"tags":[],"class_list":["post-1363","post","type-post","status-publish","format-standard","hentry","category-economicas","category-nacionales"],"_links":{"self":[{"href":"https:\/\/defrentealaverdad.com\/index.php\/wp-json\/wp\/v2\/posts\/1363","targetHints":{"allow":["GET"]}}],"collection":[{"href":"https:\/\/defrentealaverdad.com\/index.php\/wp-json\/wp\/v2\/posts"}],"about":[{"href":"https:\/\/defrentealaverdad.com\/index.php\/wp-json\/wp\/v2\/types\/post"}],"author":[{"embeddable":true,"href":"https:\/\/defrentealaverdad.com\/index.php\/wp-json\/wp\/v2\/users\/2"}],"replies":[{"embeddable":true,"href":"https:\/\/defrentealaverdad.com\/index.php\/wp-json\/wp\/v2\/comments?post=1363"}],"version-history":[{"count":1,"href":"https:\/\/defrentealaverdad.com\/index.php\/wp-json\/wp\/v2\/posts\/1363\/revisions"}],"predecessor-version":[{"id":1365,"href":"https:\/\/defrentealaverdad.com\/index.php\/wp-json\/wp\/v2\/posts\/1363\/revisions\/1365"}],"wp:attachment":[{"href":"https:\/\/defrentealaverdad.com\/index.php\/wp-json\/wp\/v2\/media?parent=1363"}],"wp:term":[{"taxonomy":"category","embeddable":true,"href":"https:\/\/defrentealaverdad.com\/index.php\/wp-json\/wp\/v2\/categories?post=1363"},{"taxonomy":"post_tag","embeddable":true,"href":"https:\/\/defrentealaverdad.com\/index.php\/wp-json\/wp\/v2\/tags?post=1363"}],"curies":[{"name":"wp","href":"https:\/\/api.w.org\/{rel}","templated":true}]}}