{"id":1354,"date":"2022-05-27T15:48:21","date_gmt":"2022-05-27T15:48:21","guid":{"rendered":"https:\/\/defrentealaverdad.com\/?p=1354"},"modified":"2022-06-02T15:51:11","modified_gmt":"2022-06-02T15:51:11","slug":"premio-aguila-celebro-en-miami-su-decimo-aniversario","status":"publish","type":"post","link":"https:\/\/defrentealaverdad.com\/index.php\/2022\/05\/27\/premio-aguila-celebro-en-miami-su-decimo-aniversario\/","title":{"rendered":"Premio \u00c1guila celebr\u00f3 en Miami su d\u00e9cimo aniversario"},"content":{"rendered":"<p style=\"font-weight: 400;\"><strong>En el marco de Expolit 2022 se dieron a conocer los ganadores en las 15 categor\u00edas que premian la excelencia en los medios de comunicaci\u00f3n.<\/strong><\/p>\n<p><img decoding=\"async\" class=\"alignnone size-medium wp-image-1355 lazyload\" data-src=\"https:\/\/defrentealaverdad.com\/wp-content\/uploads\/2022\/06\/e966a7d885cdc54444da5ac42ae69de7b45a0e25-300x200.jpeg\" alt=\"\" width=\"300\" height=\"200\" data-srcset=\"https:\/\/defrentealaverdad.com\/wp-content\/uploads\/2022\/06\/e966a7d885cdc54444da5ac42ae69de7b45a0e25-300x200.jpeg 300w, https:\/\/defrentealaverdad.com\/wp-content\/uploads\/2022\/06\/e966a7d885cdc54444da5ac42ae69de7b45a0e25-768x512.jpeg 768w, https:\/\/defrentealaverdad.com\/wp-content\/uploads\/2022\/06\/e966a7d885cdc54444da5ac42ae69de7b45a0e25.jpeg 1024w\" data-sizes=\"(max-width: 300px) 100vw, 300px\" src=\"data:image\/svg+xml;base64,PHN2ZyB3aWR0aD0iMSIgaGVpZ2h0PSIxIiB4bWxucz0iaHR0cDovL3d3dy53My5vcmcvMjAwMC9zdmciPjwvc3ZnPg==\" style=\"--smush-placeholder-width: 300px; --smush-placeholder-aspect-ratio: 300\/200;\" \/><\/p>\n<p>&nbsp;<\/p>\n<p style=\"font-weight: 400;\"><em>Miami, FL, 26 de mayo de 2022 (El Mensaje Comunicaciones) \u2013<\/em>\u00a0El pasado 19 de mayo se celebr\u00f3 la d\u00e9cima edici\u00f3n del Premio \u00c1guila, el primer reconocimiento internacional para comunicadores y medios de comunicaci\u00f3n con enfoque cristiano. La ceremonia de premiaci\u00f3n se realiz\u00f3 en el Hotel Doubletree de Miami, durante Expolit 2022, la cumbre hispana m\u00e1s relevante de la industria cristiana.<\/p>\n<p style=\"font-weight: 400;\">Las anfitrionas de la noche fueron Marie Griffin y Stephany Soto, quienes con su gran carisma y el profesionalismo que las caracteriza amenizaron esta velada que anualmente honra el trabajo que realizan los comunicadores dentro de la comunidad de fe en Am\u00e9rica Latina, Estados Unidos, el Caribe y Europa.<\/p>\n<p style=\"font-weight: 400;\">El evento cont\u00f3 con la participaci\u00f3n musical de la banda JWC, Andy &amp; Rossana, Elizabeth S\u00e1nchez, Jos\u00e9 Garc\u00eda, y el galardonado cantante de m\u00fasica urbana Fer Ariza.<\/p>\n<p style=\"font-weight: 400;\"><strong>Homenajes y reconocimientos especiales<\/strong><\/p>\n<p style=\"font-weight: 400;\">La primera actriz venezolana Elluz Peraza, recibi\u00f3 el Premio \u00c1guila a la \u201cTrayectoria y Excelencia\u201d, considerado el m\u00e1ximo galard\u00f3n de esta prestigiosa premiaci\u00f3n. Elluz cuenta con m\u00e1s\u00a0de 40 a\u00f1os de carrera art\u00edstica, durante los cuales ha participado en m\u00e1s de 35 telenovelas, 4 pel\u00edculas y 6 obras de teatro.<\/p>\n<p style=\"font-weight: 400;\">En el a\u00f1o 2006, Elluz acept\u00f3 a Jes\u00fas como su salvador, y decidi\u00f3 utilizar sus talentos y amplia experiencia en la industria de la televisi\u00f3n, el cine y el mundo del espect\u00e1culo para dar a conocer el amor de Dios.<\/p>\n<p style=\"font-weight: 400;\">Desde hace m\u00e1s de once a\u00f1os trabaja como directora, productora, escritora, actriz, locutora y traductora en CV Global, que por medio de sus ramas yesHEis y CVCLAVOZ, producen contenido para m\u00e1s de 614 medios afiliados en 24 pa\u00edses.<\/p>\n<p style=\"font-weight: 400;\">De manera especial, el Premio \u00c1guila rindi\u00f3 un homenaje p\u00f3stumo a algunos de los comunicadores, l\u00edderes, m\u00fasicos y evangelistas que fallecieron durante los \u00faltimos dos a\u00f1os en los cuales no se realiz\u00f3 la premiaci\u00f3n, debido a las restricciones que impuso la pandemia por COVID-19. Entre ellos, Carlos Pinz\u00f3n, Luis Palau, Ernesto Zuazo, Iber Marino, Julio Melgar, Larry G. Downs, Abraham Guajan, Carlos Acosta, Mayda Garc\u00e9s, Jaime Murrel, Alejandro Alonso y Rub\u00e9n Proietti, entre otros.<\/p>\n<p style=\"font-weight: 400;\"><strong>Ganadores al Premio \u00c1guila 2022<\/strong><\/p>\n<p style=\"font-weight: 400;\">Los galardones en las 15 categor\u00edas fueron otorgados por talentosos cantantes, autores, y l\u00edderes de la industria cristiana como una muestra de agradecimiento a los medios de comunicaci\u00f3n quienes fueron los homenajeados de la noche.<\/p>\n<p style=\"font-weight: 400;\">Entre los invitados especiales se encontraban el Dr. Lucas Leys, Nikauly de la Mota, Abel Talamantez, Jesse Rojo, Gloria Garc\u00e9s, Santiago Ojeda, Niko Eme, Ray Corea, Karol German, Yuri Cordero, Maria Jacobo, Williams Medrando, Omayra \u00c1lvarez, la Ps. Lucy Cosme, y el evangelista Mike Silva, entre otros.<\/p>\n<p style=\"font-weight: 400;\"><strong>Lista oficial de ganadores<\/strong><\/p>\n<ol>\n<li style=\"font-weight: 400;\">Mejor Blog: Entaconadas<\/li>\n<li style=\"font-weight: 400;\">Mejor Portal de Noticias: Altar7.com<\/li>\n<li style=\"font-weight: 400;\">Mejor Publicaci\u00f3n Impresa (Edici\u00f3n Especial): Revista Hechos &amp; Cr\u00f3nicas<\/li>\n<li style=\"font-weight: 400;\">Mejor Proyecto Audiovisual Emergente: Familia en la Mira \/ Solidaria TV<\/li>\n<li style=\"font-weight: 400;\">Mejor Presentadora Audiovisual: Camila Chaparro \/ Hechos &amp; Cr\u00f3nicas TV<\/li>\n<li style=\"font-weight: 400;\">Mejor\u202f Presentador\u202fAudiovisual: Alberto Salcedo \/ XTOTV<\/li>\n<li style=\"font-weight: 400;\">Mejor Programa\u202f\u202fAudiovisual: Familia Activa \/ Franchs TV<\/li>\n<li style=\"font-weight: 400;\">Mejor Productor y Director de Video Musical: Mauricio Prince \/ 6609 Films \/ T\u00fa Tan M\u00edo \/ Alex Campos Ft MaDiel Lara<\/li>\n<li style=\"font-weight: 400;\">Mejor Podcast: La Dosis Diaria<\/li>\n<li style=\"font-weight: 400;\">Mejor Locutora: Fabiola Romero \/ La Nueva 88.3 FM<\/li>\n<li style=\"font-weight: 400;\">Mejor Locutor: William Arana \/\u00a0 Roka Stereo<\/li>\n<li style=\"font-weight: 400;\">Mejor Programa Radial: Energ\u00eda Total \/ CVCLAVOZ<\/li>\n<li style=\"font-weight: 400;\">Mejor Presencia en Redes Sociales: Poeta del Cielo<\/li>\n<li style=\"font-weight: 400;\">Mejor Emisora Digital: CVCLAVOZ<\/li>\n<li style=\"font-weight: 400;\">Mejor Emisora en el Dial: La Nueva 88.3 FM<\/li>\n<\/ol>\n<p style=\"font-weight: 400;\">\u00a0Al igual que la pasada edici\u00f3n, la ceremonia de premiaci\u00f3n se transmitir\u00e1 por el canal\u00a0<a href=\"https:\/\/www.enlace.org\/?utm_source=newsletter&amp;utm_medium=email&amp;utm_campaign=premio_aguila_celebro_en_miami_su_decimo_aniversario&amp;utm_term=2022-05-26\" data-saferedirecturl=\"https:\/\/www.google.com\/url?q=https:\/\/www.enlace.org\/?utm_source%3Dnewsletter%26utm_medium%3Demail%26utm_campaign%3Dpremio_aguila_celebro_en_miami_su_decimo_aniversario%26utm_term%3D2022-05-26&amp;source=gmail&amp;ust=1654271306856000&amp;usg=AOvVaw2KGml3fJPVdUaz3OymnmOd\">Enlace TV.<\/a>\u00a0La organizaci\u00f3n y producci\u00f3n del Premio \u00c1guila estuvo a cargo de la agencia\u00a0<a href=\"https:\/\/elmensajecomunicaciones.com\/?utm_source=newsletter&amp;utm_medium=email&amp;utm_campaign=premio_aguila_celebro_en_miami_su_decimo_aniversario&amp;utm_term=2022-05-26\" data-saferedirecturl=\"https:\/\/www.google.com\/url?q=https:\/\/elmensajecomunicaciones.com\/?utm_source%3Dnewsletter%26utm_medium%3Demail%26utm_campaign%3Dpremio_aguila_celebro_en_miami_su_decimo_aniversario%26utm_term%3D2022-05-26&amp;source=gmail&amp;ust=1654271306856000&amp;usg=AOvVaw1jksktRy2SXXQVHEPGsW4p\">El Mensaje Comunicaciones<\/a>\u00a0con el apoyo de Expolit, y el auspicio de\u00a0<a href=\"https:\/\/philosproject.org\/?utm_source=newsletter&amp;utm_medium=email&amp;utm_campaign=premio_aguila_celebro_en_miami_su_decimo_aniversario&amp;utm_term=2022-05-26\" data-saferedirecturl=\"https:\/\/www.google.com\/url?q=https:\/\/philosproject.org\/?utm_source%3Dnewsletter%26utm_medium%3Demail%26utm_campaign%3Dpremio_aguila_celebro_en_miami_su_decimo_aniversario%26utm_term%3D2022-05-26&amp;source=gmail&amp;ust=1654271306856000&amp;usg=AOvVaw36rMHQmPVPJZXGmNk0vDL7\">Philos Project,<\/a>\u00a0<a href=\"https:\/\/www.samaritanspurse.org\/?utm_source=newsletter&amp;utm_medium=email&amp;utm_campaign=premio_aguila_celebro_en_miami_su_decimo_aniversario&amp;utm_term=2022-05-26\" data-saferedirecturl=\"https:\/\/www.google.com\/url?q=https:\/\/www.samaritanspurse.org\/?utm_source%3Dnewsletter%26utm_medium%3Demail%26utm_campaign%3Dpremio_aguila_celebro_en_miami_su_decimo_aniversario%26utm_term%3D2022-05-26&amp;source=gmail&amp;ust=1654271306856000&amp;usg=AOvVaw1R3gCD2KVRRktNUnGb4V7m\">Samaritan&#8217;s Purse<\/a>,\u00a0<a href=\"https:\/\/es.billygraham.org\/?utm_source=newsletter&amp;utm_medium=email&amp;utm_campaign=premio_aguila_celebro_en_miami_su_decimo_aniversario&amp;utm_term=2022-05-26\" data-saferedirecturl=\"https:\/\/www.google.com\/url?q=https:\/\/es.billygraham.org\/?utm_source%3Dnewsletter%26utm_medium%3Demail%26utm_campaign%3Dpremio_aguila_celebro_en_miami_su_decimo_aniversario%26utm_term%3D2022-05-26&amp;source=gmail&amp;ust=1654271306856000&amp;usg=AOvVaw180M3GdPTYsR1UeE8DFpxt\">Asociaci\u00f3n Evangel\u00edstica Billy Graham<\/a>,\u00a0<a href=\"https:\/\/www.enlace.org\/?utm_source=newsletter&amp;utm_medium=email&amp;utm_campaign=premio_aguila_celebro_en_miami_su_decimo_aniversario&amp;utm_term=2022-05-26\" data-saferedirecturl=\"https:\/\/www.google.com\/url?q=https:\/\/www.enlace.org\/?utm_source%3Dnewsletter%26utm_medium%3Demail%26utm_campaign%3Dpremio_aguila_celebro_en_miami_su_decimo_aniversario%26utm_term%3D2022-05-26&amp;source=gmail&amp;ust=1654271306856000&amp;usg=AOvVaw2KGml3fJPVdUaz3OymnmOd\">EnlaceTV<\/a>, Comunicadoras Hispanas,\u00a0<a href=\"https:\/\/gna.news\/?utm_source=newsletter&amp;utm_medium=email&amp;utm_campaign=premio_aguila_celebro_en_miami_su_decimo_aniversario&amp;utm_term=2022-05-26\" data-saferedirecturl=\"https:\/\/www.google.com\/url?q=https:\/\/gna.news\/?utm_source%3Dnewsletter%26utm_medium%3Demail%26utm_campaign%3Dpremio_aguila_celebro_en_miami_su_decimo_aniversario%26utm_term%3D2022-05-26&amp;source=gmail&amp;ust=1654271306856000&amp;usg=AOvVaw3HLrpOlM6jZVK71mjsPkNw\">Global News Alliance<\/a>,\u00a0<a href=\"https:\/\/www.raycorea.com\/?utm_source=newsletter&amp;utm_medium=email&amp;utm_campaign=premio_aguila_celebro_en_miami_su_decimo_aniversario&amp;utm_term=2022-05-26\" data-saferedirecturl=\"https:\/\/www.google.com\/url?q=https:\/\/www.raycorea.com\/?utm_source%3Dnewsletter%26utm_medium%3Demail%26utm_campaign%3Dpremio_aguila_celebro_en_miami_su_decimo_aniversario%26utm_term%3D2022-05-26&amp;source=gmail&amp;ust=1654271306856000&amp;usg=AOvVaw3vnjS6DAsfHpzZXn4aGXuf\">RCM Ministry and Communication<\/a>, Show Factory, y\u00a0<a href=\"https:\/\/www.instagram.com\/andyvegamultimedia\/?utm_source=newsletter&amp;utm_medium=email&amp;utm_campaign=premio_aguila_celebro_en_miami_su_decimo_aniversario&amp;utm_term=2022-05-26\" data-saferedirecturl=\"https:\/\/www.google.com\/url?q=https:\/\/www.instagram.com\/andyvegamultimedia\/?utm_source%3Dnewsletter%26utm_medium%3Demail%26utm_campaign%3Dpremio_aguila_celebro_en_miami_su_decimo_aniversario%26utm_term%3D2022-05-26&amp;source=gmail&amp;ust=1654271306856000&amp;usg=AOvVaw2QX8QMkM7956YHn3SyEse0\">Andy Vega Multimedia<\/a>,\u00a0<a href=\"https:\/\/www.ilatina.co\/?utm_source=newsletter&amp;utm_medium=email&amp;utm_campaign=premio_aguila_celebro_en_miami_su_decimo_aniversario&amp;utm_term=2022-05-26\" data-saferedirecturl=\"https:\/\/www.google.com\/url?q=https:\/\/www.ilatina.co\/?utm_source%3Dnewsletter%26utm_medium%3Demail%26utm_campaign%3Dpremio_aguila_celebro_en_miami_su_decimo_aniversario%26utm_term%3D2022-05-26&amp;source=gmail&amp;ust=1654271306856000&amp;usg=AOvVaw2Ci5xjmXsqvplgntUSqIt3\">iLatina Radio<\/a>, y\u00a0<a href=\"https:\/\/www.jamline.io\/start?utm_source=newsletter&amp;utm_medium=email&amp;utm_campaign=premio_aguila_celebro_en_miami_su_decimo_aniversario&amp;utm_term=2022-05-26\" data-saferedirecturl=\"https:\/\/www.google.com\/url?q=https:\/\/www.jamline.io\/start?utm_source%3Dnewsletter%26utm_medium%3Demail%26utm_campaign%3Dpremio_aguila_celebro_en_miami_su_decimo_aniversario%26utm_term%3D2022-05-26&amp;source=gmail&amp;ust=1654271306856000&amp;usg=AOvVaw2d3KEQ-PL8eXvMfwbHWTBf\">Jamline<\/a>, entre otros.<\/p>\n<p style=\"font-weight: 400;\">Fuente:\u00a0Monica Ortiz<\/p>\n<p style=\"font-weight: 400;\"><a href=\"mailto:monica@elmensajecomunicaciones.com\">monica@elmensajecomunicaciones.com<\/a><\/p>\n<p style=\"font-weight: 400;\">1 (954) 226-2797<\/p>\n","protected":false},"excerpt":{"rendered":"<p>En el marco de Expolit 2022 se dieron a conocer los ganadores en las 15<\/p>\n","protected":false},"author":2,"featured_media":0,"comment_status":"open","ping_status":"open","sticky":false,"template":"","format":"standard","meta":{"footnotes":""},"categories":[6,16],"tags":[],"class_list":["post-1354","post","type-post","status-publish","format-standard","hentry","category-espectaculos","category-internacionales"],"_links":{"self":[{"href":"https:\/\/defrentealaverdad.com\/index.php\/wp-json\/wp\/v2\/posts\/1354","targetHints":{"allow":["GET"]}}],"collection":[{"href":"https:\/\/defrentealaverdad.com\/index.php\/wp-json\/wp\/v2\/posts"}],"about":[{"href":"https:\/\/defrentealaverdad.com\/index.php\/wp-json\/wp\/v2\/types\/post"}],"author":[{"embeddable":true,"href":"https:\/\/defrentealaverdad.com\/index.php\/wp-json\/wp\/v2\/users\/2"}],"replies":[{"embeddable":true,"href":"https:\/\/defrentealaverdad.com\/index.php\/wp-json\/wp\/v2\/comments?post=1354"}],"version-history":[{"count":2,"href":"https:\/\/defrentealaverdad.com\/index.php\/wp-json\/wp\/v2\/posts\/1354\/revisions"}],"predecessor-version":[{"id":1357,"href":"https:\/\/defrentealaverdad.com\/index.php\/wp-json\/wp\/v2\/posts\/1354\/revisions\/1357"}],"wp:attachment":[{"href":"https:\/\/defrentealaverdad.com\/index.php\/wp-json\/wp\/v2\/media?parent=1354"}],"wp:term":[{"taxonomy":"category","embeddable":true,"href":"https:\/\/defrentealaverdad.com\/index.php\/wp-json\/wp\/v2\/categories?post=1354"},{"taxonomy":"post_tag","embeddable":true,"href":"https:\/\/defrentealaverdad.com\/index.php\/wp-json\/wp\/v2\/tags?post=1354"}],"curies":[{"name":"wp","href":"https:\/\/api.w.org\/{rel}","templated":true}]}}