{"id":13235,"date":"2024-03-03T17:23:04","date_gmt":"2024-03-03T17:23:04","guid":{"rendered":"https:\/\/defrentealaverdad.com\/?p=13235"},"modified":"2024-03-03T17:23:32","modified_gmt":"2024-03-03T17:23:32","slug":"cruz-roja-dominicana-santo-domingo-oeste-imparte-charla-basica-institucional","status":"publish","type":"post","link":"https:\/\/defrentealaverdad.com\/index.php\/2024\/03\/03\/cruz-roja-dominicana-santo-domingo-oeste-imparte-charla-basica-institucional\/","title":{"rendered":"Cruz Roja Dominicana Santo Domingo Oeste imparte charla b\u00e1sica institucional\u00a0"},"content":{"rendered":"<p style=\"text-align: justify;\"><img decoding=\"async\" class=\"size-medium wp-image-13237 alignleft lazyload\" data-src=\"https:\/\/defrentealaverdad.com\/wp-content\/uploads\/2024\/03\/IMG-20240302-WA0163-200x300.jpg\" alt=\"\" width=\"200\" height=\"300\" data-srcset=\"https:\/\/defrentealaverdad.com\/wp-content\/uploads\/2024\/03\/IMG-20240302-WA0163-200x300.jpg 200w, https:\/\/defrentealaverdad.com\/wp-content\/uploads\/2024\/03\/IMG-20240302-WA0163-683x1024.jpg 683w, https:\/\/defrentealaverdad.com\/wp-content\/uploads\/2024\/03\/IMG-20240302-WA0163-768x1151.jpg 768w, https:\/\/defrentealaverdad.com\/wp-content\/uploads\/2024\/03\/IMG-20240302-WA0163.jpg 854w\" data-sizes=\"(max-width: 200px) 100vw, 200px\" src=\"data:image\/svg+xml;base64,PHN2ZyB3aWR0aD0iMSIgaGVpZ2h0PSIxIiB4bWxucz0iaHR0cDovL3d3dy53My5vcmcvMjAwMC9zdmciPjwvc3ZnPg==\" style=\"--smush-placeholder-width: 200px; --smush-placeholder-aspect-ratio: 200\/300;\" \/><\/p>\n<p style=\"text-align: justify;\">La Cruz Roja Dominicana Santo Domingo Oeste recientemente llev\u00f3 a cabo una charla institucional b\u00e1sica en el Zool\u00f3gico Nacional, dirigida a 32 j\u00f3venes voluntarios de la entidad. Organizado por el programa de Juventud, este evento abord\u00f3 una amplia gama de temas relacionados con el Movimiento Internacional de Cruz Roja, que incluyeron su historia, estructura y la sociedad nacional.<\/p>\n<p style=\"text-align: justify;\">Durante la charla, se discutieron aspectos importantes como el correcto uso del emblema de la Cruz Roja Dominicana, los abusos que pueden sufrir y la legislaci\u00f3n vigente para su protecci\u00f3n. Adem\u00e1s, se presentaron los programas de la Cruz Roja Dominicana, se explicaron los principios fundamentales que gu\u00edan su acci\u00f3n, y se detallaron los estatutos y reglamentos que rigen la organizaci\u00f3n.<\/p>\n<p style=\"text-align: justify;\">Esta iniciativa forma parte del proceso de formaci\u00f3n continua de los miembros de la Cruz Roja Dominicana en Santo Domingo Oeste, con el objetivo de promover y reforzar sus Principios Fundamentales.<\/p>\n<p style=\"text-align: justify;\"><img decoding=\"async\" class=\"size-medium wp-image-13238 aligncenter lazyload\" data-src=\"https:\/\/defrentealaverdad.com\/wp-content\/uploads\/2024\/03\/IMG-20240302-WA0164-300x129.jpg\" alt=\"\" width=\"300\" height=\"129\" data-srcset=\"https:\/\/defrentealaverdad.com\/wp-content\/uploads\/2024\/03\/IMG-20240302-WA0164-300x129.jpg 300w, https:\/\/defrentealaverdad.com\/wp-content\/uploads\/2024\/03\/IMG-20240302-WA0164-1024x442.jpg 1024w, https:\/\/defrentealaverdad.com\/wp-content\/uploads\/2024\/03\/IMG-20240302-WA0164-768x331.jpg 768w, https:\/\/defrentealaverdad.com\/wp-content\/uploads\/2024\/03\/IMG-20240302-WA0164.jpg 1280w\" data-sizes=\"(max-width: 300px) 100vw, 300px\" src=\"data:image\/svg+xml;base64,PHN2ZyB3aWR0aD0iMSIgaGVpZ2h0PSIxIiB4bWxucz0iaHR0cDovL3d3dy53My5vcmcvMjAwMC9zdmciPjwvc3ZnPg==\" style=\"--smush-placeholder-width: 300px; --smush-placeholder-aspect-ratio: 300\/129;\" \/><\/p>\n<p style=\"text-align: justify;\">En ese sentido, Francisco Gabriel valdez, coordinador de socorros y emergencia particip\u00f3 activamente en el encuentro, demostrando el compromiso de la direcci\u00f3n con la formaci\u00f3n y el desarrollo de los miembros. La actividad fue apoyada y coordinada por Scarlet Carolina Roa, quien es la encargada de voluntarios de la Cruz Roja Santo Domingo Oeste . Este tipo de eventos son esenciales para fortalecer el conocimiento y la preparaci\u00f3n de los voluntarios, lo que a su vez contribuye a la eficacia y la relevancia de la entidad en la comunidad.<\/p>\n<p>&nbsp;<\/p>\n<p>Fuente: Prensa Cruz Rojas<\/p>\n","protected":false},"excerpt":{"rendered":"<p>La Cruz Roja Dominicana Santo Domingo Oeste recientemente llev\u00f3 a cabo una charla institucional b\u00e1sica<\/p>\n","protected":false},"author":2,"featured_media":0,"comment_status":"open","ping_status":"open","sticky":false,"template":"","format":"standard","meta":{"footnotes":""},"categories":[7],"tags":[],"class_list":["post-13235","post","type-post","status-publish","format-standard","hentry","category-nacionales"],"_links":{"self":[{"href":"https:\/\/defrentealaverdad.com\/index.php\/wp-json\/wp\/v2\/posts\/13235","targetHints":{"allow":["GET"]}}],"collection":[{"href":"https:\/\/defrentealaverdad.com\/index.php\/wp-json\/wp\/v2\/posts"}],"about":[{"href":"https:\/\/defrentealaverdad.com\/index.php\/wp-json\/wp\/v2\/types\/post"}],"author":[{"embeddable":true,"href":"https:\/\/defrentealaverdad.com\/index.php\/wp-json\/wp\/v2\/users\/2"}],"replies":[{"embeddable":true,"href":"https:\/\/defrentealaverdad.com\/index.php\/wp-json\/wp\/v2\/comments?post=13235"}],"version-history":[{"count":2,"href":"https:\/\/defrentealaverdad.com\/index.php\/wp-json\/wp\/v2\/posts\/13235\/revisions"}],"predecessor-version":[{"id":13241,"href":"https:\/\/defrentealaverdad.com\/index.php\/wp-json\/wp\/v2\/posts\/13235\/revisions\/13241"}],"wp:attachment":[{"href":"https:\/\/defrentealaverdad.com\/index.php\/wp-json\/wp\/v2\/media?parent=13235"}],"wp:term":[{"taxonomy":"category","embeddable":true,"href":"https:\/\/defrentealaverdad.com\/index.php\/wp-json\/wp\/v2\/categories?post=13235"},{"taxonomy":"post_tag","embeddable":true,"href":"https:\/\/defrentealaverdad.com\/index.php\/wp-json\/wp\/v2\/tags?post=13235"}],"curies":[{"name":"wp","href":"https:\/\/api.w.org\/{rel}","templated":true}]}}