{"id":1312,"date":"2022-05-18T16:31:59","date_gmt":"2022-05-18T16:31:59","guid":{"rendered":"https:\/\/defrentealaverdad.com\/?p=1312"},"modified":"2022-05-18T16:34:27","modified_gmt":"2022-05-18T16:34:27","slug":"el-presidente-luis-abinader-recibio-en-el-palacio-nacional-al-joven-piloto-dominicano-jimmy-llibre-tras-alcanzar-el-primer-lugar-en-la-porsche-sprint-challenge-en-miami","status":"publish","type":"post","link":"https:\/\/defrentealaverdad.com\/index.php\/2022\/05\/18\/el-presidente-luis-abinader-recibio-en-el-palacio-nacional-al-joven-piloto-dominicano-jimmy-llibre-tras-alcanzar-el-primer-lugar-en-la-porsche-sprint-challenge-en-miami\/","title":{"rendered":"El presidente al joven piloto dominicano, Jimmy Llibre tras ganar carrera en Miami"},"content":{"rendered":"<p><img decoding=\"async\" class=\"alignnone size-medium wp-image-1313 lazyload\" data-src=\"https:\/\/defrentealaverdad.com\/wp-content\/uploads\/2022\/05\/psdsd-45dc0b38-focus-min0.17-0.35-895-573-300x199.jpg\" alt=\"\" width=\"300\" height=\"199\" data-srcset=\"https:\/\/defrentealaverdad.com\/wp-content\/uploads\/2022\/05\/psdsd-45dc0b38-focus-min0.17-0.35-895-573-300x199.jpg 300w, https:\/\/defrentealaverdad.com\/wp-content\/uploads\/2022\/05\/psdsd-45dc0b38-focus-min0.17-0.35-895-573.jpg 680w\" data-sizes=\"(max-width: 300px) 100vw, 300px\" src=\"data:image\/svg+xml;base64,PHN2ZyB3aWR0aD0iMSIgaGVpZ2h0PSIxIiB4bWxucz0iaHR0cDovL3d3dy53My5vcmcvMjAwMC9zdmciPjwvc3ZnPg==\" style=\"--smush-placeholder-width: 300px; --smush-placeholder-aspect-ratio: 300\/199;\" \/><\/p>\n<p>El presidente de la Rep\u00fablica,\u00a0<strong>Luis Abinader<\/strong>, recibi\u00f3 este martes a\u00a0<strong>Jimmy Llibre<\/strong>, el joven corredor dominicano que gan\u00f3 la carrera\u00a0<strong>Porsche Sprint Challenge<\/strong>, celebrada en\u00a0<strong>Miami. <\/strong>La informaci\u00f3n la comparti\u00f3 la Presidencia de la Rep\u00fablica en su cuenta de Twitter.<\/p>\n<p>El mandatario recibi\u00f3 al corredor junto a su padre y estuvo acompa\u00f1ado del ministro Admistrativo de la Presidencia, <strong>Jos\u00e9 Ignacio Paliza<\/strong>, y el administrador del Banreservas,\u00a0<strong>Samuel Pereira<\/strong>. Llibre, del equipo MDK Motorsport, no solo gan\u00f3 las pr\u00e1cticas y la clasificaci\u00f3n, sino que tambi\u00e9n se alz\u00f3 con la victoria en la categor\u00eda\u00a0<strong>911 GT3 Cup.\u00a0<\/strong><\/p>\n<p><strong>Acerca del participaci\u00f3n del joven piloto dominicano\u00a0<\/strong><\/p>\n<p>Seg\u00fan el comunicado, Jimmy Llibre rod\u00f3 la primera carrera a una velocidad de <strong>133.462 kil\u00f3metros<\/strong> por hora y necesit\u00f3 41:17.435 minutos para dar 17 vueltas al circuito de cinco kil\u00f3metros y 412 metros (3,363 millas) en el Hard Rock Stadium. La sexta fue su vuelta m\u00e1s r\u00e1pida, la cual dio en 2:02.966 minutos.\u00a0<strong>Jimmy Llibre<\/strong> hizo la vuelta a la pista del Hard Rock Stadium en 2:01.811. En la \u00faltima carrera, el dominicano rod\u00f3 a un promedio de\u00a0<strong>127.692 kil\u00f3metros por hora<\/strong>\u00a0y necesit\u00f3 38:04.225 minutos para darle 15 vueltas al circuito. La novena vuelta fue su vuelta m\u00e1s r\u00e1pida, la cual dio en 2:02.374 minutos.<\/p>\n<p>Fuente: Presidencia RD<\/p>\n","protected":false},"excerpt":{"rendered":"<p>El presidente de la Rep\u00fablica,\u00a0Luis Abinader, recibi\u00f3 este martes a\u00a0Jimmy Llibre, el joven corredor dominicano<\/p>\n","protected":false},"author":1,"featured_media":0,"comment_status":"open","ping_status":"open","sticky":false,"template":"","format":"standard","meta":{"footnotes":""},"categories":[3],"tags":[],"class_list":["post-1312","post","type-post","status-publish","format-standard","hentry","category-deportes"],"_links":{"self":[{"href":"https:\/\/defrentealaverdad.com\/index.php\/wp-json\/wp\/v2\/posts\/1312","targetHints":{"allow":["GET"]}}],"collection":[{"href":"https:\/\/defrentealaverdad.com\/index.php\/wp-json\/wp\/v2\/posts"}],"about":[{"href":"https:\/\/defrentealaverdad.com\/index.php\/wp-json\/wp\/v2\/types\/post"}],"author":[{"embeddable":true,"href":"https:\/\/defrentealaverdad.com\/index.php\/wp-json\/wp\/v2\/users\/1"}],"replies":[{"embeddable":true,"href":"https:\/\/defrentealaverdad.com\/index.php\/wp-json\/wp\/v2\/comments?post=1312"}],"version-history":[{"count":4,"href":"https:\/\/defrentealaverdad.com\/index.php\/wp-json\/wp\/v2\/posts\/1312\/revisions"}],"predecessor-version":[{"id":1317,"href":"https:\/\/defrentealaverdad.com\/index.php\/wp-json\/wp\/v2\/posts\/1312\/revisions\/1317"}],"wp:attachment":[{"href":"https:\/\/defrentealaverdad.com\/index.php\/wp-json\/wp\/v2\/media?parent=1312"}],"wp:term":[{"taxonomy":"category","embeddable":true,"href":"https:\/\/defrentealaverdad.com\/index.php\/wp-json\/wp\/v2\/categories?post=1312"},{"taxonomy":"post_tag","embeddable":true,"href":"https:\/\/defrentealaverdad.com\/index.php\/wp-json\/wp\/v2\/tags?post=1312"}],"curies":[{"name":"wp","href":"https:\/\/api.w.org\/{rel}","templated":true}]}}