{"id":13088,"date":"2024-02-29T14:22:42","date_gmt":"2024-02-29T14:22:42","guid":{"rendered":"https:\/\/defrentealaverdad.com\/?p=13088"},"modified":"2024-02-29T14:22:42","modified_gmt":"2024-02-29T14:22:42","slug":"presidente-de-la-republica-aborda-embarcacion-colombiana-de-visita-en-el-pais","status":"publish","type":"post","link":"https:\/\/defrentealaverdad.com\/index.php\/2024\/02\/29\/presidente-de-la-republica-aborda-embarcacion-colombiana-de-visita-en-el-pais\/","title":{"rendered":"Presidente de la Rep\u00fablica aborda embarcaci\u00f3n colombiana de visita en el pa\u00eds"},"content":{"rendered":"<p>Por Felix Rubio<\/p>\n<p>SANTO DOMINGO. \u2013 El se\u00f1or Presidente de la rep\u00fablica Luis Rodolfo Abinader Corona abord\u00f3 y recorri\u00f3 las instalaciones del Buque \u00a8Patrullera Oce\u00e1nica OPV ARC Victoria\u00bb de la Armada de la Rep\u00fablica de Colombia, anclado en el puerto de Sans Souc\u00ed y cuya tripulaci\u00f3n visita el pa\u00eds, en ocasi\u00f3n del 180 Aniversario de la Independencia dominicana.<\/p>\n<p><img decoding=\"async\" class=\"size-medium wp-image-13089 alignleft lazyload\" data-src=\"https:\/\/defrentealaverdad.com\/wp-content\/uploads\/2024\/02\/Screenshot_2024-02-29_104347-300x204.png\" alt=\"\" width=\"300\" height=\"204\" data-srcset=\"https:\/\/defrentealaverdad.com\/wp-content\/uploads\/2024\/02\/Screenshot_2024-02-29_104347-300x204.png 300w, https:\/\/defrentealaverdad.com\/wp-content\/uploads\/2024\/02\/Screenshot_2024-02-29_104347-1024x696.png 1024w, https:\/\/defrentealaverdad.com\/wp-content\/uploads\/2024\/02\/Screenshot_2024-02-29_104347-768x522.png 768w, https:\/\/defrentealaverdad.com\/wp-content\/uploads\/2024\/02\/Screenshot_2024-02-29_104347.png 1080w\" data-sizes=\"(max-width: 300px) 100vw, 300px\" src=\"data:image\/svg+xml;base64,PHN2ZyB3aWR0aD0iMSIgaGVpZ2h0PSIxIiB4bWxucz0iaHR0cDovL3d3dy53My5vcmcvMjAwMC9zdmciPjwvc3ZnPg==\" style=\"--smush-placeholder-width: 300px; --smush-placeholder-aspect-ratio: 300\/204;\" \/><\/p>\n<p>Durante el recorrido, el primer mandatario se hizo acompa\u00f1ar del ministro de Defensa teniente general Carlos Luciano D\u00edaz Morfa, ERD; el viceministro de Defensa para Asuntos Navales y Costeros, vicealmirante Ram\u00f3n Gustavo Betances Hern\u00e1ndez, ARD, el Comandante general de la Armada vicealmirante Agust\u00edn Morillo Rodr\u00edguez, el Almirante Francisco Hernando Cubides Granados, Comandante de la Armada de Colombia, el vicealmirante Luis Fernando M\u00e1rquez Veloza, presidente de la Corporaci\u00f3n de Ciencia y Tecnolog\u00eda para el Desarrollo de la Industria Naval, Mar\u00edtima y Fluvial (COTECMAR), y por el embajador de la naci\u00f3n suramericana en el pa\u00eds, Dar\u00edo Villamizar Herrera,.<\/p>\n<p>En la embarcaci\u00f3n, el presidente Abinader Corona fue ilustrado acerca de las capacidades de la nave para hacer frente a las amenazas contra la seguridad mar\u00edtima en aguas del Caribe, al tiempo que el ejecutivo elogi\u00f3 el trabajo que desarrollan las instituciones militares de ambas naciones y entre las cuales existe una estrecha colaboraci\u00f3n.<\/p>\n<p>Ministro de Defensa condecora al Comandante de la Armada de Colombia<\/p>\n<p>Previo al recorrido, el titular del MIDE condecor\u00f3 con la \u201cOrden al M\u00e9rito Naval con Medalla de Honor\u201d al Almirante Francisco Hernando Cubides Granados, Comandante de la Armada de Colombia, durante una ceremonia realizada en el sal\u00f3n del restaurante \u201cClaraboya\u201d del Club de Oficiales de la base naval 27 de febrero de la Armada de Rep\u00fablica Dominicana, San Souc\u00ed, municipio Santo Domingo Este.<\/p>\n<p>A su vez, el Comandante de la Armada de Colombia condecor\u00f3 con la \u00a8 Medalla Fe en la Causa de la Armada Nacional de Colombia\u00a8, a su hom\u00f3logo dominicano, vicealmirante Agust\u00edn Morillo Rodr\u00edguez, Comandante general de la Armada de Rep\u00fablica Dominicana. En el acto, asimismo, fue reconocido el Contralmirante Juan Gilberto N\u00fa\u00f1ez Abreu con la Condecoraci\u00f3n \u00abFe en la Causa Nacional\u00bb y quien actualmente es Comandante del Comando Conjunto Este.<\/p>\n<p>Tras recibir la distinci\u00f3n, el Almirante Cubides Granados expres\u00f3 sus felicitaciones al pueblo dominicano por el Aniversario 180 de la independencia nacional, fecha en la cual cadetes y la embarcaci\u00f3n colombiana, participaron del desfile militar dominicano este pasado 27 de febrero, al tiempo que agradeci\u00f3 la hospitalidad de la Armada de Rep\u00fablica Dominicana de recibirlos.<\/p>\n<p>Al mencionar el lema de la Armada colombiana que reza \u201cprotegemos el azul de la bandera\u201d, se refiri\u00f3 a los logros alcanzados en materia de interdicci\u00f3n y prevenci\u00f3n del delito mar\u00edtimo, gracias a lo cual ha sido posible incautar importantes cantidades de sustancia controladas, en beneficio de la seguridad de la regi\u00f3n\u00bb.<\/p>\n<p>El buque cuenta con una aeronave (helic\u00f3ptero) modelo Bell 412, tiene capacidad para 64 tripulantes, desarrolla una velocidad de 21 nudos, tiene una potencia de 4800 bhp y fue asignado al Ministerio de Defensa Nacional de Colombia, en marzo del a\u00f1o 2017.<\/p>\n<p>Antes de las actividades, los representantes de la delegaci\u00f3n colombiana junto a las autoridades militares dominicanas depositaron una ofrenda floral en el busto del Almirante Jos\u00e9 Prudencio Padilla L\u00f3pez, pr\u00f3cer de la independencia colombiana y que est\u00e1 ubicada en la zona colonial de Santo Domingo.<\/p>\n<p>&nbsp;<\/p>\n<p>Fuente: El Le\u00f1o Pinto Digital RD<\/p>\n","protected":false},"excerpt":{"rendered":"<p>Por Felix Rubio SANTO DOMINGO. \u2013 El se\u00f1or Presidente de la rep\u00fablica Luis Rodolfo Abinader<\/p>\n","protected":false},"author":1,"featured_media":0,"comment_status":"open","ping_status":"open","sticky":false,"template":"","format":"standard","meta":{"footnotes":""},"categories":[7],"tags":[],"class_list":["post-13088","post","type-post","status-publish","format-standard","hentry","category-nacionales"],"_links":{"self":[{"href":"https:\/\/defrentealaverdad.com\/index.php\/wp-json\/wp\/v2\/posts\/13088","targetHints":{"allow":["GET"]}}],"collection":[{"href":"https:\/\/defrentealaverdad.com\/index.php\/wp-json\/wp\/v2\/posts"}],"about":[{"href":"https:\/\/defrentealaverdad.com\/index.php\/wp-json\/wp\/v2\/types\/post"}],"author":[{"embeddable":true,"href":"https:\/\/defrentealaverdad.com\/index.php\/wp-json\/wp\/v2\/users\/1"}],"replies":[{"embeddable":true,"href":"https:\/\/defrentealaverdad.com\/index.php\/wp-json\/wp\/v2\/comments?post=13088"}],"version-history":[{"count":1,"href":"https:\/\/defrentealaverdad.com\/index.php\/wp-json\/wp\/v2\/posts\/13088\/revisions"}],"predecessor-version":[{"id":13090,"href":"https:\/\/defrentealaverdad.com\/index.php\/wp-json\/wp\/v2\/posts\/13088\/revisions\/13090"}],"wp:attachment":[{"href":"https:\/\/defrentealaverdad.com\/index.php\/wp-json\/wp\/v2\/media?parent=13088"}],"wp:term":[{"taxonomy":"category","embeddable":true,"href":"https:\/\/defrentealaverdad.com\/index.php\/wp-json\/wp\/v2\/categories?post=13088"},{"taxonomy":"post_tag","embeddable":true,"href":"https:\/\/defrentealaverdad.com\/index.php\/wp-json\/wp\/v2\/tags?post=13088"}],"curies":[{"name":"wp","href":"https:\/\/api.w.org\/{rel}","templated":true}]}}