{"id":13051,"date":"2024-02-28T22:17:21","date_gmt":"2024-02-28T22:17:21","guid":{"rendered":"https:\/\/defrentealaverdad.com\/?p=13051"},"modified":"2024-02-28T22:17:21","modified_gmt":"2024-02-28T22:17:21","slug":"deportistas-expresan-su-dominicanidad-en-el-dia-de-la-independencia-nacional","status":"publish","type":"post","link":"https:\/\/defrentealaverdad.com\/index.php\/2024\/02\/28\/deportistas-expresan-su-dominicanidad-en-el-dia-de-la-independencia-nacional\/","title":{"rendered":"Deportistas expresan su dominicanidad en el D\u00eda de la Independencia Nacional"},"content":{"rendered":"<figure class=\"post-thumbnail\"><img decoding=\"async\" class=\"post-thumbnail__img wp-post-image alignleft lazyload\" data-src=\"https:\/\/robertocavada.com\/wp-content\/uploads\/2024\/02\/WhatsApp-Image-2024-02-27-at-7.42.02-PM-770x540.jpeg\" alt=\"Deportistas expresan su dominicanidad en el D\u00eda de la Independencia Nacional\" width=\"432\" height=\"303\" src=\"data:image\/svg+xml;base64,PHN2ZyB3aWR0aD0iMSIgaGVpZ2h0PSIxIiB4bWxucz0iaHR0cDovL3d3dy53My5vcmcvMjAwMC9zdmciPjwvc3ZnPg==\" style=\"--smush-placeholder-width: 432px; --smush-placeholder-aspect-ratio: 432\/303;\" \/><\/figure>\n<div class=\"entry-content\">\n<div id=\"st-1\" class=\"sharethis-inline-share-buttons st-center st-lang-es st-has-labels  st-inline-share-buttons st-animated\">\n<div class=\"st-btn st-last st-remove-label\" style=\"text-align: justify;\" data-network=\"whatsapp\">En el marco del 180 aniversario de la Independencia Nacional, deportistas dominicano activos y retirados expresaron su orgullo de ser dominicano, algunos lo hicieron con videos otros con una fotograf\u00eda donde ponen en alto la Bandera Dominicana ganando una competencia o participando en alg\u00fan evento.<\/div>\n<\/div>\n<div id=\"advads-20faa3d32e970c2f947b51fbc8f1a051\" class=\"advads-20faa3d32e970c2f947b51fbc8f1a051 advads-content-first-paragraph\" style=\"text-align: justify;\">\n<div id=\"advads-452760477\" class=\"advads-content-first-paragraph\">\n<div data-advads-trackid=\"364394\" data-advads-trackbid=\"1\"><\/div>\n<div id=\"advads-979369630\" class=\"advads-target\" data-advads-trackid=\"364394\" data-advads-trackbid=\"1\">Uno de los que envi\u00f3 un mensaje fue el tercera base de los Medias Rojas de Boston, Rafael Deberse qui\u00e9n en un v\u00eddeo expres\u00f3 \u201cles quiero desear muchas felicidades el d\u00eda de la Independencia a todos los dominicanos\u201d.<\/div>\n<\/div>\n<\/div>\n<figure class=\"is-layout-flex wp-block-gallery-1 wp-block-gallery has-nested-images columns-default is-cropped\" style=\"text-align: justify;\">\n<figure class=\"wp-block-image size-large\"><img decoding=\"async\" class=\"wp-image-377146 alignright lazyload\" data-src=\"https:\/\/robertocavada.com\/wp-content\/uploads\/2024\/02\/WhatsApp-Image-2024-02-27-at-7.42.02-PM-3-812x1024.jpeg\" data-sizes=\"(max-width: 812px) 100vw, 812px\" data-srcset=\"https:\/\/robertocavada.com\/wp-content\/uploads\/2024\/02\/WhatsApp-Image-2024-02-27-at-7.42.02-PM-3-812x1024.jpeg 812w, https:\/\/robertocavada.com\/wp-content\/uploads\/2024\/02\/WhatsApp-Image-2024-02-27-at-7.42.02-PM-3-238x300.jpeg 238w, https:\/\/robertocavada.com\/wp-content\/uploads\/2024\/02\/WhatsApp-Image-2024-02-27-at-7.42.02-PM-3-768x969.jpeg 768w, https:\/\/robertocavada.com\/wp-content\/uploads\/2024\/02\/WhatsApp-Image-2024-02-27-at-7.42.02-PM-3-370x467.jpeg 370w, https:\/\/robertocavada.com\/wp-content\/uploads\/2024\/02\/WhatsApp-Image-2024-02-27-at-7.42.02-PM-3.jpeg 1080w\" alt=\"\" width=\"268\" height=\"338\" data-id=\"377146\" src=\"data:image\/svg+xml;base64,PHN2ZyB3aWR0aD0iMSIgaGVpZ2h0PSIxIiB4bWxucz0iaHR0cDovL3d3dy53My5vcmcvMjAwMC9zdmciPjwvc3ZnPg==\" style=\"--smush-placeholder-width: 268px; --smush-placeholder-aspect-ratio: 268\/338;\" \/><\/figure>\n<\/figure>\n<p style=\"text-align: justify;\">Juan Soto se defini\u00f3 como un \u201cdominicano hasta la tambora\u201d escribi\u00f3 en sus redes sociales. Lo propio hicieron todos los jugadores dominicanos de los Atl\u00e9ticos de Oakland qui\u00e9n se fotografiaron con la Bandera Nacional.<\/p>\n<p style=\"text-align: justify;\">Otro que mostr\u00f3 su dominicanidad fue el NBA de Minnesota Karl Town \u201cFeliz d\u00eda de la Independencia Dominicana\u201d escribi\u00f3 con una foto visitando el uniforme de la Selecci\u00f3n Nacional de Baloncesto.<\/p>\n<p style=\"text-align: justify;\">La campeona del mundo de los 400 metros planos femenino, Marileidy Paulino tambi\u00e9n felicit\u00f3 a los dominicanos alzando la Bandera Nacional sonriendo.<\/p>\n<p style=\"text-align: justify;\">Otros atletas y jugadores tambi\u00e9n mostraron lo orgulloso que se siente de ser dominicanos<\/p>\n<\/div>\n<p>&nbsp;<\/p>\n<p>Fuente: RC Noticias<\/p>\n","protected":false},"excerpt":{"rendered":"<p>En el marco del 180 aniversario de la Independencia Nacional, deportistas dominicano activos y retirados<\/p>\n","protected":false},"author":2,"featured_media":0,"comment_status":"open","ping_status":"open","sticky":false,"template":"","format":"standard","meta":{"footnotes":""},"categories":[3],"tags":[],"class_list":["post-13051","post","type-post","status-publish","format-standard","hentry","category-deportes"],"_links":{"self":[{"href":"https:\/\/defrentealaverdad.com\/index.php\/wp-json\/wp\/v2\/posts\/13051","targetHints":{"allow":["GET"]}}],"collection":[{"href":"https:\/\/defrentealaverdad.com\/index.php\/wp-json\/wp\/v2\/posts"}],"about":[{"href":"https:\/\/defrentealaverdad.com\/index.php\/wp-json\/wp\/v2\/types\/post"}],"author":[{"embeddable":true,"href":"https:\/\/defrentealaverdad.com\/index.php\/wp-json\/wp\/v2\/users\/2"}],"replies":[{"embeddable":true,"href":"https:\/\/defrentealaverdad.com\/index.php\/wp-json\/wp\/v2\/comments?post=13051"}],"version-history":[{"count":1,"href":"https:\/\/defrentealaverdad.com\/index.php\/wp-json\/wp\/v2\/posts\/13051\/revisions"}],"predecessor-version":[{"id":13052,"href":"https:\/\/defrentealaverdad.com\/index.php\/wp-json\/wp\/v2\/posts\/13051\/revisions\/13052"}],"wp:attachment":[{"href":"https:\/\/defrentealaverdad.com\/index.php\/wp-json\/wp\/v2\/media?parent=13051"}],"wp:term":[{"taxonomy":"category","embeddable":true,"href":"https:\/\/defrentealaverdad.com\/index.php\/wp-json\/wp\/v2\/categories?post=13051"},{"taxonomy":"post_tag","embeddable":true,"href":"https:\/\/defrentealaverdad.com\/index.php\/wp-json\/wp\/v2\/tags?post=13051"}],"curies":[{"name":"wp","href":"https:\/\/api.w.org\/{rel}","templated":true}]}}