{"id":13045,"date":"2024-02-28T22:12:40","date_gmt":"2024-02-28T22:12:40","guid":{"rendered":"https:\/\/defrentealaverdad.com\/?p=13045"},"modified":"2024-02-28T22:12:40","modified_gmt":"2024-02-28T22:12:40","slug":"abel-martinez-anuncia-alianza-en-25-senadurias-para-asegurar-una-victoria-democratica","status":"publish","type":"post","link":"https:\/\/defrentealaverdad.com\/index.php\/2024\/02\/28\/abel-martinez-anuncia-alianza-en-25-senadurias-para-asegurar-una-victoria-democratica\/","title":{"rendered":"Abel Mart\u00ednez anuncia alianza en 25 senadur\u00edas para asegurar una \u201cvictoria democr\u00e1tica\u201d"},"content":{"rendered":"<figure class=\"post-thumbnail\" style=\"text-align: justify;\"><img decoding=\"async\" class=\"post-thumbnail__img wp-post-image alignleft lazyload\" data-src=\"https:\/\/robertocavada.com\/wp-content\/uploads\/2024\/02\/Screenshot_20240227_184316_X-1024x485-1-770x485.jpg\" alt=\"Abel Mart\u00ednez anuncia alianza en 25 senadur\u00edas para asegurar una \u201cvictoria democr\u00e1tica\u201d\" width=\"770\" height=\"485\" src=\"data:image\/svg+xml;base64,PHN2ZyB3aWR0aD0iMSIgaGVpZ2h0PSIxIiB4bWxucz0iaHR0cDovL3d3dy53My5vcmcvMjAwMC9zdmciPjwvc3ZnPg==\" style=\"--smush-placeholder-width: 770px; --smush-placeholder-aspect-ratio: 770\/485;\" \/><\/figure>\n<div class=\"entry-content\">\n<div id=\"st-1\" class=\"sharethis-inline-share-buttons st-center st-lang-es st-has-labels  st-inline-share-buttons st-animated\" style=\"text-align: justify;\">\n<div class=\"st-btn st-remove-label\" data-network=\"telegram\"><\/div>\n<div class=\"st-btn st-last st-remove-label\" data-network=\"whatsapp\">El candidato presidencial del Partido de la Liberaci\u00f3n Dominicana (PLD), Abel Mart\u00ednez, anunci\u00f3 a trav\u00e9s de un video publicado en sus redes sociales, la conformaci\u00f3n de una s\u00f3lida alianza pol\u00edtica con la Alianza Rescate RD de cara a las pr\u00f3ximas elecciones.<\/div>\n<\/div>\n<div id=\"advads-e7f65d963bd160845e550f775999bed5\" class=\"advads-e7f65d963bd160845e550f775999bed5 advads-content-first-paragraph\" style=\"text-align: justify;\">\n<div id=\"advads-1903288033\" class=\"advads-content-first-paragraph\">\n<div id=\"advads-282298470\" class=\"advads-target\" data-advads-trackid=\"171507\" data-advads-trackbid=\"1\">Seg\u00fan Mart\u00ednez, esta alianza estrat\u00e9gica busca fortalecer el camino hacia la transformaci\u00f3n de la Rep\u00fablica Dominicana y asegurar una victoria contundente a favor de la democracia. En su mensaje, Mart\u00ednez destac\u00f3 que de las 32 senadur\u00edas en disputa, la Alianza Rescate RD y el PLD se unir\u00e1n en 25 demarcaciones.<\/div>\n<\/div>\n<\/div>\n<p style=\"text-align: justify;\">De estas, 11 estar\u00e1n encabezadas por candidatos del PLD, mientras que en otras siete se concurrir\u00e1 separadamente o con alianzas parciales. Con esta colaboraci\u00f3n, un total de 18 candidatos del PLD se convertir\u00e1n en senadores de la Rep\u00fablica.<\/p>\n<\/div>\n<p>Fuente: RC Noticias<\/p>\n","protected":false},"excerpt":{"rendered":"<p>El candidato presidencial del Partido de la Liberaci\u00f3n Dominicana (PLD), Abel Mart\u00ednez, anunci\u00f3 a trav\u00e9s<\/p>\n","protected":false},"author":1,"featured_media":0,"comment_status":"open","ping_status":"open","sticky":false,"template":"","format":"standard","meta":{"footnotes":""},"categories":[12],"tags":[],"class_list":["post-13045","post","type-post","status-publish","format-standard","hentry","category-politicas"],"_links":{"self":[{"href":"https:\/\/defrentealaverdad.com\/index.php\/wp-json\/wp\/v2\/posts\/13045","targetHints":{"allow":["GET"]}}],"collection":[{"href":"https:\/\/defrentealaverdad.com\/index.php\/wp-json\/wp\/v2\/posts"}],"about":[{"href":"https:\/\/defrentealaverdad.com\/index.php\/wp-json\/wp\/v2\/types\/post"}],"author":[{"embeddable":true,"href":"https:\/\/defrentealaverdad.com\/index.php\/wp-json\/wp\/v2\/users\/1"}],"replies":[{"embeddable":true,"href":"https:\/\/defrentealaverdad.com\/index.php\/wp-json\/wp\/v2\/comments?post=13045"}],"version-history":[{"count":1,"href":"https:\/\/defrentealaverdad.com\/index.php\/wp-json\/wp\/v2\/posts\/13045\/revisions"}],"predecessor-version":[{"id":13046,"href":"https:\/\/defrentealaverdad.com\/index.php\/wp-json\/wp\/v2\/posts\/13045\/revisions\/13046"}],"wp:attachment":[{"href":"https:\/\/defrentealaverdad.com\/index.php\/wp-json\/wp\/v2\/media?parent=13045"}],"wp:term":[{"taxonomy":"category","embeddable":true,"href":"https:\/\/defrentealaverdad.com\/index.php\/wp-json\/wp\/v2\/categories?post=13045"},{"taxonomy":"post_tag","embeddable":true,"href":"https:\/\/defrentealaverdad.com\/index.php\/wp-json\/wp\/v2\/tags?post=13045"}],"curies":[{"name":"wp","href":"https:\/\/api.w.org\/{rel}","templated":true}]}}