{"id":13038,"date":"2024-02-28T21:52:25","date_gmt":"2024-02-28T21:52:25","guid":{"rendered":"https:\/\/defrentealaverdad.com\/?p=13038"},"modified":"2024-02-28T21:55:51","modified_gmt":"2024-02-28T21:55:51","slug":"unos-10500-militares-y-policias-desfilan-en-malecon-de-santo-domingo-por-180-aniversario-de-la-independencia-nacional","status":"publish","type":"post","link":"https:\/\/defrentealaverdad.com\/index.php\/2024\/02\/28\/unos-10500-militares-y-policias-desfilan-en-malecon-de-santo-domingo-por-180-aniversario-de-la-independencia-nacional\/","title":{"rendered":"Unos 10,500 militares y polic\u00edas desfilan en malec\u00f3n de Santo Domingo por 180 Aniversario de la Independencia Nacional"},"content":{"rendered":"<div class=\"post-header\">\n<div class=\"post-head\" style=\"text-align: justify;\"><\/div>\n<div style=\"text-align: justify;\">Por Felix Rubio<\/div>\n<\/div>\n<article>\n<div id=\"post-body-7593030403638651510\" class=\"post-body entry-content\">\n<div class=\"separator\" style=\"text-align: justify;\"><a href=\"https:\/\/blogger.googleusercontent.com\/img\/b\/R29vZ2xl\/AVvXsEjrdfCAjMuZl4YMUgDiHqiRrTAGF_jbiBMQXKaZ81BjsQYsr-uwGLdv9dKH8GHNRt8chFnSwXWinzJ3LivSwZ5ZCdhDphQkBilHb_W6rfGgI-Upgez7ZLFfzi2oVz8BtqVEqtBkrmZhfY1QwOWnRByhdcFslXvl48IXubGJh89yXJUswjFDkA8l0V-s4fE\/s2560\/IMG-20240228-WA0075.jpg\"><img decoding=\"async\" class=\"alignleft lazyload\" title=\"IMG-20240228-WA0075\" data-src=\"https:\/\/blogger.googleusercontent.com\/img\/b\/R29vZ2xl\/AVvXsEjrdfCAjMuZl4YMUgDiHqiRrTAGF_jbiBMQXKaZ81BjsQYsr-uwGLdv9dKH8GHNRt8chFnSwXWinzJ3LivSwZ5ZCdhDphQkBilHb_W6rfGgI-Upgez7ZLFfzi2oVz8BtqVEqtBkrmZhfY1QwOWnRByhdcFslXvl48IXubGJh89yXJUswjFDkA8l0V-s4fE\/s320\/IMG-20240228-WA0075.jpg\" alt=\"IMG-20240228-WA0075\" width=\"320\" height=\"213\" border=\"0\" data-original-height=\"1704\" data-original-width=\"2560\" src=\"data:image\/svg+xml;base64,PHN2ZyB3aWR0aD0iMSIgaGVpZ2h0PSIxIiB4bWxucz0iaHR0cDovL3d3dy53My5vcmcvMjAwMC9zdmciPjwvc3ZnPg==\" style=\"--smush-placeholder-width: 320px; --smush-placeholder-aspect-ratio: 320\/213;\" \/><\/a><\/div>\n<p style=\"text-align: justify;\">Santo Domingo. &#8211; Unos 10,500 miembros de las Fuerzas Armadas y la Polic\u00eda Nacional desfilaron este 27 de febrero en el malec\u00f3n de esta capital con motivo del 180 aniversario de la Independencia Nacional.<\/p>\n<p style=\"text-align: justify;\">Como cada a\u00f1o, el tradicional desfile militar y policial es encabezado por el presidente de la Rep\u00fablica, Luis Rodolfo Abinader Corona, Autoridad Suprema de las Fuerzas Armadas y la Polic\u00eda Nacional.<\/p>\n<p style=\"text-align: justify;\">El mandatario estuvo acompa\u00f1ado de la Primera Dama, Raquel Arbaje; la Vicepresidenta de la Rep\u00fablica, Raquel Pe\u00f1a; el Ministro de Defensa, teniente general Carlos Luciano D\u00edaz Morfa, ERD, el Estado Mayor General de las Fuerzas Armadas y la Polic\u00eda Nacional, el expresidente Hip\u00f3lito Mej\u00eda, as\u00ed como altos funcionarios del gobierno, el cuerpo diplom\u00e1tico acreditado en el pa\u00eds e invitados especiales.<img decoding=\"async\" class=\"alignright lazyload\" data-src=\"https:\/\/blogger.googleusercontent.com\/img\/b\/R29vZ2xl\/AVvXsEg34xqhY6oim4vtqVQKEzl2z4E5BWLidQqe9-CpO5sJh-6-sAQCgj3qSoXYUxSVTuPlNrf5EC6uQM1DL9wAQaSxuR7agNF3sAXvOXdnMEFlt_myplMp8LGeRlMWcGkK-laivU8dQkiAAZDFTWTEinmcsSojBi8J-7m2H0OA2M-cYI7h7I3f5f2N7dvoXKA\/s320\/IMG-20240228-WA0073.jpg\" alt=\"IMG-20240228-WA0073\" src=\"data:image\/svg+xml;base64,PHN2ZyB3aWR0aD0iMSIgaGVpZ2h0PSIxIiB4bWxucz0iaHR0cDovL3d3dy53My5vcmcvMjAwMC9zdmciPjwvc3ZnPg==\" \/><\/p>\n<p style=\"text-align: justify;\">Miles de personas se dieron cita en la avenida George Washington para presenciar el despliegue militar y policial por aire, mar y tierra, y disfrutaron de las exhibiciones de las brigadas, unidades mecanizadas, motorizadas, blindados y la Caballer\u00eda de Sangre del Ej\u00e9rcito, embarcaciones de la Armada surcando las aguas del Mar Caribe y el pasaje de aeronaves de la Fuerza A\u00e9rea y del Ej\u00e9rcito.<\/p>\n<p style=\"text-align: justify;\">A su llegada, el presidente de la Rep\u00fablica recibi\u00f3 los honores militares de estilo correspondientes por parte del Primer Regimiento Guardia Presidencial al comp\u00e1s de la Banda de M\u00fasica del Ministerio de Defensa, cuyos m\u00fasicos interpretaron las notas gloriosas del Himno Nacional.<\/p>\n<p style=\"text-align: justify;\">Acto seguido y una vez le\u00edda la Orden del D\u00eda, el mayor general Manuel Antonio Lachapelle de los Santos, ERD, comandante de la Divisi\u00f3n Conjunta Independencia 2024, con el permiso concedido del Ejecutivo, inici\u00f3 formalmente el desfile militar y policial.<\/p>\n<p style=\"text-align: justify;\"><a href=\"https:\/\/blogger.googleusercontent.com\/img\/b\/R29vZ2xl\/AVvXsEgTxCJxZkM5oqry7sh2OI1iB8l23LQClH_lf-8RyUP1Jz7Hkoj6TqpqsHGItS_p89fK3aGpOb37xI7yPS6pXzXIhDEkqlmOALA5l0jq88Rn9nZBxOgd-iYkyWVZCKBZCRsOkiH5-mwIKLSomWq98uEj-64Kcz1lrFEMWwBeRO-V6IJXln3AUgYUEIuMjs0\/s2560\/IMG-20240228-WA0078.jpg\"><img decoding=\"async\" class=\"alignleft lazyload\" title=\"IMG-20240228-WA0078\" data-src=\"https:\/\/blogger.googleusercontent.com\/img\/b\/R29vZ2xl\/AVvXsEgTxCJxZkM5oqry7sh2OI1iB8l23LQClH_lf-8RyUP1Jz7Hkoj6TqpqsHGItS_p89fK3aGpOb37xI7yPS6pXzXIhDEkqlmOALA5l0jq88Rn9nZBxOgd-iYkyWVZCKBZCRsOkiH5-mwIKLSomWq98uEj-64Kcz1lrFEMWwBeRO-V6IJXln3AUgYUEIuMjs0\/s320\/IMG-20240228-WA0078.jpg\" alt=\"IMG-20240228-WA0078\" width=\"320\" height=\"213\" border=\"0\" data-original-height=\"1704\" data-original-width=\"2560\" src=\"data:image\/svg+xml;base64,PHN2ZyB3aWR0aD0iMSIgaGVpZ2h0PSIxIiB4bWxucz0iaHR0cDovL3d3dy53My5vcmcvMjAwMC9zdmciPjwvc3ZnPg==\" style=\"--smush-placeholder-width: 320px; --smush-placeholder-aspect-ratio: 320\/213;\" \/><\/a>Una primera brigada conjunta, estuvo conformada por batallones de cadetes de las Fuerzas Armadas y la Polic\u00eda Nacional, del Regimiento Guardia de Honor del MIDE, banda de m\u00fasica, una compa\u00f1\u00eda de la Fuerza de Tarea Conjunta Ciudad Tranquila (FTC-CIUTRAN), la Unidad Contraterrorismo (SWATS) y cadetes de los Estados Unidos Mexicanos y de la Fuerzas Armadas de la Rep\u00fablica de Colombia.<a href=\"https:\/\/blogger.googleusercontent.com\/img\/b\/R29vZ2xl\/AVvXsEggMOTPyw_FZ7-beLAF9yueas_nVN4gF3SjV89I_t4rLg2A0t5utbVG_kx1Y0n5UR1OvTdynhXNOg8igkSmvo7pYM-iFi5lR43LU9Sb-2spk6pH6bfJKiGbMrzt79Y2raMIrK9Jgf2M4rXbbQsUM-nR_srC7auvtG0q8AAH-1Y43XkJN-M9yvJy79ZJBPo\/s2560\/IMG-20240228-WA0079.jpg\"><img decoding=\"async\" class=\"alignright lazyload\" title=\"IMG-20240228-WA0079\" data-src=\"https:\/\/blogger.googleusercontent.com\/img\/b\/R29vZ2xl\/AVvXsEggMOTPyw_FZ7-beLAF9yueas_nVN4gF3SjV89I_t4rLg2A0t5utbVG_kx1Y0n5UR1OvTdynhXNOg8igkSmvo7pYM-iFi5lR43LU9Sb-2spk6pH6bfJKiGbMrzt79Y2raMIrK9Jgf2M4rXbbQsUM-nR_srC7auvtG0q8AAH-1Y43XkJN-M9yvJy79ZJBPo\/s320\/IMG-20240228-WA0079.jpg\" alt=\"IMG-20240228-WA0079\" width=\"320\" height=\"213\" border=\"0\" data-original-height=\"1704\" data-original-width=\"2560\" src=\"data:image\/svg+xml;base64,PHN2ZyB3aWR0aD0iMSIgaGVpZ2h0PSIxIiB4bWxucz0iaHR0cDovL3d3dy53My5vcmcvMjAwMC9zdmciPjwvc3ZnPg==\" style=\"--smush-placeholder-width: 320px; --smush-placeholder-aspect-ratio: 320\/213;\" \/><\/a><\/p>\n<p style=\"text-align: justify;\">Luego, cuatro brigadas del Ej\u00e9rcito exhibieron las capacidades de sus tropas regulares, la Unidad Humanitaria de Rescate y los batallones Monta\u00f1eros, Macheteros, Iguaneros, Cazadores, Cimarrones y Comandos. Tambi\u00e9n desfilaron unidades de infanter\u00eda mecanizadas (blindados), camionetas, buggies y motorizados.<\/p>\n<p style=\"text-align: justify;\">En tanto la Armada y la Fuerza A\u00e9rea, por tierra desplegaron sus unidades de Fuerzas Especiales y motorizadas terrestres. En el caso de los Cuerpos Especializados de Seguridad del Ministerio de Defensa (MIDE), desfilaron compa\u00f1\u00edas del Cuerpo Especializado de Control de Combustibles y Comercio de Mercanc\u00edas (CECCOM), del Cuerpo Especializado para la Seguridad del Metro y el Telef\u00e9rico de Santo Domingo (CESMET), el Cuerpo Especializado en Seguridad Portuaria (CESEP), del Cuerpo Especializado de Seguridad Aeroportuaria y de la Aviaci\u00f3n Civil (CESAC), el Cuerpo Especializado en Seguridad Fronteriza Terrestre (CESFRONT), del Servicio Nacional de Protecci\u00f3n Ambiental (SENPA), la Comisi\u00f3n Militar y Policial del Ministerio de Obras P\u00fablicas y Comunicaciones (COMIPOL) y el Servicio Militar Voluntario (SVM).<\/p>\n<p style=\"text-align: justify;\">Junto a ellos, tambi\u00e9n pasaron los laboratorios m\u00f3viles del Banco de Sangre y Hemoderivados de las Fuerzas Armadas (BANSAHEFA) y del Centro de Atenci\u00f3n Integral de las Fuerzas Armadas (CAIFFAA), representantes de la Defensa Civil dominicana y finalmente desfilaron las tropas de la Polic\u00eda Nacional (Lince), quienes para concluir cerraron con la exhibici\u00f3n de sus unidades motorizadas.<\/p>\n<div class=\"separator\" style=\"text-align: justify;\"><\/div>\n<p style=\"text-align: justify;\">Fuente: Prensa FFAA<\/p>\n<div class=\"separator\"><\/div>\n<\/div>\n<\/article>\n","protected":false},"excerpt":{"rendered":"<p>Por Felix Rubio Santo Domingo. &#8211; Unos 10,500 miembros de las Fuerzas Armadas y la<\/p>\n","protected":false},"author":1,"featured_media":0,"comment_status":"open","ping_status":"open","sticky":false,"template":"","format":"standard","meta":{"footnotes":""},"categories":[7],"tags":[],"class_list":["post-13038","post","type-post","status-publish","format-standard","hentry","category-nacionales"],"_links":{"self":[{"href":"https:\/\/defrentealaverdad.com\/index.php\/wp-json\/wp\/v2\/posts\/13038","targetHints":{"allow":["GET"]}}],"collection":[{"href":"https:\/\/defrentealaverdad.com\/index.php\/wp-json\/wp\/v2\/posts"}],"about":[{"href":"https:\/\/defrentealaverdad.com\/index.php\/wp-json\/wp\/v2\/types\/post"}],"author":[{"embeddable":true,"href":"https:\/\/defrentealaverdad.com\/index.php\/wp-json\/wp\/v2\/users\/1"}],"replies":[{"embeddable":true,"href":"https:\/\/defrentealaverdad.com\/index.php\/wp-json\/wp\/v2\/comments?post=13038"}],"version-history":[{"count":2,"href":"https:\/\/defrentealaverdad.com\/index.php\/wp-json\/wp\/v2\/posts\/13038\/revisions"}],"predecessor-version":[{"id":13040,"href":"https:\/\/defrentealaverdad.com\/index.php\/wp-json\/wp\/v2\/posts\/13038\/revisions\/13040"}],"wp:attachment":[{"href":"https:\/\/defrentealaverdad.com\/index.php\/wp-json\/wp\/v2\/media?parent=13038"}],"wp:term":[{"taxonomy":"category","embeddable":true,"href":"https:\/\/defrentealaverdad.com\/index.php\/wp-json\/wp\/v2\/categories?post=13038"},{"taxonomy":"post_tag","embeddable":true,"href":"https:\/\/defrentealaverdad.com\/index.php\/wp-json\/wp\/v2\/tags?post=13038"}],"curies":[{"name":"wp","href":"https:\/\/api.w.org\/{rel}","templated":true}]}}