{"id":13020,"date":"2024-02-27T20:10:23","date_gmt":"2024-02-27T20:10:23","guid":{"rendered":"https:\/\/defrentealaverdad.com\/?p=13020"},"modified":"2024-02-27T20:10:23","modified_gmt":"2024-02-27T20:10:23","slug":"embajada-dominicana-en-belgica-celebra-fiesta-de-independencia-nacional","status":"publish","type":"post","link":"https:\/\/defrentealaverdad.com\/index.php\/2024\/02\/27\/embajada-dominicana-en-belgica-celebra-fiesta-de-independencia-nacional\/","title":{"rendered":"Embajada dominicana en B\u00e9lgica celebra Fiesta de Independencia Nacional"},"content":{"rendered":"<figure class=\"text-lg\" style=\"text-align: justify;\"><picture><img decoding=\"async\" class=\"mx-auto lazyload\" title=\"Embajada dominicana en B\u00e9lgica celebra fiesta de la independencia nacional\" data-src=\"https:\/\/resources.diariolibre.com\/images\/2024\/02\/27\/embajada-de-rd-en-belgica-celebra-fiesta-de-la-independencia-focus-min0.08-0.19-896-504.jpg\" data-srcset=\"https:\/\/resources.diariolibre.com\/images\/2024\/02\/27\/embajada-de-rd-en-belgica-celebra-fiesta-de-la-independencia-focus-min0.08-0.19-500-281.jpg 500w, https:\/\/resources.diariolibre.com\/images\/2024\/02\/27\/embajada-de-rd-en-belgica-celebra-fiesta-de-la-independencia-focus-min0.08-0.19-546-307.jpg 800w, https:\/\/resources.diariolibre.com\/images\/2024\/02\/27\/embajada-de-rd-en-belgica-celebra-fiesta-de-la-independencia-focus-min0.08-0.19-896-504.jpg 1200w\" alt=\"Embajada dominicana en B\u00e9lgica celebra fiesta de la independencia nacional\" width=\"100%\" height=\"307\" src=\"data:image\/svg+xml;base64,PHN2ZyB3aWR0aD0iMSIgaGVpZ2h0PSIxIiB4bWxucz0iaHR0cDovL3d3dy53My5vcmcvMjAwMC9zdmciPjwvc3ZnPg==\" \/><\/picture><figcaption><\/figcaption><\/figure>\n<div class=\"detail-body text-lg\" style=\"text-align: justify;\">\n<p>La\u00a0<strong>Embajada<\/strong>\u00a0de la\u00a0<strong>Rep\u00fablica<\/strong>\u00a0Dominicana ante el Reino de B\u00e9lgica, Gran Ducado de Luxemburgo y Misi\u00f3n ante la Uni\u00f3n Europea celebr\u00f3 el 180 aniversario de la Independencia Nacional Dominicana con una recepci\u00f3n al ritmo del folclore dominicano.<\/p>\n<p>El embajador dominicano en B\u00e9lgica, Iv\u00e1n Ogando Lora, resalt\u00f3 el significado del\u00a0<strong>27 de febrero<\/strong>\u00a0para el pueblo dominicano, un pa\u00eds que en los \u00faltimos 50 a\u00f1os ha logrado consolidar una de las econom\u00edas \u00abm\u00e1s grandes de la regi\u00f3n\u00bb.<\/p>\n<p>Seg\u00fan una nota de prensa, el\u00a0<strong>diplom\u00e1tico<\/strong>\u00a0destac\u00f3 los hitos m\u00e1s relevantes alcanzados por la\u00a0<strong>Rep\u00fablica<\/strong>\u00a0Dominicana en el 2023, entre ellos, la llegada de 10.3 millones de visitantes el a\u00f1o pasado.<\/p>\n<div id=\"dl_300x250_inread\" data-google-query-id=\"CK6Z2rKpzIQDFRnTKAUdKM4IfA\">\n<div id=\"google_ads_iframe_\/1659553\/dl_300x250_inread_0__container__\"><strong>Manejo de la administraci\u00f3n\u00a0p\u00fablica<\/strong><\/div>\n<\/div>\n<p>Asimismo, Ogando Lora subray\u00f3 el compromiso de la\u00a0<strong>administraci\u00f3n<\/strong>\u00a0p\u00fablica con el fortalecimiento del Estado de derecho y la\u00a0<strong>transparencia<\/strong>.<\/p>\n<p>Tambi\u00e9n, enfatiz\u00f3 la permanente vocaci\u00f3n del pa\u00eds para promover en todos los espacios internacionales el di\u00e1logo, el comercio justo, la cooperaci\u00f3n y el entendimiento \u00abque permitan hacer frente a los retos globales comunes en un marco de respeto mutuo\u00bb.<\/p>\n<p>En ese sentido, conmin\u00f3 a la\u00a0<strong>comunidad<\/strong>\u00a0dominicana en B\u00e9lgica y Luxemburgo a continuar trabajando \u00abpara enaltecer, a\u00fan m\u00e1s, los mejores\u00a0<strong>valores<\/strong> de nuestra nacionalidad en estas tierras\u00bb.<\/p>\n<p><strong>Actividades de celebraci\u00f3n<\/strong><\/p>\n<p>Acto seguido, el evento de la\u00a0<strong>fiesta<\/strong>\u00a0patria incluy\u00f3 artes visuales, una\u00a0<strong>exposici\u00f3n<\/strong>\u00a0de los\u00a0<strong>productos<\/strong>\u00a0dominicanos de\u00a0<strong>exportaci\u00f3n<\/strong>\u00a0m\u00e1s reconocidos y una presentaci\u00f3n del Ballet Dominicano en Europa, quienes amenizaron la\u00a0<strong>actividad<\/strong>\u00a0con una muestra de bailes t\u00edpicos y modernos que maravill\u00f3 a los presentes, por la variedad y la riqueza cultural de los ritmos aut\u00f3ctonos dominicanos.<\/p>\n<p>Durante la celebraci\u00f3n, los invitados degustaron una selecci\u00f3n especial de\u00a0<strong>productos<\/strong>\u00a0dominicanos, tales como chocolate, cerveza, ron y cigarros premium.<\/p>\n<p>Las marcas\u00a0<strong>Cervecer\u00eda<\/strong> Nacional Dominicana, Caf\u00e9 Santo Domingo, Cigarros La Aurora, Saga Cigars, Chocolate Kah Kow y el Mercado Matinal de Mabru de Bruselas apoyaron la experiencia. La <strong>actividad<\/strong>\u00a0fue realizada con el apoyo del\u00a0<strong>Ministerio<\/strong>\u00a0de Relaciones Exteriores y tuvo lugar en el hotel Steigenberger Wiltcher&#8217;s de Bruselas, donde se dieron cita dignatarios del gobierno belga, representantes de la Uni\u00f3n Europea, embajadores, personalidades del \u00e1mbito empresarial y de inversi\u00f3n en B\u00e9lgica, as\u00ed como miembros de la\u00a0<strong>comunidad<\/strong> dominicana.<\/p>\n<\/div>\n<p style=\"text-align: justify;\">\n<p style=\"text-align: justify;\">Fuente: Diario Libre<\/p>\n","protected":false},"excerpt":{"rendered":"<p>La\u00a0Embajada\u00a0de la\u00a0Rep\u00fablica\u00a0Dominicana ante el Reino de B\u00e9lgica, Gran Ducado de Luxemburgo y Misi\u00f3n ante la<\/p>\n","protected":false},"author":2,"featured_media":0,"comment_status":"open","ping_status":"open","sticky":false,"template":"","format":"standard","meta":{"footnotes":""},"categories":[7],"tags":[],"class_list":["post-13020","post","type-post","status-publish","format-standard","hentry","category-nacionales"],"_links":{"self":[{"href":"https:\/\/defrentealaverdad.com\/index.php\/wp-json\/wp\/v2\/posts\/13020","targetHints":{"allow":["GET"]}}],"collection":[{"href":"https:\/\/defrentealaverdad.com\/index.php\/wp-json\/wp\/v2\/posts"}],"about":[{"href":"https:\/\/defrentealaverdad.com\/index.php\/wp-json\/wp\/v2\/types\/post"}],"author":[{"embeddable":true,"href":"https:\/\/defrentealaverdad.com\/index.php\/wp-json\/wp\/v2\/users\/2"}],"replies":[{"embeddable":true,"href":"https:\/\/defrentealaverdad.com\/index.php\/wp-json\/wp\/v2\/comments?post=13020"}],"version-history":[{"count":1,"href":"https:\/\/defrentealaverdad.com\/index.php\/wp-json\/wp\/v2\/posts\/13020\/revisions"}],"predecessor-version":[{"id":13021,"href":"https:\/\/defrentealaverdad.com\/index.php\/wp-json\/wp\/v2\/posts\/13020\/revisions\/13021"}],"wp:attachment":[{"href":"https:\/\/defrentealaverdad.com\/index.php\/wp-json\/wp\/v2\/media?parent=13020"}],"wp:term":[{"taxonomy":"category","embeddable":true,"href":"https:\/\/defrentealaverdad.com\/index.php\/wp-json\/wp\/v2\/categories?post=13020"},{"taxonomy":"post_tag","embeddable":true,"href":"https:\/\/defrentealaverdad.com\/index.php\/wp-json\/wp\/v2\/tags?post=13020"}],"curies":[{"name":"wp","href":"https:\/\/api.w.org\/{rel}","templated":true}]}}