{"id":1301,"date":"2022-05-18T00:15:48","date_gmt":"2022-05-18T00:15:48","guid":{"rendered":"https:\/\/defrentealaverdad.com\/?p=1301"},"modified":"2022-05-17T21:22:26","modified_gmt":"2022-05-17T21:22:26","slug":"libreria-recursos-de-vida-escenario-para-tener-una-tarde-con-mi-confidente","status":"publish","type":"post","link":"https:\/\/defrentealaverdad.com\/index.php\/2022\/05\/18\/libreria-recursos-de-vida-escenario-para-tener-una-tarde-con-mi-confidente\/","title":{"rendered":"Librer\u00eda Recursos de Vida: escenario para tener \u201cUna Tarde con mi Confidente\u201d."},"content":{"rendered":"<p><img decoding=\"async\" class=\"alignnone size-medium wp-image-1307 aligncenter lazyload\" data-src=\"https:\/\/defrentealaverdad.com\/wp-content\/uploads\/2022\/05\/385dc172-0041-47fd-b690-261bd58ac991-300x169.jpg\" alt=\"\" width=\"300\" height=\"169\" data-srcset=\"https:\/\/defrentealaverdad.com\/wp-content\/uploads\/2022\/05\/385dc172-0041-47fd-b690-261bd58ac991-300x169.jpg 300w, https:\/\/defrentealaverdad.com\/wp-content\/uploads\/2022\/05\/385dc172-0041-47fd-b690-261bd58ac991-1024x578.jpg 1024w, https:\/\/defrentealaverdad.com\/wp-content\/uploads\/2022\/05\/385dc172-0041-47fd-b690-261bd58ac991-768x433.jpg 768w, https:\/\/defrentealaverdad.com\/wp-content\/uploads\/2022\/05\/385dc172-0041-47fd-b690-261bd58ac991-800x450.jpg 800w, https:\/\/defrentealaverdad.com\/wp-content\/uploads\/2022\/05\/385dc172-0041-47fd-b690-261bd58ac991.jpg 1280w\" data-sizes=\"(max-width: 300px) 100vw, 300px\" src=\"data:image\/svg+xml;base64,PHN2ZyB3aWR0aD0iMSIgaGVpZ2h0PSIxIiB4bWxucz0iaHR0cDovL3d3dy53My5vcmcvMjAwMC9zdmciPjwvc3ZnPg==\" style=\"--smush-placeholder-width: 300px; --smush-placeholder-aspect-ratio: 300\/169;\" \/><\/p>\n<p>Santo Domingo \u2013 Con una exitosa afluencia de mujeres profesionales, emprendedoras, madres deseosas de conocer la agenda de planificaci\u00f3n integral \u201cCONFIDENTE 2022\u201d, teniendo como lugar la <strong>Librer\u00eda Recursos de Vida, <\/strong>la arquitecta <strong>Yelice Michel Mej\u00eda <\/strong>dio a conocer los detalles de c\u00f3mo Dios le inspiro a crear esta herramienta enfocada en la mujer moderna que no es solo profesional sino tambi\u00e9n esposa, amiga y sobretodo: MADRE!<\/p>\n<p>\u201cCONFIDENTE 2022\u201d, una agenda que surge por una necesidad personal, la cual era un reto poder llevar un orden diligencias personales, reflexiones espirituales y seguimiento financiero, por lo que su creadora inspirada por Dios en oraci\u00f3n toma como misi\u00f3n desarrollar est\u00e1 herramienta donde quienes la adquieran podar encontrar recursos para ordenar su \u00e1rea espiritual, financiera y gestionar sus tiempos en todos los roles que deben desempe\u00f1ar cada d\u00eda.<\/p>\n<p><img decoding=\"async\" class=\"alignnone size-medium wp-image-1308 aligncenter lazyload\" data-src=\"https:\/\/defrentealaverdad.com\/wp-content\/uploads\/2022\/05\/983850d7-a506-405e-aa5f-8fdb6248f114-300x169.jpg\" alt=\"\" width=\"300\" height=\"169\" src=\"data:image\/svg+xml;base64,PHN2ZyB3aWR0aD0iMSIgaGVpZ2h0PSIxIiB4bWxucz0iaHR0cDovL3d3dy53My5vcmcvMjAwMC9zdmciPjwvc3ZnPg==\" style=\"--smush-placeholder-width: 300px; --smush-placeholder-aspect-ratio: 300\/169;\" \/><\/p>\n<p>La creadora de \u201cCONFIDENTE 2022, la Arq. Michel detall\u00f3 la importancia que sugiere a la mujer de hoy, contar con herramientas como esta, las cuales permiten <em>una planificaci\u00f3n que nos ayudara a ser m\u00e1s organizadas, enfocadas y estar conectadas con nuestro Padre en todo sentido y esfera, <\/em>como expuso a las asistentes de la conferencia.<\/p>\n<p>La Librer\u00eda Recursos de Vida y la Cafeter\u00eda \u201cEl Shaddai\u201d ambos emprendimientos de car\u00e1cter cristiano y ubicados en el Sector de Bella Vista han desarrollado una alianza estrat\u00e9gica para llevar a cabo este 2022, una serie de conferencias y actividades enfocadas al \u00e1mbito cultural, literario y art\u00edstico, teniendo como principales protagonistas, personalidades que desear edificar a trav\u00e9s de las artes y sus proyectos culturales de car\u00e1cter cristiano.<\/p>\n<p><img decoding=\"async\" class=\"alignnone size-medium wp-image-1309 aligncenter lazyload\" data-src=\"https:\/\/defrentealaverdad.com\/wp-content\/uploads\/2022\/05\/7a8fe9cc-2135-4e8b-a75f-d80ddf2552e4-300x169.jpg\" alt=\"\" width=\"300\" height=\"169\" data-srcset=\"https:\/\/defrentealaverdad.com\/wp-content\/uploads\/2022\/05\/7a8fe9cc-2135-4e8b-a75f-d80ddf2552e4-300x169.jpg 300w, https:\/\/defrentealaverdad.com\/wp-content\/uploads\/2022\/05\/7a8fe9cc-2135-4e8b-a75f-d80ddf2552e4-1024x578.jpg 1024w, https:\/\/defrentealaverdad.com\/wp-content\/uploads\/2022\/05\/7a8fe9cc-2135-4e8b-a75f-d80ddf2552e4-768x433.jpg 768w, https:\/\/defrentealaverdad.com\/wp-content\/uploads\/2022\/05\/7a8fe9cc-2135-4e8b-a75f-d80ddf2552e4-800x450.jpg 800w, https:\/\/defrentealaverdad.com\/wp-content\/uploads\/2022\/05\/7a8fe9cc-2135-4e8b-a75f-d80ddf2552e4.jpg 1280w\" data-sizes=\"(max-width: 300px) 100vw, 300px\" src=\"data:image\/svg+xml;base64,PHN2ZyB3aWR0aD0iMSIgaGVpZ2h0PSIxIiB4bWxucz0iaHR0cDovL3d3dy53My5vcmcvMjAwMC9zdmciPjwvc3ZnPg==\" style=\"--smush-placeholder-width: 300px; --smush-placeholder-aspect-ratio: 300\/169;\" \/><\/p>\n<p>Para adquirir la agenda \u201cCONFIDENTE\u201d as\u00ed como conocer los planes y propuesta de la Librer\u00eda para eventos y actividades, puede contactar al 809-508-744 o escribiendo al correo: <a href=\"mailto:libreriarecursosdv@gmail.com\">libreriarecursosdv@gmail.com<\/a> o siguiendo a la cuenta de Instagram: @libreriarecursosdevida.<\/p>\n<p>&nbsp;<\/p>\n<p>Fuente: Librer\u00eda Recursos de Vida RD<\/p>\n","protected":false},"excerpt":{"rendered":"<p>Santo Domingo \u2013 Con una exitosa afluencia de mujeres profesionales, emprendedoras, madres deseosas de conocer<\/p>\n","protected":false},"author":1,"featured_media":0,"comment_status":"open","ping_status":"open","sticky":false,"template":"","format":"standard","meta":{"footnotes":""},"categories":[7,13],"tags":[],"class_list":["post-1301","post","type-post","status-publish","format-standard","hentry","category-nacionales","category-sociales"],"_links":{"self":[{"href":"https:\/\/defrentealaverdad.com\/index.php\/wp-json\/wp\/v2\/posts\/1301","targetHints":{"allow":["GET"]}}],"collection":[{"href":"https:\/\/defrentealaverdad.com\/index.php\/wp-json\/wp\/v2\/posts"}],"about":[{"href":"https:\/\/defrentealaverdad.com\/index.php\/wp-json\/wp\/v2\/types\/post"}],"author":[{"embeddable":true,"href":"https:\/\/defrentealaverdad.com\/index.php\/wp-json\/wp\/v2\/users\/1"}],"replies":[{"embeddable":true,"href":"https:\/\/defrentealaverdad.com\/index.php\/wp-json\/wp\/v2\/comments?post=1301"}],"version-history":[{"count":4,"href":"https:\/\/defrentealaverdad.com\/index.php\/wp-json\/wp\/v2\/posts\/1301\/revisions"}],"predecessor-version":[{"id":1311,"href":"https:\/\/defrentealaverdad.com\/index.php\/wp-json\/wp\/v2\/posts\/1301\/revisions\/1311"}],"wp:attachment":[{"href":"https:\/\/defrentealaverdad.com\/index.php\/wp-json\/wp\/v2\/media?parent=1301"}],"wp:term":[{"taxonomy":"category","embeddable":true,"href":"https:\/\/defrentealaverdad.com\/index.php\/wp-json\/wp\/v2\/categories?post=1301"},{"taxonomy":"post_tag","embeddable":true,"href":"https:\/\/defrentealaverdad.com\/index.php\/wp-json\/wp\/v2\/tags?post=1301"}],"curies":[{"name":"wp","href":"https:\/\/api.w.org\/{rel}","templated":true}]}}