{"id":12995,"date":"2024-02-27T17:16:39","date_gmt":"2024-02-27T17:16:39","guid":{"rendered":"https:\/\/defrentealaverdad.com\/?p=12995"},"modified":"2024-02-27T17:16:39","modified_gmt":"2024-02-27T17:16:39","slug":"carlos-amarante-sobre-ex-vicepresidentes-opositores-el-cruce-de-misivas-en-nada-ayuda-a-la-oposicion","status":"publish","type":"post","link":"https:\/\/defrentealaverdad.com\/index.php\/2024\/02\/27\/carlos-amarante-sobre-ex-vicepresidentes-opositores-el-cruce-de-misivas-en-nada-ayuda-a-la-oposicion\/","title":{"rendered":"Carlos Amarante sobre ex vicepresidentes opositores: \u201cEl cruce de misivas en nada ayuda a la oposici\u00f3n\u201d"},"content":{"rendered":"<figure class=\"post-thumbnail\"><img decoding=\"async\" class=\"post-thumbnail__img wp-post-image alignright lazyload\" data-src=\"https:\/\/robertocavada.com\/wp-content\/uploads\/2024\/02\/E7DC5ECC-B6ED-4BCB-B858-CFBAEFBD1AA0-770x540.jpeg\" alt=\"Carlos Amarante sobre ex vicepresidentes opositores: \u201cEl cruce de misivas en nada ayuda a la oposici\u00f3n\u201d\" width=\"396\" height=\"278\" src=\"data:image\/svg+xml;base64,PHN2ZyB3aWR0aD0iMSIgaGVpZ2h0PSIxIiB4bWxucz0iaHR0cDovL3d3dy53My5vcmcvMjAwMC9zdmciPjwvc3ZnPg==\" style=\"--smush-placeholder-width: 396px; --smush-placeholder-aspect-ratio: 396\/278;\" \/><\/figure>\n<div class=\"entry-content\">\n<div id=\"st-1\" class=\"sharethis-inline-share-buttons st-center st-lang-es st-has-labels  st-inline-share-buttons st-animated\">\n<div class=\"st-btn st-last st-remove-label\" data-network=\"whatsapp\">El miembro del Comit\u00e9 Pol\u00edtico del Partido de la Liberaci\u00f3n Dominicana (PLD), Carlos Amarante Baret, afirm\u00f3 este lunes que el cruce de misivas en nada ayuda a la oposici\u00f3n para elecciones presidenciales en mayo.<\/div>\n<\/div>\n<div id=\"advads-7d7b3f49d49298b7e672c83f492cf7c2\" class=\"advads-7d7b3f49d49298b7e672c83f492cf7c2 advads-content-first-paragraph\">\n<div id=\"advads-11535518\" class=\"advads-content-first-paragraph\">\n<div data-advads-trackid=\"367123\" data-advads-trackbid=\"1\"><\/div>\n<div id=\"advads-616452598\" data-advads-trackid=\"367123\" data-advads-trackbid=\"1\">El pol\u00edtico agreg\u00f3 que \u201cSolo han contribuido a la dificultar la ampliaci\u00f3n de la alianza senatorial. Mientras tanto, la reelecci\u00f3n, como la casa de apuestas, gana y se r\u00ede\u201d.<\/div>\n<\/div>\n<\/div>\n<div id=\"advads-3ef8b6d1ca83c9cbe382d6bcaddcf540\" class=\"advads-3ef8b6d1ca83c9cbe382d6bcaddcf540 advads-content-middle\">\n<div id=\"advads-1800739657\" class=\"advads-content-middle\">\n<div id=\"advads-1801878615\" class=\"advads-target\" data-advads-trackid=\"372994\" data-advads-trackbid=\"1\"><\/div>\n<\/div>\n<\/div>\n<blockquote>\n<p dir=\"ltr\" lang=\"es\">Las cartas de los ex vicepresidentes opositores, es para echarse a llorar. El cruce de misivas, en nada ayuda a la oposici\u00f3n. Solo han contribuido a dificultar la ampliaci\u00f3n de la alianza senatorial. Mientras tanto, la reelecci\u00f3n, como la casa de apuestas, gana y se r\u00ede<img decoding=\"async\" class=\"emoji lazyload\" role=\"img\" draggable=\"false\" data-src=\"https:\/\/s.w.org\/images\/core\/emoji\/14.0.0\/svg\/1f602.svg\" alt=\"????\" src=\"data:image\/svg+xml;base64,PHN2ZyB3aWR0aD0iMSIgaGVpZ2h0PSIxIiB4bWxucz0iaHR0cDovL3d3dy53My5vcmcvMjAwMC9zdmciPjwvc3ZnPg==\" \/><img decoding=\"async\" class=\"emoji lazyload\" role=\"img\" draggable=\"false\" data-src=\"https:\/\/s.w.org\/images\/core\/emoji\/14.0.0\/svg\/1f602.svg\" alt=\"????\" src=\"data:image\/svg+xml;base64,PHN2ZyB3aWR0aD0iMSIgaGVpZ2h0PSIxIiB4bWxucz0iaHR0cDovL3d3dy53My5vcmcvMjAwMC9zdmciPjwvc3ZnPg==\" \/> \u2014 Carlos Amarante Baret (@CarlosAmaranteB)\u00a0<a href=\"https:\/\/twitter.com\/CarlosAmaranteB\/status\/1762179317079871770?ref_src=twsrc%5Etfw\">February 26, 2024<\/a><\/p>\n<\/blockquote>\n<p>Se recuerda que\u00a0<strong>Jaime David Fern\u00e1ndez Mirabal<\/strong>\u00a0le propuso a\u00a0<strong>Leonel Fern\u00e1ndez<\/strong>\u00a0que desistiera de sus aspiraciones presidenciales este 19 de mayo, y que apoyara la candidatura de Abel Mart\u00ednez, del Partido de la Liberaci\u00f3n Dominicana (PLD). A partir de dicha petici\u00f3n,\u00a0<strong>Rafael Alburquerque<\/strong>\u00a0pidi\u00f3 que fuera lo opuesto.<\/p>\n<\/div>\n","protected":false},"excerpt":{"rendered":"<p>El miembro del Comit\u00e9 Pol\u00edtico del Partido de la Liberaci\u00f3n Dominicana (PLD), Carlos Amarante Baret,<\/p>\n","protected":false},"author":1,"featured_media":0,"comment_status":"open","ping_status":"open","sticky":false,"template":"","format":"standard","meta":{"footnotes":""},"categories":[12],"tags":[],"class_list":["post-12995","post","type-post","status-publish","format-standard","hentry","category-politicas"],"_links":{"self":[{"href":"https:\/\/defrentealaverdad.com\/index.php\/wp-json\/wp\/v2\/posts\/12995","targetHints":{"allow":["GET"]}}],"collection":[{"href":"https:\/\/defrentealaverdad.com\/index.php\/wp-json\/wp\/v2\/posts"}],"about":[{"href":"https:\/\/defrentealaverdad.com\/index.php\/wp-json\/wp\/v2\/types\/post"}],"author":[{"embeddable":true,"href":"https:\/\/defrentealaverdad.com\/index.php\/wp-json\/wp\/v2\/users\/1"}],"replies":[{"embeddable":true,"href":"https:\/\/defrentealaverdad.com\/index.php\/wp-json\/wp\/v2\/comments?post=12995"}],"version-history":[{"count":1,"href":"https:\/\/defrentealaverdad.com\/index.php\/wp-json\/wp\/v2\/posts\/12995\/revisions"}],"predecessor-version":[{"id":12996,"href":"https:\/\/defrentealaverdad.com\/index.php\/wp-json\/wp\/v2\/posts\/12995\/revisions\/12996"}],"wp:attachment":[{"href":"https:\/\/defrentealaverdad.com\/index.php\/wp-json\/wp\/v2\/media?parent=12995"}],"wp:term":[{"taxonomy":"category","embeddable":true,"href":"https:\/\/defrentealaverdad.com\/index.php\/wp-json\/wp\/v2\/categories?post=12995"},{"taxonomy":"post_tag","embeddable":true,"href":"https:\/\/defrentealaverdad.com\/index.php\/wp-json\/wp\/v2\/tags?post=12995"}],"curies":[{"name":"wp","href":"https:\/\/api.w.org\/{rel}","templated":true}]}}