{"id":12989,"date":"2024-02-27T17:11:49","date_gmt":"2024-02-27T17:11:49","guid":{"rendered":"https:\/\/defrentealaverdad.com\/?p=12989"},"modified":"2024-02-27T17:11:49","modified_gmt":"2024-02-27T17:11:49","slug":"conoce-las-actividades-que-encabezara-el-presidente-abinader-por-el-180-aniversario-de-la-independencia-nacional","status":"publish","type":"post","link":"https:\/\/defrentealaverdad.com\/index.php\/2024\/02\/27\/conoce-las-actividades-que-encabezara-el-presidente-abinader-por-el-180-aniversario-de-la-independencia-nacional\/","title":{"rendered":"Conoce las actividades que encabezar\u00e1 el presidente Abinader por el 180 aniversario de la Independencia Nacional"},"content":{"rendered":"<div class=\"entry-meta entry-meta-main\"><\/div>\n<figure class=\"post-thumbnail\"><img decoding=\"async\" class=\"post-thumbnail__img wp-post-image alignright lazyload\" data-src=\"https:\/\/robertocavada.com\/wp-content\/uploads\/2024\/02\/WhatsApp-Image-2024-02-26-at-7.14.59-PM-770x540.jpeg\" alt=\"Conoce las actividades que encabezar\u00e1 el presidente Abinader por el 180 aniversario de la Independencia Nacional\" width=\"484\" height=\"339\" src=\"data:image\/svg+xml;base64,PHN2ZyB3aWR0aD0iMSIgaGVpZ2h0PSIxIiB4bWxucz0iaHR0cDovL3d3dy53My5vcmcvMjAwMC9zdmciPjwvc3ZnPg==\" style=\"--smush-placeholder-width: 484px; --smush-placeholder-aspect-ratio: 484\/339;\" \/><\/figure>\n<div class=\"entry-content\">\n<p style=\"text-align: justify;\"><span style=\"text-align: justify;\">Por Felix Rubio\u00a0<\/span><\/p>\n<p style=\"text-align: justify;\">Santo Domingo.- El Presidente Luis Abinader encabezar\u00e1 este martes 27 de febrero, actividades con motivo de la celebraci\u00f3n del 180 aniversario de la Independencia Nacional.<\/p>\n<div id=\"advads-60cec8497ebf6af10e784bc128fc74b0\" class=\"advads-60cec8497ebf6af10e784bc128fc74b0 advads-content-first-paragraph\" style=\"text-align: justify;\">\n<div id=\"advads-1343660638\" class=\"advads-content-first-paragraph\">\n<div id=\"advads-1330282576\" class=\"advads-target\" data-advads-trackid=\"374395\" data-advads-trackbid=\"1\">A las 10:00 de la ma\u00f1ana el mandatario llegar\u00e1 al Congreso Nacional donde presentar\u00e1, desde la Asamblea Nacional, las ejecutorias del pasado a\u00f1o de Gobierno. A su llegada recibir\u00e1 los honores militares correspondientes.<\/div>\n<\/div>\n<\/div>\n<div id=\"advads-cf60ffde20042bf59a85494f48ea34fd\" class=\"advads-cf60ffde20042bf59a85494f48ea34fd advads-content-middle\" style=\"text-align: justify;\">\n<div id=\"advads-1389086369\" class=\"advads-content-middle\">\n<div id=\"advads-200878318\" class=\"mvp-feat1-list-ad advads-target\" data-advads-trackid=\"367989\" data-advads-trackbid=\"1\"><\/div>\n<\/div>\n<\/div>\n<p style=\"text-align: justify;\">Para las 12:30 de la tarde, el mandatario asistir\u00e1 al TeDeum en la Catedral Primada de Am\u00e9rica y a la 1:30 de la tarde se dirigir\u00e1 al Altar de la Patria, Parque Independencia, a depositar una ofrenda floral.<\/p>\n<p style=\"text-align: justify;\">A las 4:00 de la tarde, el Presidente Luis Abinader recibir\u00e1 los honores militares a su llegada a la avenida George Washington (Malec\u00f3n) en su condici\u00f3n de jefe supremo de las Fuerzas Armadas y la Polic\u00eda Nacional y autorizar\u00e1 el inicio del desfile militar y policial en ocasi\u00f3n de la Independencia de la Rep\u00fablica.<\/p>\n<\/div>\n<p>Fuente: RC Noticias<\/p>\n","protected":false},"excerpt":{"rendered":"<p>Por Felix Rubio\u00a0 Santo Domingo.- El Presidente Luis Abinader encabezar\u00e1 este martes 27 de febrero,<\/p>\n","protected":false},"author":1,"featured_media":0,"comment_status":"open","ping_status":"open","sticky":false,"template":"","format":"standard","meta":{"footnotes":""},"categories":[7],"tags":[],"class_list":["post-12989","post","type-post","status-publish","format-standard","hentry","category-nacionales"],"_links":{"self":[{"href":"https:\/\/defrentealaverdad.com\/index.php\/wp-json\/wp\/v2\/posts\/12989","targetHints":{"allow":["GET"]}}],"collection":[{"href":"https:\/\/defrentealaverdad.com\/index.php\/wp-json\/wp\/v2\/posts"}],"about":[{"href":"https:\/\/defrentealaverdad.com\/index.php\/wp-json\/wp\/v2\/types\/post"}],"author":[{"embeddable":true,"href":"https:\/\/defrentealaverdad.com\/index.php\/wp-json\/wp\/v2\/users\/1"}],"replies":[{"embeddable":true,"href":"https:\/\/defrentealaverdad.com\/index.php\/wp-json\/wp\/v2\/comments?post=12989"}],"version-history":[{"count":1,"href":"https:\/\/defrentealaverdad.com\/index.php\/wp-json\/wp\/v2\/posts\/12989\/revisions"}],"predecessor-version":[{"id":12990,"href":"https:\/\/defrentealaverdad.com\/index.php\/wp-json\/wp\/v2\/posts\/12989\/revisions\/12990"}],"wp:attachment":[{"href":"https:\/\/defrentealaverdad.com\/index.php\/wp-json\/wp\/v2\/media?parent=12989"}],"wp:term":[{"taxonomy":"category","embeddable":true,"href":"https:\/\/defrentealaverdad.com\/index.php\/wp-json\/wp\/v2\/categories?post=12989"},{"taxonomy":"post_tag","embeddable":true,"href":"https:\/\/defrentealaverdad.com\/index.php\/wp-json\/wp\/v2\/tags?post=12989"}],"curies":[{"name":"wp","href":"https:\/\/api.w.org\/{rel}","templated":true}]}}