{"id":12982,"date":"2024-02-26T23:06:09","date_gmt":"2024-02-26T23:06:09","guid":{"rendered":"https:\/\/defrentealaverdad.com\/?p=12982"},"modified":"2024-02-26T23:06:09","modified_gmt":"2024-02-26T23:06:09","slug":"comunidad-china-deposita-ofrenda-floral-en-altar-de-la-patria","status":"publish","type":"post","link":"https:\/\/defrentealaverdad.com\/index.php\/2024\/02\/26\/comunidad-china-deposita-ofrenda-floral-en-altar-de-la-patria\/","title":{"rendered":"Comunidad China deposita ofrenda floral en Altar de la Patria"},"content":{"rendered":"<blockquote>\n<p style=\"text-align: justify;\">Pr\u00f3ximamente firmar\u00e1 dos acuerdos de cooperaci\u00f3n entre la Fundaci\u00f3n Jade y la Direcci\u00f3n General de Aduanas y el Ministerio de Interior y Polic\u00edas.<\/p>\n<\/blockquote>\n<p style=\"text-align: justify;\">\n<p style=\"text-align: justify;\">Santo Domingo.- En el marco de la celebraci\u00f3n del 180 aniversario de la Independencia Nacional, la comunidad china en el pa\u00eds, deposit\u00f3 una ofrenda floral en el Altar de la Patria, como agradecimiento, admiraci\u00f3n y respeto a los padres de la patria y a los h\u00e9roes nacionales que dieron sus vidas en favor de las libertades p\u00fablicas y la soberan\u00eda nacional.<\/p>\n<p style=\"text-align: justify;\"><img decoding=\"async\" class=\"size-medium wp-image-12983 alignleft lazyload\" data-src=\"https:\/\/defrentealaverdad.com\/wp-content\/uploads\/2024\/02\/IMG-20240226-WA0199-200x300.jpg\" alt=\"\" width=\"200\" height=\"300\" data-srcset=\"https:\/\/defrentealaverdad.com\/wp-content\/uploads\/2024\/02\/IMG-20240226-WA0199-200x300.jpg 200w, https:\/\/defrentealaverdad.com\/wp-content\/uploads\/2024\/02\/IMG-20240226-WA0199-683x1024.jpg 683w, https:\/\/defrentealaverdad.com\/wp-content\/uploads\/2024\/02\/IMG-20240226-WA0199-768x1152.jpg 768w, https:\/\/defrentealaverdad.com\/wp-content\/uploads\/2024\/02\/IMG-20240226-WA0199.jpg 1000w\" data-sizes=\"(max-width: 200px) 100vw, 200px\" src=\"data:image\/svg+xml;base64,PHN2ZyB3aWR0aD0iMSIgaGVpZ2h0PSIxIiB4bWxucz0iaHR0cDovL3d3dy53My5vcmcvMjAwMC9zdmciPjwvc3ZnPg==\" style=\"--smush-placeholder-width: 200px; --smush-placeholder-aspect-ratio: 200\/300;\" \/><\/p>\n<p style=\"text-align: justify;\">La actividad estuvo encabezada por Miguel Feng, presidente de la Fundaci\u00f3n Jade Pro Comunidad China, empresarios chinos y ciudadanos dominico chinos.<\/p>\n<p style=\"text-align: justify;\">Feng dijo en su breve y significativo discurso, \u201cagradecemos al presidente de la Rep\u00fablica Luis Abinader corona y al Estado Dominicano por la reafirmaci\u00f3n \u201cde una sola China\u201d respetando a nuestra segunda patria China su soberan\u00eda.<\/p>\n<p style=\"text-align: justify;\">Aprovech\u00f3 la ocasi\u00f3n para anunciar que en los pr\u00f3ximos d\u00edas, la Fundaci\u00f3n firmar\u00e1 dos acuerdos de cooperaci\u00f3n entre la Fundaci\u00f3n Jade y la Direcci\u00f3n General de Aduanas y el Ministerio de Interior y Polic\u00edas.<\/p>\n<p style=\"text-align: justify;\">Fuente: Miguelina Santos &#8211; Periodista \/Comunicadora Social \/ Relaciones P\u00fablicas<\/p>\n<p style=\"text-align: justify;\">\n","protected":false},"excerpt":{"rendered":"<p>Pr\u00f3ximamente firmar\u00e1 dos acuerdos de cooperaci\u00f3n entre la Fundaci\u00f3n Jade y la Direcci\u00f3n General de<\/p>\n","protected":false},"author":4,"featured_media":0,"comment_status":"open","ping_status":"open","sticky":false,"template":"","format":"standard","meta":{"footnotes":""},"categories":[11],"tags":[],"class_list":["post-12982","post","type-post","status-publish","format-standard","hentry","category-turismo"],"_links":{"self":[{"href":"https:\/\/defrentealaverdad.com\/index.php\/wp-json\/wp\/v2\/posts\/12982","targetHints":{"allow":["GET"]}}],"collection":[{"href":"https:\/\/defrentealaverdad.com\/index.php\/wp-json\/wp\/v2\/posts"}],"about":[{"href":"https:\/\/defrentealaverdad.com\/index.php\/wp-json\/wp\/v2\/types\/post"}],"author":[{"embeddable":true,"href":"https:\/\/defrentealaverdad.com\/index.php\/wp-json\/wp\/v2\/users\/4"}],"replies":[{"embeddable":true,"href":"https:\/\/defrentealaverdad.com\/index.php\/wp-json\/wp\/v2\/comments?post=12982"}],"version-history":[{"count":1,"href":"https:\/\/defrentealaverdad.com\/index.php\/wp-json\/wp\/v2\/posts\/12982\/revisions"}],"predecessor-version":[{"id":12984,"href":"https:\/\/defrentealaverdad.com\/index.php\/wp-json\/wp\/v2\/posts\/12982\/revisions\/12984"}],"wp:attachment":[{"href":"https:\/\/defrentealaverdad.com\/index.php\/wp-json\/wp\/v2\/media?parent=12982"}],"wp:term":[{"taxonomy":"category","embeddable":true,"href":"https:\/\/defrentealaverdad.com\/index.php\/wp-json\/wp\/v2\/categories?post=12982"},{"taxonomy":"post_tag","embeddable":true,"href":"https:\/\/defrentealaverdad.com\/index.php\/wp-json\/wp\/v2\/tags?post=12982"}],"curies":[{"name":"wp","href":"https:\/\/api.w.org\/{rel}","templated":true}]}}