{"id":1249,"date":"2022-05-06T19:38:21","date_gmt":"2022-05-06T19:38:21","guid":{"rendered":"https:\/\/defrentealaverdad.com\/?p=1249"},"modified":"2022-05-06T19:38:48","modified_gmt":"2022-05-06T19:38:48","slug":"issffaa-e-infotep-graduan-a-72-colaboradores-en-tecnica-de-promocion-y-merchandising","status":"publish","type":"post","link":"https:\/\/defrentealaverdad.com\/index.php\/2022\/05\/06\/issffaa-e-infotep-graduan-a-72-colaboradores-en-tecnica-de-promocion-y-merchandising\/","title":{"rendered":"ISSFFAA e INFOTEP grad\u00faan a 72 colaboradores en T\u00e9cnica de Promoci\u00f3n y Merchandising\u00a0"},"content":{"rendered":"<p>Santo Domingo. &#8211; El Instituto de Seguridad Social de las Fuerzas Armadas (ISSFFAA) gradu\u00f3 este viernes a 72 de sus miembros del programa formativo \u201cT\u00e9cnicas de Promoci\u00f3n y Merchandising en el Punto de Venta\u201d, el cual fue impartido por el Instituto de Formaci\u00f3n T\u00e9cnico Profesional (INFOTEP), en un acto celebrado en el cine de la instituci\u00f3n militar, como parte de la clausura de un primer ciclo de capacitaci\u00f3n.<\/p>\n<p>El proceso de capacitaci\u00f3n estuvo dirigido a colaboradores de los establecimientos comerciales del ISSFFAA entre los que figuraron la farmacia, los supermercados y la \u00f3ptica con el objetivo de capacitar y actualizar a los gerentes y a sus colaboradores de estas \u00e1reas para optimizar el rendimiento y garantizar un servicio acorde con los nuevos lineamientos de los mercados y las ventas en masas.<\/p>\n<p>La informaci\u00f3n fue suministrada por el director general del Instituto de Seguridad Social de las Fuerzas Armadas, el General de Brigada Miguel \u00c1ngel Rubio B\u00e1ez, del Ejercito Nacional (ERD), quien llam\u00f3 a impulsar la educaci\u00f3n del hombre por medio una reflexi\u00f3n donde reconoci\u00f3 que, el INFOTEP se ha dedicado a formar entes productivos para promover la inserci\u00f3n de capital calificado a la producci\u00f3n nacional.<\/p>\n<p>\u201cEl INFOTEP ha contribuido por mucho tiempo a la capacitaci\u00f3n de los colaboradores de nuestro pa\u00eds, valioso activo para hacer exitosas a las empresas p\u00fablicas y privadas y as\u00ed contribuir con el desarrollo de la naci\u00f3n. Es bien sabido que, las personas con una buena educaci\u00f3n profesional precisan tambi\u00e9n de los entrenamientos para ejercer, adecuadamente, su trabajo\u201d, ponder\u00f3 el director general del ISSFFAA.<\/p>\n<p>Recomend\u00f3 que se debe mantener la constante formaci\u00f3n profesional, \u201cpara enfrentar los desaf\u00edos, los retos del presente y lo que nos traer\u00e1 el futuro. Esta capacitaci\u00f3n en \u201cT\u00e9cnicas de Promoci\u00f3n y Merchandising en el Punto de Venta\u201d le permitir\u00e1 a cada uno de los graduados que hoy concluyen con \u00e9xito, extender sus horizontes, ampliar sus destrezas laborales incrementando los conocimientos y aportando al desarrollo personal\u201d.<\/p>\n<p>Exhort\u00f3 a los graduados poner en pr\u00e1ctica lo aprendido en su lugar de trabajo y que lo mismo dur\u00e9, en provecho de esta instituci\u00f3n de servicio social, como es el ISSFFAA, \u201cpara lograr sus objetivos tendr\u00e1n que esforzarse, perseverar, no rendirse, sobre todo, mantenerse permanente en el camino de la superaci\u00f3n, mediante el trabajo honesto, la educaci\u00f3n y la capacitaci\u00f3n continua\u201d.<\/p>\n<p>A su vez, agradeci\u00f3 al ministro de Defensa, el Teniente General Carlos Luciano D\u00edaz Morfa, del Ej\u00e9rcito de la Rep\u00fablica Dominicana (ERD) por el respaldo, al igual que, al director general del INFOTEP, Rafael Santos Bad\u00eda por la atenci\u00f3n a la solicitud para la realizaci\u00f3n de los cursos, al facilitador por su entrega, en nombre de los graduados y colaboradores del ISSFFAA.<\/p>\n<p><strong>INFOTEP<\/strong><\/p>\n<p>De igual forma, la directora de Competitividad Empresarial del INFOTEP, Raisa Pichardo Vi\u00f1as, quien dijo que: \u201cEsta formaci\u00f3n realizada y con el auspicio y de la mano del Instituto de Seguridad Social de las Fuerzas Armadas estuvo dirigida a colaboradores que aprendieron estrategias de promoci\u00f3n de un producto y t\u00e9cnicas efectivas para influir en la decisi\u00f3n de compra del consumidor, ya sea en el \u00a8punto de venta\u00a8 o el \u00a8canal online, para las atenciones al cliente\u201d.<\/p>\n<p>\u201cTodo emprendimiento comercial y de servicio hoy d\u00eda requiere de estimuladores preparados en comunicaci\u00f3n persuasiva que empujen, favorablemente, la decisi\u00f3n de compra del consumidor y del distribuidor, consciente de esto, el ISSFFAA, ha promovido a trav\u00e9s del INFOTEP, el fortalecimiento de estas competencias a sus colaboradores, sin lugar a duda, de provecho para la instituci\u00f3n y sus clientes\u201d, manifest\u00f3 Pichardo Vi\u00f1as.<\/p>\n<p><strong>Facilitador<\/strong><\/p>\n<p>Con duraci\u00f3n de 80 horas, el curso fue impartido por el facilitador Domingo L. Tezano Matos, quien hizo una rese\u00f1a del curso, quien inform\u00f3 que: \u201cCon este curso rompemos los paradigmas de que soy cajero o servicio al cliente, hoy esas est\u00e1n contenidas en Representante de Punto de Ventas. La idea es que los participantes al t\u00e9rmino de la acci\u00f3n formativa tengan las herramientas dentro de su perfil para llevar esa m\u00edstica en el Punto de Ventas\u201d.<\/p>\n<p><strong>Agradecimientos<\/strong><\/p>\n<p>Las palabras de agradecimiento en nombre de los graduandos estuvieron a carga de la Teniente de Fragata, Altagracia Mej\u00eda Arias; quien expres\u00f3 que era una satisfacci\u00f3n poder acceder a nuevos conocimientos que desde distintos escenarios permitir\u00e1n a los egresados un desempe\u00f1o m\u00e1s eficiente, \u201cpara actuar con profesionalidad en la funci\u00f3n en que nos desempe\u00f1amos\u201d.<\/p>\n<p>\u201cAgradecemos al ISSFFAA y al INFOTEP, a nuestro distinguido facilitador por su invaluable aporte de m\u00e9todos, estrategias, herramientas relacionadas a los temas y objetivos del curso que se traducir\u00e1n en grandes beneficios para todos. Nos comprometemos de inmediato a incorporar los nuevos aprendizajes\u201d, alent\u00f3 la participante.<\/p>\n<p><strong>Autoridades<\/strong><\/p>\n<p>La mesa central estuvo encabezada por el General de Brigada Miguel \u00c1ngel Rubio B\u00e1ez, del Ej\u00e9rcito Nacional de la Rep\u00fablica Dominicana (ERD) y director general del Instituto de Seguridad Social de las Fuerzas Armadas, ISSFFAA; y el Coronel Antonio Paredes Marte, subdirector general del ISSFFAA.<\/p>\n<p>El Coronel Paracaidista Ram\u00f3n Antonio Luz\u00f3n, subdirector de Planificaci\u00f3n y Desarrollo del ISSFFAA; el Coronel Roberto Sosa de la Cruz, subdirector de Recursos Humanos del ISSFFAA; el Coronel El\u00edas Caama\u00f1o P\u00e9rez, reverendo di\u00e1cono del Ej\u00e9rcito Nacional (ERD) y el facilitador por el INFOTEP, Domingo Tezano Matos.<\/p>\n<p>Carmen Camilo, coordinadora de Capacitaci\u00f3n a Empresas del INFOTEP, Yomairy A. Dur\u00e1n, asesora de Formaci\u00f3n a Empresas y Milagros Marisol Jim\u00e9nez, encargada del Departamento de Servicios Empresariales, ambas de esa instituci\u00f3n.<\/p>\n<p>Adem\u00e1s, al acto de graduaci\u00f3n asistieron la Plana Mayor del ISSFFAA, invitados y colaboradores.<\/p>\n<p style=\"text-align: left;\">Por: F\u00e9lix Rubio<\/p>\n","protected":false},"excerpt":{"rendered":"<p>Santo Domingo. &#8211; El Instituto de Seguridad Social de las Fuerzas Armadas (ISSFFAA) gradu\u00f3 este<\/p>\n","protected":false},"author":1,"featured_media":1250,"comment_status":"open","ping_status":"open","sticky":false,"template":"","format":"standard","meta":{"footnotes":""},"categories":[7],"tags":[],"class_list":["post-1249","post","type-post","status-publish","format-standard","has-post-thumbnail","hentry","category-nacionales"],"_links":{"self":[{"href":"https:\/\/defrentealaverdad.com\/index.php\/wp-json\/wp\/v2\/posts\/1249","targetHints":{"allow":["GET"]}}],"collection":[{"href":"https:\/\/defrentealaverdad.com\/index.php\/wp-json\/wp\/v2\/posts"}],"about":[{"href":"https:\/\/defrentealaverdad.com\/index.php\/wp-json\/wp\/v2\/types\/post"}],"author":[{"embeddable":true,"href":"https:\/\/defrentealaverdad.com\/index.php\/wp-json\/wp\/v2\/users\/1"}],"replies":[{"embeddable":true,"href":"https:\/\/defrentealaverdad.com\/index.php\/wp-json\/wp\/v2\/comments?post=1249"}],"version-history":[{"count":1,"href":"https:\/\/defrentealaverdad.com\/index.php\/wp-json\/wp\/v2\/posts\/1249\/revisions"}],"predecessor-version":[{"id":1251,"href":"https:\/\/defrentealaverdad.com\/index.php\/wp-json\/wp\/v2\/posts\/1249\/revisions\/1251"}],"wp:featuredmedia":[{"embeddable":true,"href":"https:\/\/defrentealaverdad.com\/index.php\/wp-json\/wp\/v2\/media\/1250"}],"wp:attachment":[{"href":"https:\/\/defrentealaverdad.com\/index.php\/wp-json\/wp\/v2\/media?parent=1249"}],"wp:term":[{"taxonomy":"category","embeddable":true,"href":"https:\/\/defrentealaverdad.com\/index.php\/wp-json\/wp\/v2\/categories?post=1249"},{"taxonomy":"post_tag","embeddable":true,"href":"https:\/\/defrentealaverdad.com\/index.php\/wp-json\/wp\/v2\/tags?post=1249"}],"curies":[{"name":"wp","href":"https:\/\/api.w.org\/{rel}","templated":true}]}}