{"id":1242,"date":"2022-05-05T19:52:43","date_gmt":"2022-05-05T19:52:43","guid":{"rendered":"https:\/\/defrentealaverdad.com\/?p=1242"},"modified":"2022-05-05T19:59:06","modified_gmt":"2022-05-05T19:59:06","slug":"1242","status":"publish","type":"post","link":"https:\/\/defrentealaverdad.com\/index.php\/2022\/05\/05\/1242\/","title":{"rendered":"J\u00f3venes salen a la calle a llevar un mensaje de esperanza"},"content":{"rendered":"<p><img decoding=\"async\" class=\"wp-image-1243 aligncenter lazyload\" data-src=\"https:\/\/defrentealaverdad.com\/wp-content\/uploads\/2022\/05\/WhatsApp-Image-2022-05-05-at-12.10.40-PM-1-300x169.jpeg\" alt=\"\" width=\"534\" height=\"301\" data-srcset=\"https:\/\/defrentealaverdad.com\/wp-content\/uploads\/2022\/05\/WhatsApp-Image-2022-05-05-at-12.10.40-PM-1-300x169.jpeg 300w, https:\/\/defrentealaverdad.com\/wp-content\/uploads\/2022\/05\/WhatsApp-Image-2022-05-05-at-12.10.40-PM-1-1024x578.jpeg 1024w, https:\/\/defrentealaverdad.com\/wp-content\/uploads\/2022\/05\/WhatsApp-Image-2022-05-05-at-12.10.40-PM-1-768x433.jpeg 768w, https:\/\/defrentealaverdad.com\/wp-content\/uploads\/2022\/05\/WhatsApp-Image-2022-05-05-at-12.10.40-PM-1-800x450.jpeg 800w, https:\/\/defrentealaverdad.com\/wp-content\/uploads\/2022\/05\/WhatsApp-Image-2022-05-05-at-12.10.40-PM-1.jpeg 1280w\" data-sizes=\"(max-width: 534px) 100vw, 534px\" src=\"data:image\/svg+xml;base64,PHN2ZyB3aWR0aD0iMSIgaGVpZ2h0PSIxIiB4bWxucz0iaHR0cDovL3d3dy53My5vcmcvMjAwMC9zdmciPjwvc3ZnPg==\" style=\"--smush-placeholder-width: 534px; --smush-placeholder-aspect-ratio: 534\/301;\" \/><\/p>\n<p>Con pancartas en manos y con la firme decisi\u00f3n de llevar esperanza en medio de una sociedad cada vez m\u00e1s hundida en el dolor y la falta de valores, teniendo como escenario el Parque Eugenio Mar\u00eda de Hostos, frente a la Plaza Juan Bar\u00f3n, decenas de j\u00f3venes salieron a las calles para compartir el mensaje de Cristo.<\/p>\n<p><strong>\u201cFollow Jes\u00fas CCSV\u201d,<\/strong> un ministerio de j\u00f3venes cristianos que han decidido salir a las calles y crear un movimiento cargado de amor y vida a trav\u00e9s de sus dones art\u00edsticos y sus habilidades creativas para, por medio de estos, cumplir una misi\u00f3n: dar a conocer el mensaje de Cristo a otros jovenes que est\u00e1n sumidos en la desesperanza, la depresi\u00f3n, el alcohol, las drogas y otros males que atacan a la juventud en todo el territorio nacional.<\/p>\n<p><em>&#8211; Creemos que Cristo es el ant\u00eddoto y por eso salimos a las calles a inyect\u00e1rselo a quienes m\u00e1s lo necesitan en este momento: los j\u00f3venes y adolescentes-,<\/em> as\u00ed lo afirma Jonathan Aracena, l\u00edder principal del movimiento juvenil cristiano.<\/p>\n<p><img decoding=\"async\" class=\"alignnone wp-image-1244 aligncenter lazyload\" data-src=\"https:\/\/defrentealaverdad.com\/wp-content\/uploads\/2022\/05\/WhatsApp-Image-2022-05-05-at-12.10.39-PM-300x169.jpeg\" alt=\"\" width=\"493\" height=\"278\" data-srcset=\"https:\/\/defrentealaverdad.com\/wp-content\/uploads\/2022\/05\/WhatsApp-Image-2022-05-05-at-12.10.39-PM-300x169.jpeg 300w, https:\/\/defrentealaverdad.com\/wp-content\/uploads\/2022\/05\/WhatsApp-Image-2022-05-05-at-12.10.39-PM-1024x578.jpeg 1024w, https:\/\/defrentealaverdad.com\/wp-content\/uploads\/2022\/05\/WhatsApp-Image-2022-05-05-at-12.10.39-PM-768x433.jpeg 768w, https:\/\/defrentealaverdad.com\/wp-content\/uploads\/2022\/05\/WhatsApp-Image-2022-05-05-at-12.10.39-PM-800x450.jpeg 800w, https:\/\/defrentealaverdad.com\/wp-content\/uploads\/2022\/05\/WhatsApp-Image-2022-05-05-at-12.10.39-PM.jpeg 1280w\" data-sizes=\"(max-width: 493px) 100vw, 493px\" src=\"data:image\/svg+xml;base64,PHN2ZyB3aWR0aD0iMSIgaGVpZ2h0PSIxIiB4bWxucz0iaHR0cDovL3d3dy53My5vcmcvMjAwMC9zdmciPjwvc3ZnPg==\" style=\"--smush-placeholder-width: 493px; --smush-placeholder-aspect-ratio: 493\/278;\" \/><\/p>\n<p>Como movimiento juvenil, los j\u00f3venes involucrados en <strong>\u201cFollow Jesus CCSV\u201d,<\/strong> se han determinado a trastornar los lugares donde se les permita llevar salvaci\u00f3n, restauraci\u00f3n y vida de Dios a traves de las artes, el deporte y el sano entretenimiento, impregnado de las buenas nuevas del Evangelio.<\/p>\n<p>Durante todo el a\u00f1o, el ministerio estar\u00e1 desarrollando un conjunto de actividades presenciales en parques y plazas, as\u00ed como encuentros virtuales que permitan a otros j\u00f3venes sumarse al movimiento.\u00a0 Quienes est\u00e9n interesados en ser parte de esta iniciativa pueden seguir las redes sociales del ministerio (@followjesusccsv_) o contactar con las oficinas del Ministerio Internacional Soplo de Vida al n\u00famero 809-508-7788<\/p>\n<p>Fuente: Equipo de Comunicaciones Follow Jesus CCSV<\/p>\n","protected":false},"excerpt":{"rendered":"<p>Con pancartas en manos y con la firme decisi\u00f3n de llevar esperanza en medio de<\/p>\n","protected":false},"author":2,"featured_media":0,"comment_status":"open","ping_status":"open","sticky":false,"template":"","format":"standard","meta":{"footnotes":""},"categories":[7],"tags":[],"class_list":["post-1242","post","type-post","status-publish","format-standard","hentry","category-nacionales"],"_links":{"self":[{"href":"https:\/\/defrentealaverdad.com\/index.php\/wp-json\/wp\/v2\/posts\/1242","targetHints":{"allow":["GET"]}}],"collection":[{"href":"https:\/\/defrentealaverdad.com\/index.php\/wp-json\/wp\/v2\/posts"}],"about":[{"href":"https:\/\/defrentealaverdad.com\/index.php\/wp-json\/wp\/v2\/types\/post"}],"author":[{"embeddable":true,"href":"https:\/\/defrentealaverdad.com\/index.php\/wp-json\/wp\/v2\/users\/2"}],"replies":[{"embeddable":true,"href":"https:\/\/defrentealaverdad.com\/index.php\/wp-json\/wp\/v2\/comments?post=1242"}],"version-history":[{"count":3,"href":"https:\/\/defrentealaverdad.com\/index.php\/wp-json\/wp\/v2\/posts\/1242\/revisions"}],"predecessor-version":[{"id":1248,"href":"https:\/\/defrentealaverdad.com\/index.php\/wp-json\/wp\/v2\/posts\/1242\/revisions\/1248"}],"wp:attachment":[{"href":"https:\/\/defrentealaverdad.com\/index.php\/wp-json\/wp\/v2\/media?parent=1242"}],"wp:term":[{"taxonomy":"category","embeddable":true,"href":"https:\/\/defrentealaverdad.com\/index.php\/wp-json\/wp\/v2\/categories?post=1242"},{"taxonomy":"post_tag","embeddable":true,"href":"https:\/\/defrentealaverdad.com\/index.php\/wp-json\/wp\/v2\/tags?post=1242"}],"curies":[{"name":"wp","href":"https:\/\/api.w.org\/{rel}","templated":true}]}}