{"id":1224,"date":"2022-05-04T16:09:24","date_gmt":"2022-05-04T16:09:24","guid":{"rendered":"https:\/\/defrentealaverdad.com\/?p=1224"},"modified":"2022-05-05T15:56:40","modified_gmt":"2022-05-05T15:56:40","slug":"magna-motors-logra-primer-y-segundo-lugar-en-el-ranking-de-ventas-de-bmw-y-mini-en-latinoamerica","status":"publish","type":"post","link":"https:\/\/defrentealaverdad.com\/index.php\/2022\/05\/04\/magna-motors-logra-primer-y-segundo-lugar-en-el-ranking-de-ventas-de-bmw-y-mini-en-latinoamerica\/","title":{"rendered":"Magna Motors logra primer y segundo lugar en el ranking de ventas de BMW y MINI en Latinoam\u00e9rica"},"content":{"rendered":"<p>Magna Motors ha dado un gran impulso a las operaciones de las marcas BMW, MINI y BMW Motorrad, donde potenci\u00f3 su operaci\u00f3n con una gesti\u00f3n orientada a la innovaci\u00f3n, servicio de primera clase y sostenibilidad.<\/p>\n<p>Magna Motors, distribuidor oficial de BMW Group dentro del pa\u00eds, logr\u00f3 posicionar a BMW, por segundo a\u00f1o consecutivo, en el primer lugar del ranking de los 5 mejores representantes de las marcas de BMW Group junto con Colombia y Chile. Con respecto a la marca MINI, se posicion\u00f3 en segundo lugar de la lista, aumentando dos posiciones respecto al a\u00f1o anterior.<\/p>\n<p>Con base en los resultados anteriores, Rep\u00fablica Dominicana se encuentra en el top 5 en ventas de veh\u00edculos el\u00e9ctricos de BMW Group Latinoam\u00e9rica, junto a pa\u00edses como Brasil, M\u00e9xico, Costa Rica y Colombia. Esto gracias al concepto Power of Choice, el plan de Grupo para hacer avanzar la movilidad sostenible a trav\u00e9s de mantener a los conductores al mando para que elijan el m\u00e9todo de propulsi\u00f3n de sus veh\u00edculos gracias a la ampliaci\u00f3n de la l\u00ednea de modelos que se comercializan en el pa\u00eds, que incluye a los modelos el\u00e9ctricos e h\u00edbridos.<\/p>\n<p>\u201cEstamos orgullosos de estos logros alcanzados que nos mantienen como l\u00edder del segmento Premium y, a su vez, refuerzan nuestros valores de compromiso, excelencia e integridad con la sociedad y el medio ambiente. Seguiremos garantizando la calidad y seguridad de nuestros clientes, apostando en temas de innovaci\u00f3n y al uso de herramientas tecnol\u00f3gicas para estar cada vez m\u00e1s cerca de ellos\u201d, afirm\u00f3 Juan Vargas, Gerente General de BMW Group en Magna.<\/p>\n<p>Durante el 2022, se tiene previsto invertir, a corto y mediano plazo, en capacitaci\u00f3n de empleados, nuevos empleos y tecnolog\u00edas, pero sobre todo en la apuesta m\u00e1s grande para el Grupo: la electrificaci\u00f3n. BMW Group en Rep\u00fablica Dominicana, junto con Magna Motors, busca trabajar en acciones que refuercen la operaci\u00f3n y la estrategia de ventas dentro del pa\u00eds.<\/p>\n<p>El Grupo Automotriz Magna Motors ofrece a sus clientes un compromiso constante en mantener el mercado a la vanguardia, garantizando un servicio de alta calidad, a trav\u00e9s de un excelente manejo de la relaci\u00f3n con el cliente y un capital humano dedicado y motivado.<\/p>\n","protected":false},"excerpt":{"rendered":"<p>Magna Motors ha dado un gran impulso a las operaciones de las marcas BMW, MINI<\/p>\n","protected":false},"author":1,"featured_media":1225,"comment_status":"open","ping_status":"open","sticky":false,"template":"","format":"standard","meta":{"footnotes":""},"categories":[2,7],"tags":[],"class_list":["post-1224","post","type-post","status-publish","format-standard","has-post-thumbnail","hentry","category-economicas","category-nacionales"],"_links":{"self":[{"href":"https:\/\/defrentealaverdad.com\/index.php\/wp-json\/wp\/v2\/posts\/1224","targetHints":{"allow":["GET"]}}],"collection":[{"href":"https:\/\/defrentealaverdad.com\/index.php\/wp-json\/wp\/v2\/posts"}],"about":[{"href":"https:\/\/defrentealaverdad.com\/index.php\/wp-json\/wp\/v2\/types\/post"}],"author":[{"embeddable":true,"href":"https:\/\/defrentealaverdad.com\/index.php\/wp-json\/wp\/v2\/users\/1"}],"replies":[{"embeddable":true,"href":"https:\/\/defrentealaverdad.com\/index.php\/wp-json\/wp\/v2\/comments?post=1224"}],"version-history":[{"count":1,"href":"https:\/\/defrentealaverdad.com\/index.php\/wp-json\/wp\/v2\/posts\/1224\/revisions"}],"predecessor-version":[{"id":1226,"href":"https:\/\/defrentealaverdad.com\/index.php\/wp-json\/wp\/v2\/posts\/1224\/revisions\/1226"}],"wp:featuredmedia":[{"embeddable":true,"href":"https:\/\/defrentealaverdad.com\/index.php\/wp-json\/wp\/v2\/media\/1225"}],"wp:attachment":[{"href":"https:\/\/defrentealaverdad.com\/index.php\/wp-json\/wp\/v2\/media?parent=1224"}],"wp:term":[{"taxonomy":"category","embeddable":true,"href":"https:\/\/defrentealaverdad.com\/index.php\/wp-json\/wp\/v2\/categories?post=1224"},{"taxonomy":"post_tag","embeddable":true,"href":"https:\/\/defrentealaverdad.com\/index.php\/wp-json\/wp\/v2\/tags?post=1224"}],"curies":[{"name":"wp","href":"https:\/\/api.w.org\/{rel}","templated":true}]}}