{"id":1221,"date":"2022-05-04T00:34:33","date_gmt":"2022-05-04T00:34:33","guid":{"rendered":"https:\/\/defrentealaverdad.com\/?p=1221"},"modified":"2022-05-04T00:36:09","modified_gmt":"2022-05-04T00:36:09","slug":"oficiales-retirados-recientemente-tambien-embargaran-cuenta-pn-si-no-se-reconsideran-sus-retiros","status":"publish","type":"post","link":"https:\/\/defrentealaverdad.com\/index.php\/2022\/05\/04\/oficiales-retirados-recientemente-tambien-embargaran-cuenta-pn-si-no-se-reconsideran-sus-retiros\/","title":{"rendered":"Oficiales retirados recientemente tambi\u00e9n embargar\u00e1n cuenta PN si no se reconsideran sus retiros"},"content":{"rendered":"<p>SANTO DOMINGO, Rep\u00fablica Dominicana.-Oficiales retirados de la Polic\u00eda Nacional, el pasado mes de marzo , por el Presidente de la Rep\u00fablica, Luis Abinader, advirtieron este martes al director de la Polic\u00eda Nacional, Mayor General Eduardo Alberto Then, que proceder\u00e1n para que las cuentas bancarias de la Polic\u00eda Nacional sean embargadas como consecuencia de que en dichos retiros fueron pensionados oficiales que no cumpl\u00edan con el periodo y los requisitos para que se les pensionaran.<\/p>\n<p>Argumentaron que el retiro de decenas de altos oficiales meritorios, se convirti\u00f3 en un gran exceso, un abuso de poder y una franca violaci\u00f3n a la Ley Org\u00e1nica de la Polic\u00eda Nacional; retirando, mediante enga\u00f1o al propio presidente de la Rep\u00fablica, a oficiales j\u00f3venes, con energ\u00eda, que tienen mucho que dar a la Polic\u00eda Nacional y cuyas actuaciones siempre fueron correctas.<\/p>\n<p>Los Coroneles que fueron recientemente puestos en honroso retiro, mediante el decreto n\u00famero 104-22 , y pensionados, dentro de un gran grupo de 959 subalternos y oficiales de la Polic\u00eda Nacional, han solicitado p\u00fablicamente a partir de entonces al presidente Luis Abinader, que nombre una comisi\u00f3n que se encargue de investigar una serie de anomal\u00edas que se cometieron y que violan la Ley Institucional de la instituci\u00f3n del orden o proceder\u00e1n en consecuencia.<\/p>\n<p>Los altos oficiales, que adem\u00e1s fueron ascendidos a general de brigada en el mismo decreto presidencial, alegan que su retiro fue realizado en violaci\u00f3n a la ley org\u00e1nica de la Polic\u00eda Nacional, debido a las irregularidades cometidas por oficiales y personas que est\u00e1n de espaldas a las buenas intenciones del presidente de la Rep\u00fablica, que busca una reforma efectiva a la Polic\u00eda Nacional.<\/p>\n<p>Alegan que este grupo de Coroneles han mostrado una conducta intachable en el ejercicio de sus funciones dentro de la Polic\u00eda Nacional, por lo que resulta altamente sospechoso hayan sido pensionados en franca violaci\u00f3n a la Ley Org\u00e1nica de la instituci\u00f3n a la cual le han consagrado sus mejores a\u00f1os de vida.<\/p>\n<p>Se recuerda que recientemente, mediante el decreto n\u00famero 104-22 el presidente Luis Abinader puso en condici\u00f3n de retiro y pensi\u00f3n a 959 subalternos y oficiales de la Polic\u00eda Nacional.<\/p>\n<p>Recientemente, abogados de la Asociaci\u00f3n de Expolic\u00edas y Exmilitares de la Rep\u00fablica Dominicana, pertenecientes a la oficina de abogados S\u00e1nchez D\u00edaz &amp; Asociados, S.R.L., representados por los Licdos. Carlos Manuel S\u00e1nchez D\u00edaz y el Lic. Santiago Gerineldo D\u00edaz, quienes representaron los intereses de un cadete de la Polic\u00eda Nacional que fue cancelado falt\u00e1ndole dos meses para ser graduado como Segundo Teniente en el a\u00f1o 2013, procedieron a embargar las cuentas de la Polic\u00eda nacional ante el Banco de Reservas de la Rep\u00fablica Dominicana, la Direcci\u00f3n General de Presupuesto y el Ministerio de Hacienda.<\/p>\n<p>Tambi\u00e9n recientemente el presidente de la Comisi\u00f3n de Reforma de la Polic\u00eda Nacional, Servio Tulio Casta\u00f1o Guzm\u00e1n, expres\u00f3 que en los m\u00e1s recientes movimientos que se realizaron en dicha instituci\u00f3n fueron pensionados oficiales que no cumpl\u00edan con el periodo y los requisitos para que se les pensionaran.<\/p>\n<p>Adem\u00e1s, reconoci\u00f3 que si los afectados deciden ir a los tribunales podr\u00edan ser reintegrados, pero que el ministro de Interior y el director de la Polic\u00eda est\u00e1n revisando para que, en aquellos casos, porque no fue en todos, a quienes se le violentaron sus derechos, vuelvan a la instituci\u00f3n.<\/p>\n<p>Se recuerda que el presidente Luis Abinader dispuso a principios de marzo de este a\u00f1o, el retiro de 367 coroneles y tenientes coroneles de la Polic\u00eda Nacional, el m\u00e1s grande de los retiros policiales en las \u00faltimas d\u00e9cadas, donde tambi\u00e9n fueron pensionados otros 167 oficiales superiores.<\/p>\n<p>Fuente: Peri\u00f3dico el Siglo<\/p>\n","protected":false},"excerpt":{"rendered":"<p>SANTO DOMINGO, Rep\u00fablica Dominicana.-Oficiales retirados de la Polic\u00eda Nacional, el pasado mes de marzo ,<\/p>\n","protected":false},"author":1,"featured_media":1220,"comment_status":"open","ping_status":"open","sticky":false,"template":"","format":"standard","meta":{"footnotes":""},"categories":[7],"tags":[],"class_list":["post-1221","post","type-post","status-publish","format-standard","has-post-thumbnail","hentry","category-nacionales"],"_links":{"self":[{"href":"https:\/\/defrentealaverdad.com\/index.php\/wp-json\/wp\/v2\/posts\/1221","targetHints":{"allow":["GET"]}}],"collection":[{"href":"https:\/\/defrentealaverdad.com\/index.php\/wp-json\/wp\/v2\/posts"}],"about":[{"href":"https:\/\/defrentealaverdad.com\/index.php\/wp-json\/wp\/v2\/types\/post"}],"author":[{"embeddable":true,"href":"https:\/\/defrentealaverdad.com\/index.php\/wp-json\/wp\/v2\/users\/1"}],"replies":[{"embeddable":true,"href":"https:\/\/defrentealaverdad.com\/index.php\/wp-json\/wp\/v2\/comments?post=1221"}],"version-history":[{"count":1,"href":"https:\/\/defrentealaverdad.com\/index.php\/wp-json\/wp\/v2\/posts\/1221\/revisions"}],"predecessor-version":[{"id":1222,"href":"https:\/\/defrentealaverdad.com\/index.php\/wp-json\/wp\/v2\/posts\/1221\/revisions\/1222"}],"wp:featuredmedia":[{"embeddable":true,"href":"https:\/\/defrentealaverdad.com\/index.php\/wp-json\/wp\/v2\/media\/1220"}],"wp:attachment":[{"href":"https:\/\/defrentealaverdad.com\/index.php\/wp-json\/wp\/v2\/media?parent=1221"}],"wp:term":[{"taxonomy":"category","embeddable":true,"href":"https:\/\/defrentealaverdad.com\/index.php\/wp-json\/wp\/v2\/categories?post=1221"},{"taxonomy":"post_tag","embeddable":true,"href":"https:\/\/defrentealaverdad.com\/index.php\/wp-json\/wp\/v2\/tags?post=1221"}],"curies":[{"name":"wp","href":"https:\/\/api.w.org\/{rel}","templated":true}]}}