{"id":11947,"date":"2024-01-31T16:26:11","date_gmt":"2024-01-31T16:26:11","guid":{"rendered":"https:\/\/defrentealaverdad.com\/?p=11947"},"modified":"2024-01-31T16:26:11","modified_gmt":"2024-01-31T16:26:11","slug":"julio-romero-fortalece-compromiso-con-la-juventud-de-santo-domingo-este","status":"publish","type":"post","link":"https:\/\/defrentealaverdad.com\/index.php\/2024\/01\/31\/julio-romero-fortalece-compromiso-con-la-juventud-de-santo-domingo-este\/","title":{"rendered":"Julio Romero Fortalece Compromiso con la Juventud de Santo Domingo Este"},"content":{"rendered":"<p><img decoding=\"async\" class=\"size-medium wp-image-11948 alignleft lazyload\" data-src=\"https:\/\/defrentealaverdad.com\/wp-content\/uploads\/2024\/01\/WhatsApp-Image-2024-01-31-at-11.54.43-300x225.jpeg\" alt=\"\" width=\"300\" height=\"225\" data-srcset=\"https:\/\/defrentealaverdad.com\/wp-content\/uploads\/2024\/01\/WhatsApp-Image-2024-01-31-at-11.54.43-300x225.jpeg 300w, https:\/\/defrentealaverdad.com\/wp-content\/uploads\/2024\/01\/WhatsApp-Image-2024-01-31-at-11.54.43-1024x768.jpeg 1024w, https:\/\/defrentealaverdad.com\/wp-content\/uploads\/2024\/01\/WhatsApp-Image-2024-01-31-at-11.54.43-768x576.jpeg 768w, https:\/\/defrentealaverdad.com\/wp-content\/uploads\/2024\/01\/WhatsApp-Image-2024-01-31-at-11.54.43-1536x1152.jpeg 1536w, https:\/\/defrentealaverdad.com\/wp-content\/uploads\/2024\/01\/WhatsApp-Image-2024-01-31-at-11.54.43-720x540.jpeg 720w, https:\/\/defrentealaverdad.com\/wp-content\/uploads\/2024\/01\/WhatsApp-Image-2024-01-31-at-11.54.43.jpeg 1600w\" data-sizes=\"(max-width: 300px) 100vw, 300px\" src=\"data:image\/svg+xml;base64,PHN2ZyB3aWR0aD0iMSIgaGVpZ2h0PSIxIiB4bWxucz0iaHR0cDovL3d3dy53My5vcmcvMjAwMC9zdmciPjwvc3ZnPg==\" style=\"--smush-placeholder-width: 300px; --smush-placeholder-aspect-ratio: 300\/225;\" \/><\/p>\n<p><strong>Rep\u00fablica Dominicana-(Santo Domingo Este)-\u00a0<\/strong>En un esfuerzo continuo por impulsar el desarrollo y empoderamiento de la juventud, Julio Romero candidato a Alcalde de Santo Domingo Este por el partido La Fuerza del Pueblo, ha reafirmado su compromiso con esta parte vital de la sociedad.<\/p>\n<p style=\"text-align: justify;\">En un encuentro reciente con l\u00edderes juveniles y representantes de diversas comunidades, Romero expres\u00f3 su visi\u00f3n y estrategias para brindar un s\u00f3lido respaldo a los j\u00f3venes del municipio.<br \/>\nRomero destac\u00f3 la importancia de proporcionar oportunidades educativas y de formaci\u00f3n profesional para que la juventud pueda alcanzar su m\u00e1ximo potencial.<\/p>\n<p style=\"text-align: justify;\">En este sentido, propuso la creaci\u00f3n de programas de desarrollo dentro de las escuelas laborales que faciliten el acceso a la educaci\u00f3n t\u00e9cnica y la adquisici\u00f3n de habilidades, contribuyendo as\u00ed al crecimiento acad\u00e9mico y laboral de los j\u00f3venes del municipio.<\/p>\n<p style=\"text-align: justify;\">Adem\u00e1s, el candidato subray\u00f3 la necesidad de promover espacios seguros y actividades recreativas que fomenten el desarrollo integral de la juventud.<\/p>\n<p style=\"text-align: justify;\">Su plan incluye la mejora de instalaciones deportivas y culturales, as\u00ed como la implementaci\u00f3n de eventos y programas que promuevan valores y liderazgo entre los j\u00f3venes, Julio Romero tambi\u00e9n se comprometi\u00f3 a impulsar pol\u00edticas de empleo juvenil, colaborando estrechamente con el sector privado para generar oportunidades laborales y pr\u00e1cticas profesionales.<\/p>\n<p style=\"text-align: justify;\">Enfatiz\u00f3 la importancia de crear un entorno favorable para que los j\u00f3venes puedan ingresar al mercado laboral con confianza y contribuir al crecimiento econ\u00f3mico local.<\/p>\n<p style=\"text-align: justify;\">Romero destac\u00f3 tambi\u00e9n la gran labor que realiza el equipo de juventud de su campa\u00f1a, encabezado por Yunior Vicente,Coordinador Municipal, quien en compa\u00f1\u00eda del equipo \u00b4\u00b4Fuerza Joven con Julio Romero\u00b4\u00b4, se dedican cada d\u00eda a visitar j\u00f3venes del municipio y a incentivarlos para que al igual que ellos participen activamente dentro de la pol\u00edtica, adem\u00e1s de motivarlos y ense\u00f1arles a elegir a sus pr\u00f3ximas autoridades.<\/p>\n<p style=\"text-align: justify;\">Este respaldo integral a la juventud no solo busca construir un futuro promisorio para los j\u00f3venes de Santo Domingo Este, sino tambi\u00e9n fortalecer la base de la comunidad en su conjunto.<\/p>\n<p style=\"text-align: justify;\">Julio Romero, con su visi\u00f3n progresista y compromiso evidente, se presenta como un candidato decidido a transformar positivamente la realidad de la juventud en el municipio, consolid\u00e1ndose como un aliado fundamental para el desarrollo sostenible de Ciudad.<\/p>\n<p>&nbsp;<\/p>\n<p>Fuente: Fuerza del Pueblo<\/p>\n","protected":false},"excerpt":{"rendered":"<p>Rep\u00fablica Dominicana-(Santo Domingo Este)-\u00a0En un esfuerzo continuo por impulsar el desarrollo y empoderamiento de la<\/p>\n","protected":false},"author":1,"featured_media":0,"comment_status":"open","ping_status":"open","sticky":false,"template":"","format":"standard","meta":{"footnotes":""},"categories":[12],"tags":[],"class_list":["post-11947","post","type-post","status-publish","format-standard","hentry","category-politicas"],"_links":{"self":[{"href":"https:\/\/defrentealaverdad.com\/index.php\/wp-json\/wp\/v2\/posts\/11947","targetHints":{"allow":["GET"]}}],"collection":[{"href":"https:\/\/defrentealaverdad.com\/index.php\/wp-json\/wp\/v2\/posts"}],"about":[{"href":"https:\/\/defrentealaverdad.com\/index.php\/wp-json\/wp\/v2\/types\/post"}],"author":[{"embeddable":true,"href":"https:\/\/defrentealaverdad.com\/index.php\/wp-json\/wp\/v2\/users\/1"}],"replies":[{"embeddable":true,"href":"https:\/\/defrentealaverdad.com\/index.php\/wp-json\/wp\/v2\/comments?post=11947"}],"version-history":[{"count":1,"href":"https:\/\/defrentealaverdad.com\/index.php\/wp-json\/wp\/v2\/posts\/11947\/revisions"}],"predecessor-version":[{"id":11949,"href":"https:\/\/defrentealaverdad.com\/index.php\/wp-json\/wp\/v2\/posts\/11947\/revisions\/11949"}],"wp:attachment":[{"href":"https:\/\/defrentealaverdad.com\/index.php\/wp-json\/wp\/v2\/media?parent=11947"}],"wp:term":[{"taxonomy":"category","embeddable":true,"href":"https:\/\/defrentealaverdad.com\/index.php\/wp-json\/wp\/v2\/categories?post=11947"},{"taxonomy":"post_tag","embeddable":true,"href":"https:\/\/defrentealaverdad.com\/index.php\/wp-json\/wp\/v2\/tags?post=11947"}],"curies":[{"name":"wp","href":"https:\/\/api.w.org\/{rel}","templated":true}]}}