{"id":1178,"date":"2022-04-22T22:54:29","date_gmt":"2022-04-22T22:54:29","guid":{"rendered":"https:\/\/defrentealaverdad.com\/?p=1178"},"modified":"2022-04-23T22:56:50","modified_gmt":"2022-04-23T22:56:50","slug":"inicia-la-24-a-feria-internacional-del-libro-santo-domingo-2022-filsd","status":"publish","type":"post","link":"https:\/\/defrentealaverdad.com\/index.php\/2022\/04\/22\/inicia-la-24-a-feria-internacional-del-libro-santo-domingo-2022-filsd\/","title":{"rendered":"Inicia la 24.\u00aa Feria Internacional del Libro Santo Domingo 2022 (FILSD)"},"content":{"rendered":"<p><img decoding=\"async\" class=\"alignnone size-medium wp-image-1179 lazyload\" data-src=\"https:\/\/defrentealaverdad.com\/wp-content\/uploads\/2022\/04\/Screenshot_2022-04-23_191732-300x218.png\" alt=\"\" width=\"300\" height=\"218\" data-srcset=\"https:\/\/defrentealaverdad.com\/wp-content\/uploads\/2022\/04\/Screenshot_2022-04-23_191732-300x218.png 300w, https:\/\/defrentealaverdad.com\/wp-content\/uploads\/2022\/04\/Screenshot_2022-04-23_191732-768x557.png 768w, https:\/\/defrentealaverdad.com\/wp-content\/uploads\/2022\/04\/Screenshot_2022-04-23_191732.png 1017w\" data-sizes=\"(max-width: 300px) 100vw, 300px\" src=\"data:image\/svg+xml;base64,PHN2ZyB3aWR0aD0iMSIgaGVpZ2h0PSIxIiB4bWxucz0iaHR0cDovL3d3dy53My5vcmcvMjAwMC9zdmciPjwvc3ZnPg==\" style=\"--smush-placeholder-width: 300px; --smush-placeholder-aspect-ratio: 300\/218;\" \/><\/p>\n<p>&lt;span;&gt;El presidente Luis Abinader encabez\u00f3 el acto inaugural de la 24.\u00aa Feria Internacional del Libro Santo Domingo 2022 (FILSD), este viernes 22 de abril, a las 7:00 de la noche, en el museo de la Fortaleza Ozama, ubicado en la Ciudad Colonial.<\/p>\n<p>&lt;span;&gt;La FILSD 2022, que se desarrollar\u00e1 hasta el 2 de mayo en la Ciudad Colonial de Santo Domingo, abrir\u00e1 sus puertas al p\u00fablico el s\u00e1bado 23 de abril, desde las 9:00 de la ma\u00f1ana hasta 9:00 de la noche, con entrada libre a los diferentes pabellones y estands.<\/p>\n<p>&lt;span;&gt;Adem\u00e1s de la oferta de una gran variedad de libros para la venta, el p\u00fablico podr\u00e1 disfrutar de charlas, conferencias, coloquios, conversatorios, puesta en circulaci\u00f3n de libros, visitas guiadas, recitales po\u00e9ticos y muchas otras actividades art\u00edsticas y l\u00fadicas en torno al libro, principal protagonista del evento.<\/p>\n<p>&lt;span;&gt;De igual forma, participar\u00e1n m\u00e1s de 70 invitados de 15 pa\u00edses diferentes, entre los que se encuentran importantes autores dominicanos, tanto residentes en el pa\u00eds como de la di\u00e1spora, cantidad que supera ampliamente a la de ediciones anteriores.<\/p>\n<p>&lt;span;&gt;Fuente: Diario Libre<!--\/data\/user\/0\/com.samsung.android.app.notes\/files\/clipdata\/clipdata_bodytext_220423_193301_916.sdocx--><\/p>\n","protected":false},"excerpt":{"rendered":"<p>&lt;span;&gt;El presidente Luis Abinader encabez\u00f3 el acto inaugural de la 24.\u00aa Feria Internacional del Libro<\/p>\n","protected":false},"author":2,"featured_media":0,"comment_status":"open","ping_status":"open","sticky":false,"template":"","format":"standard","meta":{"footnotes":""},"categories":[7],"tags":[],"class_list":["post-1178","post","type-post","status-publish","format-standard","hentry","category-nacionales"],"_links":{"self":[{"href":"https:\/\/defrentealaverdad.com\/index.php\/wp-json\/wp\/v2\/posts\/1178","targetHints":{"allow":["GET"]}}],"collection":[{"href":"https:\/\/defrentealaverdad.com\/index.php\/wp-json\/wp\/v2\/posts"}],"about":[{"href":"https:\/\/defrentealaverdad.com\/index.php\/wp-json\/wp\/v2\/types\/post"}],"author":[{"embeddable":true,"href":"https:\/\/defrentealaverdad.com\/index.php\/wp-json\/wp\/v2\/users\/2"}],"replies":[{"embeddable":true,"href":"https:\/\/defrentealaverdad.com\/index.php\/wp-json\/wp\/v2\/comments?post=1178"}],"version-history":[{"count":1,"href":"https:\/\/defrentealaverdad.com\/index.php\/wp-json\/wp\/v2\/posts\/1178\/revisions"}],"predecessor-version":[{"id":1180,"href":"https:\/\/defrentealaverdad.com\/index.php\/wp-json\/wp\/v2\/posts\/1178\/revisions\/1180"}],"wp:attachment":[{"href":"https:\/\/defrentealaverdad.com\/index.php\/wp-json\/wp\/v2\/media?parent=1178"}],"wp:term":[{"taxonomy":"category","embeddable":true,"href":"https:\/\/defrentealaverdad.com\/index.php\/wp-json\/wp\/v2\/categories?post=1178"},{"taxonomy":"post_tag","embeddable":true,"href":"https:\/\/defrentealaverdad.com\/index.php\/wp-json\/wp\/v2\/tags?post=1178"}],"curies":[{"name":"wp","href":"https:\/\/api.w.org\/{rel}","templated":true}]}}