{"id":1152,"date":"2022-04-22T17:16:45","date_gmt":"2022-04-22T17:16:45","guid":{"rendered":"https:\/\/defrentealaverdad.com\/?p=1152"},"modified":"2022-04-22T21:19:20","modified_gmt":"2022-04-22T21:19:20","slug":"micc-presenta-su-nuevo-sencillo-no-me-averguenzo-en-la-voz-de-amaury-de-jesus","status":"publish","type":"post","link":"https:\/\/defrentealaverdad.com\/index.php\/2022\/04\/22\/micc-presenta-su-nuevo-sencillo-no-me-averguenzo-en-la-voz-de-amaury-de-jesus\/","title":{"rendered":"MICC presenta su nuevo sencillo \u201cNo Me Averg\u00fcenzo\u201d, en la voz de Amaury de Jes\u00fas"},"content":{"rendered":"<p>El jueves 21 de abril de 2022 Ministerios Creyendo en Cristo (MICC) realiz\u00f3 un coctel y rueda de prensa para presentar su nuevo sencillo \u201cNo Me Averg\u00fcenzo\u201d, el cual es uno de los temas que formar\u00e1 parte de su primer \u00e1lbum \u201cEn Su Presencia\u201d.<\/p>\n<p><img decoding=\"async\" class=\"alignnone size-medium wp-image-1153 aligncenter lazyload\" data-src=\"https:\/\/defrentealaverdad.com\/wp-content\/uploads\/2022\/04\/7b168e79-f2c1-44f6-b182-5c626e168e8a-240x300.jpg\" alt=\"\" width=\"240\" height=\"300\" data-srcset=\"https:\/\/defrentealaverdad.com\/wp-content\/uploads\/2022\/04\/7b168e79-f2c1-44f6-b182-5c626e168e8a-240x300.jpg 240w, https:\/\/defrentealaverdad.com\/wp-content\/uploads\/2022\/04\/7b168e79-f2c1-44f6-b182-5c626e168e8a-819x1024.jpg 819w, https:\/\/defrentealaverdad.com\/wp-content\/uploads\/2022\/04\/7b168e79-f2c1-44f6-b182-5c626e168e8a-768x960.jpg 768w, https:\/\/defrentealaverdad.com\/wp-content\/uploads\/2022\/04\/7b168e79-f2c1-44f6-b182-5c626e168e8a.jpg 1024w\" data-sizes=\"(max-width: 240px) 100vw, 240px\" src=\"data:image\/svg+xml;base64,PHN2ZyB3aWR0aD0iMSIgaGVpZ2h0PSIxIiB4bWxucz0iaHR0cDovL3d3dy53My5vcmcvMjAwMC9zdmciPjwvc3ZnPg==\" style=\"--smush-placeholder-width: 240px; --smush-placeholder-aspect-ratio: 240\/300;\" \/><\/p>\n<p>Este tema est\u00e1 disponible en todas las plataformas de m\u00fasica digital y cuenta con Amaury de Jes\u00fas como vocalista, Yimy L\u00f3pez como productor y Carlos Mu\u00f1oz como compositor y productor ejecutivo.<\/p>\n<p>El evento fue realizado en Abba Caf\u00e9, Santo Domingo, Rep\u00fablica Dominicana, en un ambiente acogedor con un interesante compartir en presencia de la prensa, el equipo directivo, colaboradores y otros invitados.<\/p>\n<p>El equipo directivo est\u00e1 compuesto por Carlos Mu\u00f1oz, fundador y Director General; Maridalia Javier, Directora de Comunicaciones; Williams Cuello, Productor Radial; Jenny Reynoso, Editora de Inspira y Encargada de Evangelismo; y Amaury de Jes\u00fas, Vocalista y Director Musical.<\/p>\n<p>Ministerios Creyendo en Cristo (MICC) fue fundado por Carlos Mu\u00f1oz, actual director general y productor ejecutivo el lunes 7 de marzo de 2011 en la ciudad de Santo Domingo, Rep\u00fablica Dominicana con la misi\u00f3n de glorificar a Dios inspirando y edificando vidas con el evangelio de Jesucristo.<\/p>\n<p><img decoding=\"async\" class=\"alignnone size-medium wp-image-1154 aligncenter lazyload\" data-src=\"https:\/\/defrentealaverdad.com\/wp-content\/uploads\/2022\/04\/65539acb-dc07-43d0-bb87-8587eb3e938e-300x200.jpg\" alt=\"\" width=\"300\" height=\"200\" data-srcset=\"https:\/\/defrentealaverdad.com\/wp-content\/uploads\/2022\/04\/65539acb-dc07-43d0-bb87-8587eb3e938e-300x200.jpg 300w, https:\/\/defrentealaverdad.com\/wp-content\/uploads\/2022\/04\/65539acb-dc07-43d0-bb87-8587eb3e938e-1024x682.jpg 1024w, https:\/\/defrentealaverdad.com\/wp-content\/uploads\/2022\/04\/65539acb-dc07-43d0-bb87-8587eb3e938e-768x512.jpg 768w, https:\/\/defrentealaverdad.com\/wp-content\/uploads\/2022\/04\/65539acb-dc07-43d0-bb87-8587eb3e938e.jpg 1280w\" data-sizes=\"(max-width: 300px) 100vw, 300px\" src=\"data:image\/svg+xml;base64,PHN2ZyB3aWR0aD0iMSIgaGVpZ2h0PSIxIiB4bWxucz0iaHR0cDovL3d3dy53My5vcmcvMjAwMC9zdmciPjwvc3ZnPg==\" style=\"--smush-placeholder-width: 300px; --smush-placeholder-aspect-ratio: 300\/200;\" \/><\/p>\n<p>El primer proyecto es Creyendo Radio, el cual surge el martes 8 de marzo de 2011 con la transmisi\u00f3n y producci\u00f3n de contenido en alta calidad.<\/p>\n<p>El lunes 10 de agosto de 2015 da inicio el ministerio musical Creyendo En Cristo para la producci\u00f3n y distribuci\u00f3n de canciones inspiradas por Dios para el ministerio.<\/p>\n<p>El proyecto de evangelismo \u201cInspira\u201d inici\u00f3 el lunes 4 de febrero de 2019. Cada d\u00eda personas reciben palabras de esperanza que inspiran y edifican sus vidas.<\/p>\n<p>El proyecto de misiones \u201cVamos\u201d, inici\u00f3 el jueves 28 de mayo de 2020 con la organizaci\u00f3n de la causa para ayudar a ni\u00f1as y ni\u00f1os \u201cReg\u00e1lame una Sonrisa\u201d.<\/p>\n<p>En este breve recorrido por la trayectoria de 11 a\u00f1os de Ministerios Creyendo en Cristo (MICC) tambi\u00e9n queremos destacar la participaci\u00f3n en eventos locales y en la convenci\u00f3n internacional m\u00e1s grande e importante de la literatura y m\u00fasica cristiana, Expolit, en 2017 y 2018.<\/p>\n<p>La visi\u00f3n de un equipo excepcional con otra perspectiva para bendecir muchas vidas, profundo amor por Dios y una entrega incansable apenas comienza\u2026<\/p>\n<p><img decoding=\"async\" class=\"alignnone size-medium wp-image-1155 aligncenter lazyload\" data-src=\"https:\/\/defrentealaverdad.com\/wp-content\/uploads\/2022\/04\/WhatsApp-Image-2022-04-22-at-1.08.38-PM-300x300.jpeg\" alt=\"\" width=\"300\" height=\"300\" data-srcset=\"https:\/\/defrentealaverdad.com\/wp-content\/uploads\/2022\/04\/WhatsApp-Image-2022-04-22-at-1.08.38-PM-300x300.jpeg 300w, https:\/\/defrentealaverdad.com\/wp-content\/uploads\/2022\/04\/WhatsApp-Image-2022-04-22-at-1.08.38-PM-1024x1024.jpeg 1024w, https:\/\/defrentealaverdad.com\/wp-content\/uploads\/2022\/04\/WhatsApp-Image-2022-04-22-at-1.08.38-PM-150x150.jpeg 150w, https:\/\/defrentealaverdad.com\/wp-content\/uploads\/2022\/04\/WhatsApp-Image-2022-04-22-at-1.08.38-PM-768x768.jpeg 768w, https:\/\/defrentealaverdad.com\/wp-content\/uploads\/2022\/04\/WhatsApp-Image-2022-04-22-at-1.08.38-PM-1536x1536.jpeg 1536w, https:\/\/defrentealaverdad.com\/wp-content\/uploads\/2022\/04\/WhatsApp-Image-2022-04-22-at-1.08.38-PM.jpeg 1564w\" data-sizes=\"(max-width: 300px) 100vw, 300px\" src=\"data:image\/svg+xml;base64,PHN2ZyB3aWR0aD0iMSIgaGVpZ2h0PSIxIiB4bWxucz0iaHR0cDovL3d3dy53My5vcmcvMjAwMC9zdmciPjwvc3ZnPg==\" style=\"--smush-placeholder-width: 300px; --smush-placeholder-aspect-ratio: 300\/300;\" \/><br \/>\nNo Me Averg\u00fcenzo est\u00e1 disponible en todas las plataformas digitales.<\/p>\n<p>www.creyendoencristo.org<\/p>\n<p>Tel\u00e9fono y WhatsApp 809-422-5885<\/p>\n<p>&nbsp;<\/p>\n<p>Fuente: Equipo de Comunicaci\u00f3n MICC<\/p>\n","protected":false},"excerpt":{"rendered":"<p>El jueves 21 de abril de 2022 Ministerios Creyendo en Cristo (MICC) realiz\u00f3 un coctel<\/p>\n","protected":false},"author":2,"featured_media":0,"comment_status":"open","ping_status":"open","sticky":false,"template":"","format":"standard","meta":{"footnotes":""},"categories":[6,13],"tags":[],"class_list":["post-1152","post","type-post","status-publish","format-standard","hentry","category-espectaculos","category-sociales"],"_links":{"self":[{"href":"https:\/\/defrentealaverdad.com\/index.php\/wp-json\/wp\/v2\/posts\/1152","targetHints":{"allow":["GET"]}}],"collection":[{"href":"https:\/\/defrentealaverdad.com\/index.php\/wp-json\/wp\/v2\/posts"}],"about":[{"href":"https:\/\/defrentealaverdad.com\/index.php\/wp-json\/wp\/v2\/types\/post"}],"author":[{"embeddable":true,"href":"https:\/\/defrentealaverdad.com\/index.php\/wp-json\/wp\/v2\/users\/2"}],"replies":[{"embeddable":true,"href":"https:\/\/defrentealaverdad.com\/index.php\/wp-json\/wp\/v2\/comments?post=1152"}],"version-history":[{"count":1,"href":"https:\/\/defrentealaverdad.com\/index.php\/wp-json\/wp\/v2\/posts\/1152\/revisions"}],"predecessor-version":[{"id":1156,"href":"https:\/\/defrentealaverdad.com\/index.php\/wp-json\/wp\/v2\/posts\/1152\/revisions\/1156"}],"wp:attachment":[{"href":"https:\/\/defrentealaverdad.com\/index.php\/wp-json\/wp\/v2\/media?parent=1152"}],"wp:term":[{"taxonomy":"category","embeddable":true,"href":"https:\/\/defrentealaverdad.com\/index.php\/wp-json\/wp\/v2\/categories?post=1152"},{"taxonomy":"post_tag","embeddable":true,"href":"https:\/\/defrentealaverdad.com\/index.php\/wp-json\/wp\/v2\/tags?post=1152"}],"curies":[{"name":"wp","href":"https:\/\/api.w.org\/{rel}","templated":true}]}}