{"id":11279,"date":"2023-12-30T17:09:11","date_gmt":"2023-12-30T17:09:11","guid":{"rendered":"https:\/\/defrentealaverdad.com\/?p=11279"},"modified":"2024-01-02T17:12:23","modified_gmt":"2024-01-02T17:12:23","slug":"oficina-enlace-celebra-encuentro-de-fin-de-ano-con-comunicadores-cristianos","status":"publish","type":"post","link":"https:\/\/defrentealaverdad.com\/index.php\/2023\/12\/30\/oficina-enlace-celebra-encuentro-de-fin-de-ano-con-comunicadores-cristianos\/","title":{"rendered":"Oficina Enlace celebra Encuentro de fin de a\u00f1o con Comunicadores Cristianos"},"content":{"rendered":"<p style=\"text-align: justify;\"><img decoding=\"async\" class=\"size-medium wp-image-11280 alignright lazyload\" data-src=\"https:\/\/defrentealaverdad.com\/wp-content\/uploads\/2024\/01\/WhatsApp-Image-2024-01-01-at-00.56.18-2-225x300.jpeg\" alt=\"\" width=\"225\" height=\"300\" data-srcset=\"https:\/\/defrentealaverdad.com\/wp-content\/uploads\/2024\/01\/WhatsApp-Image-2024-01-01-at-00.56.18-2-225x300.jpeg 225w, https:\/\/defrentealaverdad.com\/wp-content\/uploads\/2024\/01\/WhatsApp-Image-2024-01-01-at-00.56.18-2-768x1024.jpeg 768w, https:\/\/defrentealaverdad.com\/wp-content\/uploads\/2024\/01\/WhatsApp-Image-2024-01-01-at-00.56.18-2-1152x1536.jpeg 1152w, https:\/\/defrentealaverdad.com\/wp-content\/uploads\/2024\/01\/WhatsApp-Image-2024-01-01-at-00.56.18-2-450x600.jpeg 450w, https:\/\/defrentealaverdad.com\/wp-content\/uploads\/2024\/01\/WhatsApp-Image-2024-01-01-at-00.56.18-2.jpeg 1200w\" data-sizes=\"(max-width: 225px) 100vw, 225px\" src=\"data:image\/svg+xml;base64,PHN2ZyB3aWR0aD0iMSIgaGVpZ2h0PSIxIiB4bWxucz0iaHR0cDovL3d3dy53My5vcmcvMjAwMC9zdmciPjwvc3ZnPg==\" style=\"--smush-placeholder-width: 225px; --smush-placeholder-aspect-ratio: 225\/300;\" \/>Santo Domingo, R.D. La Oficina Enlace del Poder Ejecutivo y la Comunidad Cristiana celebr\u00f3 un Encuentro de Fin de A\u00f1o con Comunicadores Cristianos, el viernes 29 de diciembre en el Sal\u00f3n Hermanas Mirabal del Palacio Presidencial de la Rep\u00fablica Dominicana.<\/p>\n<p style=\"text-align: justify;\">Saskia Ochoa, directora interina de la Oficina Enlace, esboz\u00f3 todo lo que ha realizado la dependencia gubernamental a favor de las iglesias, ministerios e instituciones cristianas del pa\u00eds.<\/p>\n<blockquote><p><em>\u00abNuestro inter\u00e9s es seguir aliados a la comunidad de fe y seguir impactando socioespiritualmente para la transformaci\u00f3n de la sociedad, como agentes de cambio\u00bb,<\/em> puntualiz\u00f3 la se\u00f1ora Ochoa.<\/p><\/blockquote>\n<p style=\"text-align: justify;\">Erika Oviedo, presidente nacional de la Asociaci\u00f3n Dominicana de Comunicadores Cristianos (ADOCOC) a nombre de todos los presentes agradeci\u00f3 a la Oficina Enlace su <img decoding=\"async\" class=\"size-medium wp-image-11281 alignleft lazyload\" data-src=\"https:\/\/defrentealaverdad.com\/wp-content\/uploads\/2024\/01\/WhatsApp-Image-2024-01-01-at-00.56.18-225x300.jpeg\" alt=\"\" width=\"225\" height=\"300\" data-srcset=\"https:\/\/defrentealaverdad.com\/wp-content\/uploads\/2024\/01\/WhatsApp-Image-2024-01-01-at-00.56.18-225x300.jpeg 225w, https:\/\/defrentealaverdad.com\/wp-content\/uploads\/2024\/01\/WhatsApp-Image-2024-01-01-at-00.56.18-768x1024.jpeg 768w, https:\/\/defrentealaverdad.com\/wp-content\/uploads\/2024\/01\/WhatsApp-Image-2024-01-01-at-00.56.18-1152x1536.jpeg 1152w, https:\/\/defrentealaverdad.com\/wp-content\/uploads\/2024\/01\/WhatsApp-Image-2024-01-01-at-00.56.18-450x600.jpeg 450w, https:\/\/defrentealaverdad.com\/wp-content\/uploads\/2024\/01\/WhatsApp-Image-2024-01-01-at-00.56.18.jpeg 1200w\" data-sizes=\"(max-width: 225px) 100vw, 225px\" src=\"data:image\/svg+xml;base64,PHN2ZyB3aWR0aD0iMSIgaGVpZ2h0PSIxIiB4bWxucz0iaHR0cDovL3d3dy53My5vcmcvMjAwMC9zdmciPjwvc3ZnPg==\" style=\"--smush-placeholder-width: 225px; --smush-placeholder-aspect-ratio: 225\/300;\" \/>valios\u00edsimo apoyo y significativos aportes a favor de la clase comunicacional de la comunidad de fe; introduciendo el tiempo de preguntas, inquietudes e impresiones de los invitados para ser tomado en cuenta para el pr\u00f3ximo a\u00f1o 2024.<\/p>\n<p style=\"text-align: justify;\">Adem\u00e1s de la presidente nacional de ADOCOC y su equipo directivo, destacamos la presencia de Jetferson Rodr\u00edguez presidente de la Red de Locutores Cristianos Dominicanos, Johanni Reyes CEO de la Confederaci\u00f3n Iberoamericana de Comunicadoras Hispanas, y una nutrida comitiva de ADOCOC Filial Santiago encabezada por su presidente Anthony Mota.<img decoding=\"async\" class=\"size-medium wp-image-11282 alignright lazyload\" data-src=\"https:\/\/defrentealaverdad.com\/wp-content\/uploads\/2024\/01\/WhatsApp-Image-2024-01-01-at-00.56.18-1-225x300.jpeg\" alt=\"\" width=\"225\" height=\"300\" data-srcset=\"https:\/\/defrentealaverdad.com\/wp-content\/uploads\/2024\/01\/WhatsApp-Image-2024-01-01-at-00.56.18-1-225x300.jpeg 225w, https:\/\/defrentealaverdad.com\/wp-content\/uploads\/2024\/01\/WhatsApp-Image-2024-01-01-at-00.56.18-1-768x1024.jpeg 768w, https:\/\/defrentealaverdad.com\/wp-content\/uploads\/2024\/01\/WhatsApp-Image-2024-01-01-at-00.56.18-1-1152x1536.jpeg 1152w, https:\/\/defrentealaverdad.com\/wp-content\/uploads\/2024\/01\/WhatsApp-Image-2024-01-01-at-00.56.18-1-450x600.jpeg 450w, https:\/\/defrentealaverdad.com\/wp-content\/uploads\/2024\/01\/WhatsApp-Image-2024-01-01-at-00.56.18-1.jpeg 1200w\" data-sizes=\"(max-width: 225px) 100vw, 225px\" src=\"data:image\/svg+xml;base64,PHN2ZyB3aWR0aD0iMSIgaGVpZ2h0PSIxIiB4bWxucz0iaHR0cDovL3d3dy53My5vcmcvMjAwMC9zdmciPjwvc3ZnPg==\" style=\"--smush-placeholder-width: 225px; --smush-placeholder-aspect-ratio: 225\/300;\" \/><\/p>\n<p style=\"text-align: justify;\">Al final del encuentro, el Pastor D\u00edo Astacio, titular del cargo que actualmente desempe\u00f1a la Sra. Ochoa, y quien se encuentra de licencia por sus aspiraciones pol\u00edticas a la Alcald\u00eda de Santo Domingo Este, comparti\u00f3 unas palabras y aprovech\u00f3 para dar gracias a Dios primeramente y al pueblo por sus oraciones y respaldo.<\/p>\n<p style=\"text-align: justify;\">El l\u00edder destac\u00f3 la valoraci\u00f3n del Excelent\u00edsimo Se\u00f1or Presidente Luis Abinader con la comunidad cristiana, directamente y a trav\u00e9s de la Oficina de Enlace y el Gabinete de la Familia, que por gracia ha dirigido el Pastor Astacio.<\/p>\n<blockquote><p><em>\u00abQuiero honrar a nuestro hermano y amigo Mois\u00e9s Duval, gestor de este encuentro, quien siempre est\u00e1 atento velando por el bienestar de los comunicadores y artistas cristianos del pa\u00eds\u00bb,<\/em> reconoci\u00f3 el Pastor D\u00edo.<\/p><\/blockquote>\n<p style=\"text-align: justify;\">El connotado e inquieto comunicador Danny Ram\u00edrez, fundador de ADOCOC, director ejecutivo de la Academia Cristiana de Comunicadores, Radiodifusores, Agencias y Artistas (ACCRA) y presidente de Premios El Galard\u00f3n, apertur\u00f3 el c\u00f3nclave orando al Todopoderoso; mientras que el veterano locutor H\u00e9ctor Cabrera despidi\u00f3 en oraci\u00f3n, dando paso a un exquisito brindis en honor a todos los invitados especiales.<\/p>\n<p>Fuente: Directiva Nacional ADOCOC<\/p>\n","protected":false},"excerpt":{"rendered":"<p>Santo Domingo, R.D. La Oficina Enlace del Poder Ejecutivo y la Comunidad Cristiana celebr\u00f3 un<\/p>\n","protected":false},"author":4,"featured_media":0,"comment_status":"open","ping_status":"open","sticky":false,"template":"","format":"standard","meta":{"footnotes":""},"categories":[7],"tags":[],"class_list":["post-11279","post","type-post","status-publish","format-standard","hentry","category-nacionales"],"_links":{"self":[{"href":"https:\/\/defrentealaverdad.com\/index.php\/wp-json\/wp\/v2\/posts\/11279","targetHints":{"allow":["GET"]}}],"collection":[{"href":"https:\/\/defrentealaverdad.com\/index.php\/wp-json\/wp\/v2\/posts"}],"about":[{"href":"https:\/\/defrentealaverdad.com\/index.php\/wp-json\/wp\/v2\/types\/post"}],"author":[{"embeddable":true,"href":"https:\/\/defrentealaverdad.com\/index.php\/wp-json\/wp\/v2\/users\/4"}],"replies":[{"embeddable":true,"href":"https:\/\/defrentealaverdad.com\/index.php\/wp-json\/wp\/v2\/comments?post=11279"}],"version-history":[{"count":1,"href":"https:\/\/defrentealaverdad.com\/index.php\/wp-json\/wp\/v2\/posts\/11279\/revisions"}],"predecessor-version":[{"id":11283,"href":"https:\/\/defrentealaverdad.com\/index.php\/wp-json\/wp\/v2\/posts\/11279\/revisions\/11283"}],"wp:attachment":[{"href":"https:\/\/defrentealaverdad.com\/index.php\/wp-json\/wp\/v2\/media?parent=11279"}],"wp:term":[{"taxonomy":"category","embeddable":true,"href":"https:\/\/defrentealaverdad.com\/index.php\/wp-json\/wp\/v2\/categories?post=11279"},{"taxonomy":"post_tag","embeddable":true,"href":"https:\/\/defrentealaverdad.com\/index.php\/wp-json\/wp\/v2\/tags?post=11279"}],"curies":[{"name":"wp","href":"https:\/\/api.w.org\/{rel}","templated":true}]}}