{"id":11275,"date":"2024-01-01T16:10:21","date_gmt":"2024-01-01T16:10:21","guid":{"rendered":"https:\/\/defrentealaverdad.com\/?p=11275"},"modified":"2024-01-02T16:11:04","modified_gmt":"2024-01-02T16:11:04","slug":"david-ortiz-confirma-que-espera-un-nuevo-hijo-junto-a-la-modelo-yeribel-martinez","status":"publish","type":"post","link":"https:\/\/defrentealaverdad.com\/index.php\/2024\/01\/01\/david-ortiz-confirma-que-espera-un-nuevo-hijo-junto-a-la-modelo-yeribel-martinez\/","title":{"rendered":"David Ortiz confirma que espera un nuevo hijo junto a la modelo Yeribel Mart\u00ednez"},"content":{"rendered":"<div class=\"post-header\">\n<div class=\"post-head\"><\/div>\n<div class=\"ads-posting\">\n<div class=\"lalulintas\"><a href=\"https:\/\/blogger.googleusercontent.com\/img\/b\/R29vZ2xl\/AVvXsEhm5dZQWDj6LJB4onzNbplDmgEq9XQdSWaiZeC5jxbjkluf9tKV0vkxMj2nCwILOavMo3jMv8RYcWEsfEAx-IE3Eo6enxQT4UI3B4cVhQWzD0ZBOK25f1R3VK1rmogYuZEpuX810Q2d0Vlk8JCaK8gE6-PhafKLzojXZ7RV5XLJi7_HWNnjqYkLOShYjFY\/s750\/IMG-20240101-WA0576.jpg\"><img decoding=\"async\" class=\"alignleft lazyload\" title=\"IMG-20240101-WA0576\" data-src=\"https:\/\/blogger.googleusercontent.com\/img\/b\/R29vZ2xl\/AVvXsEhm5dZQWDj6LJB4onzNbplDmgEq9XQdSWaiZeC5jxbjkluf9tKV0vkxMj2nCwILOavMo3jMv8RYcWEsfEAx-IE3Eo6enxQT4UI3B4cVhQWzD0ZBOK25f1R3VK1rmogYuZEpuX810Q2d0Vlk8JCaK8gE6-PhafKLzojXZ7RV5XLJi7_HWNnjqYkLOShYjFY\/s320\/IMG-20240101-WA0576.jpg\" alt=\"IMG-20240101-WA0576\" width=\"320\" height=\"160\" border=\"0\" data-original-height=\"375\" data-original-width=\"750\" src=\"data:image\/svg+xml;base64,PHN2ZyB3aWR0aD0iMSIgaGVpZ2h0PSIxIiB4bWxucz0iaHR0cDovL3d3dy53My5vcmcvMjAwMC9zdmciPjwvc3ZnPg==\" style=\"--smush-placeholder-width: 320px; --smush-placeholder-aspect-ratio: 320\/160;\" \/><\/a><\/div>\n<\/div>\n<\/div>\n<article>\n<div id=\"post-body-3812888756377036725\" class=\"post-body entry-content\">\n<p style=\"text-align: justify;\">SANTO DOMINGO.- El reconocido exbeisbolista profesional dominicano y miembro del Sal\u00f3n de la Fama de Cooperstown, David Ortiz, mostr\u00f3 a su fanaticada que ser\u00e1 padre por cuarta ocasi\u00f3n, seg\u00fan los videos que han compartido en Instagram junto a su pareja, Mar\u00eda Yeribel Mart\u00ednez.La modelo ha subido una historia en la que aparece embarazada, bailando y cantando \u201cFina\u201d con el \u00abBig Papi\u201d, para confirmar que ser\u00e1n padres. Asimismo, comparti\u00f3 otras historias en las que se ven decoraciones dedicadas al beb\u00e9.<\/p>\n<p style=\"text-align: justify;\">Cabe destacar, que desde hace meses se rumoraba de que la modelo estaba embarazada y el mismo Ortiz hab\u00eda declarado en p\u00fablico que quer\u00eda motivar a su pareja a que sea madre.<\/p>\n<p style=\"text-align: justify;\">Y este 31 de diciembre fue el momento propicio para que finalmente revelaran durante la celebraci\u00f3n de A\u00f1o Nuevo que esperan su primer hijo juntos.<\/p>\n<p style=\"text-align: justify;\">Yeribel, apareci\u00f3 junto al \u2018Big Papi\u2018 mostrando su vientre mientras cantaba y bailaba en una fiesta para despedir el 2023, a la que asistieron familiares de ambos, donde la cual se trat\u00f3 de un \u2018Baby shower\u2018\u00a0 donde dieron a conocer el sexo de la criatura.<\/p>\n<p style=\"text-align: justify;\">El expelotero ya tiene tres hijos con su exesposa Tiffany Ortiz: Jessica, Alexandra y D\u2018Angelo, y otro con su expareja Fary Alm\u00e1nzar Fern\u00e1ndez.<\/p>\n<\/div>\n<p>Fuente: El Faro RD<\/p>\n<\/article>\n","protected":false},"excerpt":{"rendered":"<p>SANTO DOMINGO.- El reconocido exbeisbolista profesional dominicano y miembro del Sal\u00f3n de la Fama de<\/p>\n","protected":false},"author":1,"featured_media":0,"comment_status":"open","ping_status":"open","sticky":false,"template":"","format":"standard","meta":{"footnotes":""},"categories":[3],"tags":[],"class_list":["post-11275","post","type-post","status-publish","format-standard","hentry","category-deportes"],"_links":{"self":[{"href":"https:\/\/defrentealaverdad.com\/index.php\/wp-json\/wp\/v2\/posts\/11275","targetHints":{"allow":["GET"]}}],"collection":[{"href":"https:\/\/defrentealaverdad.com\/index.php\/wp-json\/wp\/v2\/posts"}],"about":[{"href":"https:\/\/defrentealaverdad.com\/index.php\/wp-json\/wp\/v2\/types\/post"}],"author":[{"embeddable":true,"href":"https:\/\/defrentealaverdad.com\/index.php\/wp-json\/wp\/v2\/users\/1"}],"replies":[{"embeddable":true,"href":"https:\/\/defrentealaverdad.com\/index.php\/wp-json\/wp\/v2\/comments?post=11275"}],"version-history":[{"count":1,"href":"https:\/\/defrentealaverdad.com\/index.php\/wp-json\/wp\/v2\/posts\/11275\/revisions"}],"predecessor-version":[{"id":11276,"href":"https:\/\/defrentealaverdad.com\/index.php\/wp-json\/wp\/v2\/posts\/11275\/revisions\/11276"}],"wp:attachment":[{"href":"https:\/\/defrentealaverdad.com\/index.php\/wp-json\/wp\/v2\/media?parent=11275"}],"wp:term":[{"taxonomy":"category","embeddable":true,"href":"https:\/\/defrentealaverdad.com\/index.php\/wp-json\/wp\/v2\/categories?post=11275"},{"taxonomy":"post_tag","embeddable":true,"href":"https:\/\/defrentealaverdad.com\/index.php\/wp-json\/wp\/v2\/tags?post=11275"}],"curies":[{"name":"wp","href":"https:\/\/api.w.org\/{rel}","templated":true}]}}