{"id":11229,"date":"2023-12-30T02:41:07","date_gmt":"2023-12-30T02:41:07","guid":{"rendered":"https:\/\/defrentealaverdad.com\/?p=11229"},"modified":"2023-12-31T02:43:06","modified_gmt":"2023-12-31T02:43:06","slug":"cruz-roja-santo-domingo-oeste-inicia-segunda-fase-del-operativo-conciencia-por-la-vida-2023-2024","status":"publish","type":"post","link":"https:\/\/defrentealaverdad.com\/index.php\/2023\/12\/30\/cruz-roja-santo-domingo-oeste-inicia-segunda-fase-del-operativo-conciencia-por-la-vida-2023-2024\/","title":{"rendered":"Cruz Roja Santo Domingo Oeste inicia segunda fase del operativo \u00abConciencia por la Vida 2023-2024\u00bb"},"content":{"rendered":"<p style=\"text-align: justify;\">Santo Domingo Oeste. En el marco de la puesta en ejecuci\u00f3n de la segunda fase del operativo \u00abConciencia por la Vida 2023-2024\u00bb, la Cruz Roja Dominicana Santo Domingo Oeste reitera su compromiso de velar por la seguridad ciudadana durante las festividades de A\u00f1o Nuevo .<\/p>\n<p style=\"text-align: justify;\"><img decoding=\"async\" class=\"size-medium wp-image-11230 alignleft lazyload\" data-src=\"https:\/\/defrentealaverdad.com\/wp-content\/uploads\/2023\/12\/IMG-20231230-WA0149-300x292.jpg\" alt=\"\" width=\"300\" height=\"292\" data-srcset=\"https:\/\/defrentealaverdad.com\/wp-content\/uploads\/2023\/12\/IMG-20231230-WA0149-300x292.jpg 300w, https:\/\/defrentealaverdad.com\/wp-content\/uploads\/2023\/12\/IMG-20231230-WA0149-1024x997.jpg 1024w, https:\/\/defrentealaverdad.com\/wp-content\/uploads\/2023\/12\/IMG-20231230-WA0149-768x748.jpg 768w, https:\/\/defrentealaverdad.com\/wp-content\/uploads\/2023\/12\/IMG-20231230-WA0149.jpg 1080w\" data-sizes=\"(max-width: 300px) 100vw, 300px\" src=\"data:image\/svg+xml;base64,PHN2ZyB3aWR0aD0iMSIgaGVpZ2h0PSIxIiB4bWxucz0iaHR0cDovL3d3dy53My5vcmcvMjAwMC9zdmciPjwvc3ZnPg==\" style=\"--smush-placeholder-width: 300px; --smush-placeholder-aspect-ratio: 300\/292;\" \/><\/p>\n<p style=\"text-align: justify;\">En ese sentido , Hugo Geronimo Martinez presidente de la entidad , hizo un llamado a la conciencia de la poblaci\u00f3n dominicana para que asuma un papel activo en la prevenci\u00f3n de situaciones de emergencia, ya que durante estas fechas cr\u00edticas, el aumento de actividades festivas se traduce en mayores desaf\u00edos para la seguridad p\u00fablica.<\/p>\n<p style=\"text-align: justify;\">Asimismo inform\u00f3 que el operativo inicio este s\u00e1bado 30 de diciembre y finalizar\u00e1 el lunes 1 de enero del 2024 a las 6:00pm.<img decoding=\"async\" class=\"size-medium wp-image-11231 alignright lazyload\" data-src=\"https:\/\/defrentealaverdad.com\/wp-content\/uploads\/2023\/12\/Screenshot_2023-12-30_230405-227x300.png\" alt=\"\" width=\"227\" height=\"300\" data-srcset=\"https:\/\/defrentealaverdad.com\/wp-content\/uploads\/2023\/12\/Screenshot_2023-12-30_230405-227x300.png 227w, https:\/\/defrentealaverdad.com\/wp-content\/uploads\/2023\/12\/Screenshot_2023-12-30_230405-773x1024.png 773w, https:\/\/defrentealaverdad.com\/wp-content\/uploads\/2023\/12\/Screenshot_2023-12-30_230405-768x1017.png 768w, https:\/\/defrentealaverdad.com\/wp-content\/uploads\/2023\/12\/Screenshot_2023-12-30_230405.png 864w\" data-sizes=\"(max-width: 227px) 100vw, 227px\" src=\"data:image\/svg+xml;base64,PHN2ZyB3aWR0aD0iMSIgaGVpZ2h0PSIxIiB4bWxucz0iaHR0cDovL3d3dy53My5vcmcvMjAwMC9zdmciPjwvc3ZnPg==\" style=\"--smush-placeholder-width: 227px; --smush-placeholder-aspect-ratio: 227\/300;\" \/><\/p>\n<p style=\"text-align: justify;\">Adem\u00e0s asegur\u00f2 , que como medidas de prevenci\u00f3n , se esta realizando bandereos para la reducci\u00f3n de velocidad y prevenci\u00f3n de accidentes de tr\u00e1nsito, reposicionamiento de equipos de respuesta y publicaci\u00f3n de mensajes claves para la prevenci\u00f3n.<\/p>\n<p style=\"text-align: justify;\">La entidad puntualiz\u00f3 que cuenta con mas de 25 voluntarios en el Hospital Marcelino Velez Santana y la zona de Pintura , donde estaran ofreciendo orientaciones y la asistencia necesaria, para asegurar una atenci\u00f3n oportuna y eficiente ante posibles emergencias.<\/p>\n<p style=\"text-align: justify;\">Fuente: Prensa Cruz Roja Santo Domingo Oeste<\/p>\n","protected":false},"excerpt":{"rendered":"<p>Santo Domingo Oeste. En el marco de la puesta en ejecuci\u00f3n de la segunda fase<\/p>\n","protected":false},"author":1,"featured_media":0,"comment_status":"open","ping_status":"open","sticky":false,"template":"","format":"standard","meta":{"footnotes":""},"categories":[7],"tags":[],"class_list":["post-11229","post","type-post","status-publish","format-standard","hentry","category-nacionales"],"_links":{"self":[{"href":"https:\/\/defrentealaverdad.com\/index.php\/wp-json\/wp\/v2\/posts\/11229","targetHints":{"allow":["GET"]}}],"collection":[{"href":"https:\/\/defrentealaverdad.com\/index.php\/wp-json\/wp\/v2\/posts"}],"about":[{"href":"https:\/\/defrentealaverdad.com\/index.php\/wp-json\/wp\/v2\/types\/post"}],"author":[{"embeddable":true,"href":"https:\/\/defrentealaverdad.com\/index.php\/wp-json\/wp\/v2\/users\/1"}],"replies":[{"embeddable":true,"href":"https:\/\/defrentealaverdad.com\/index.php\/wp-json\/wp\/v2\/comments?post=11229"}],"version-history":[{"count":1,"href":"https:\/\/defrentealaverdad.com\/index.php\/wp-json\/wp\/v2\/posts\/11229\/revisions"}],"predecessor-version":[{"id":11232,"href":"https:\/\/defrentealaverdad.com\/index.php\/wp-json\/wp\/v2\/posts\/11229\/revisions\/11232"}],"wp:attachment":[{"href":"https:\/\/defrentealaverdad.com\/index.php\/wp-json\/wp\/v2\/media?parent=11229"}],"wp:term":[{"taxonomy":"category","embeddable":true,"href":"https:\/\/defrentealaverdad.com\/index.php\/wp-json\/wp\/v2\/categories?post=11229"},{"taxonomy":"post_tag","embeddable":true,"href":"https:\/\/defrentealaverdad.com\/index.php\/wp-json\/wp\/v2\/tags?post=11229"}],"curies":[{"name":"wp","href":"https:\/\/api.w.org\/{rel}","templated":true}]}}