{"id":11222,"date":"2023-12-28T16:36:28","date_gmt":"2023-12-28T16:36:28","guid":{"rendered":"https:\/\/defrentealaverdad.com\/?p=11222"},"modified":"2023-12-29T16:37:25","modified_gmt":"2023-12-29T16:37:25","slug":"avanzan-preparativos-la-batalla-de-la-fe-2023esta-entrega-sera-celebrando-su-60-aniversario","status":"publish","type":"post","link":"https:\/\/defrentealaverdad.com\/index.php\/2023\/12\/28\/avanzan-preparativos-la-batalla-de-la-fe-2023esta-entrega-sera-celebrando-su-60-aniversario\/","title":{"rendered":"Avanzan preparativos La Batalla de la Fe 2023"},"content":{"rendered":"<div class=\"post-header\">\n<blockquote>\n<div class=\"post-head\">Esta entrega ser\u00e1 celebrando su 60 aniversario<\/div>\n<\/blockquote>\n<div><a href=\"https:\/\/blogger.googleusercontent.com\/img\/b\/R29vZ2xl\/AVvXsEh4fzbfCcx8anfoTy8NINuTKW4NqliJjQoPriUNGbTan-YTCLkVrsSW6NeQ8SxpmaAOFeMSxGVRI2-Eop9bh3AHQ12l9JdRE0tulNingclP1Ol_doX7PxlMOT-zcPwyRgCmpx_tAqq7SO2lsOPGcHZ3raU28r8xHUUkTTOHMYYAGBplhIPCOYEeFQVAvi8\/s4160\/IMG-20231228-WA0439.jpg\"><img decoding=\"async\" class=\"alignleft lazyload\" title=\"IMG-20231228-WA0439\" data-src=\"https:\/\/blogger.googleusercontent.com\/img\/b\/R29vZ2xl\/AVvXsEh4fzbfCcx8anfoTy8NINuTKW4NqliJjQoPriUNGbTan-YTCLkVrsSW6NeQ8SxpmaAOFeMSxGVRI2-Eop9bh3AHQ12l9JdRE0tulNingclP1Ol_doX7PxlMOT-zcPwyRgCmpx_tAqq7SO2lsOPGcHZ3raU28r8xHUUkTTOHMYYAGBplhIPCOYEeFQVAvi8\/s320\/IMG-20231228-WA0439.jpg\" alt=\"IMG-20231228-WA0439\" width=\"320\" height=\"213\" border=\"0\" data-original-height=\"2773\" data-original-width=\"4160\" src=\"data:image\/svg+xml;base64,PHN2ZyB3aWR0aD0iMSIgaGVpZ2h0PSIxIiB4bWxucz0iaHR0cDovL3d3dy53My5vcmcvMjAwMC9zdmciPjwvc3ZnPg==\" style=\"--smush-placeholder-width: 320px; --smush-placeholder-aspect-ratio: 320\/213;\" \/><\/a><\/div>\n<\/div>\n<article>\n<div id=\"post-body-5863130859706200393\" class=\"post-body entry-content\">\n<p style=\"text-align: justify;\">Santo Domingo. El Ministerio La Batalla de la Fe, que organiza la tradicional Concentraci\u00f3n Evang\u00e9lica Nacional, trabaja en los detalles de montaje y producci\u00f3n para la versi\u00f3n n\u00famero 60 del multitudinario evento que re\u00fane la m\u00e1s grande representaci\u00f3n de evang\u00e9licos del pa\u00eds cada primero de enero en el Estadio Ol\u00edmpico F\u00e9lix S\u00e1nchez.<\/p>\n<p style=\"text-align: justify;\">En una rueda de prensa, realizada en las oficinas de la organizaci\u00f3n, fueron ofrecidos los detalles por el vicepresidente del Ministerio\u00a0 \u00abLa Batalla de la Fe\u00bb, pastor Ezequiel Molina S\u00e1nchez, quien enfatiz\u00f3 que para el pr\u00f3ximo d\u00eda de A\u00f1o Nuevo, Dios traer\u00e1 un mensaje poderoso que impactar\u00e1 la vida de la Iglesia y de la naci\u00f3n dominicana, bajo el tema \u201cAlerta Final\u201d. Ademas, dirigida por un grupo de pastores, se presentar\u00e1 un tiempo de oracion e intercesi\u00f3n por la familia, la naci\u00f3n y el mundo.<\/p>\n<p style=\"text-align: justify;\">El tiempo de intercesi\u00f3n por el pa\u00eds lo dirigir\u00e1 el pastor Ezequiel Molina Rosario, presidente de La Batalla de La Fe.<\/p>\n<blockquote>\n<p style=\"text-align: justify;\">La concentraci\u00f3n contar\u00e1 con un tiempo de alabanzas y adoraci\u00f3n a cargo de destacados int\u00e9rpretes cristianos, entre ellos Isabelle Valdez, Israel Kelly, Mois\u00e9s Javier, Ben Hur Berroa, Rosa Karina, Lenny Salcedo, entre otros.<\/p>\n<\/blockquote>\n<p style=\"text-align: justify;\">El encuentro de confraternidad, considerado ya como \u00abla tradici\u00f3n por excelencia del pueblo cristiano dominicano\u00bb, en su versi\u00f3n n\u00famero 60 se llevar\u00e1 a cabo a partir de las 4 de la tarde y ser\u00e1 transmitido en vivo a trav\u00e9s de una red de canales de televisi\u00f3n, emisoras de radio y plataformas de internet, entre ellas: Color Vision canal 9, como matriz, Cielo TV, Radio Television Dominicana canal 4, RNN, Telefuturo, Radio Voz Evang\u00e9lica Nacional (RADIO VEN), labatalladelafe.com, entre otras.<\/p>\n<p style=\"text-align: justify;\">\u00a0El\u00a0 pastor Molina S\u00e1nchez inform\u00f3, ademas, que la organizaci\u00f3n autoriza a todos los canales de televisi\u00f3n, emisoras de radio y sitios de internet a transmitir la actividad, notific\u00e1ndolo previamente a las oficinas del ministerio para facilitar la conexi\u00f3n, coordinaci\u00f3n y difusi\u00f3n del evento.<\/p>\n<p style=\"text-align: justify;\">Se inform\u00f3 que al evento han sido invitados autoridades y l\u00edderes pol\u00edticos del pa\u00eds.<\/p>\n<p>Fuente: El Ministerio La Batalla de la Fe<\/p>\n<\/div>\n<\/article>\n","protected":false},"excerpt":{"rendered":"<p>Esta entrega ser\u00e1 celebrando su 60 aniversario Santo Domingo. El Ministerio La Batalla de la<\/p>\n","protected":false},"author":4,"featured_media":0,"comment_status":"open","ping_status":"open","sticky":false,"template":"","format":"standard","meta":{"footnotes":""},"categories":[7],"tags":[],"class_list":["post-11222","post","type-post","status-publish","format-standard","hentry","category-nacionales"],"_links":{"self":[{"href":"https:\/\/defrentealaverdad.com\/index.php\/wp-json\/wp\/v2\/posts\/11222","targetHints":{"allow":["GET"]}}],"collection":[{"href":"https:\/\/defrentealaverdad.com\/index.php\/wp-json\/wp\/v2\/posts"}],"about":[{"href":"https:\/\/defrentealaverdad.com\/index.php\/wp-json\/wp\/v2\/types\/post"}],"author":[{"embeddable":true,"href":"https:\/\/defrentealaverdad.com\/index.php\/wp-json\/wp\/v2\/users\/4"}],"replies":[{"embeddable":true,"href":"https:\/\/defrentealaverdad.com\/index.php\/wp-json\/wp\/v2\/comments?post=11222"}],"version-history":[{"count":3,"href":"https:\/\/defrentealaverdad.com\/index.php\/wp-json\/wp\/v2\/posts\/11222\/revisions"}],"predecessor-version":[{"id":11225,"href":"https:\/\/defrentealaverdad.com\/index.php\/wp-json\/wp\/v2\/posts\/11222\/revisions\/11225"}],"wp:attachment":[{"href":"https:\/\/defrentealaverdad.com\/index.php\/wp-json\/wp\/v2\/media?parent=11222"}],"wp:term":[{"taxonomy":"category","embeddable":true,"href":"https:\/\/defrentealaverdad.com\/index.php\/wp-json\/wp\/v2\/categories?post=11222"},{"taxonomy":"post_tag","embeddable":true,"href":"https:\/\/defrentealaverdad.com\/index.php\/wp-json\/wp\/v2\/tags?post=11222"}],"curies":[{"name":"wp","href":"https:\/\/api.w.org\/{rel}","templated":true}]}}