{"id":11212,"date":"2023-12-28T16:27:10","date_gmt":"2023-12-28T16:27:10","guid":{"rendered":"https:\/\/defrentealaverdad.com\/?p=11212"},"modified":"2023-12-29T16:28:09","modified_gmt":"2023-12-29T16:28:09","slug":"policia-nacional-dominicana-y-policia-de-nueva-york-nypd-fortalecen-relaciones-interinstitucionales","status":"publish","type":"post","link":"https:\/\/defrentealaverdad.com\/index.php\/2023\/12\/28\/policia-nacional-dominicana-y-policia-de-nueva-york-nypd-fortalecen-relaciones-interinstitucionales\/","title":{"rendered":"Polic\u00eda Nacional Dominicana y Polic\u00eda de Nueva York (NYPD) fortalecen relaciones interinstitucionales"},"content":{"rendered":"<div class=\"post-header\">\n<div class=\"post-head\"><\/div>\n<div class=\"ads-posting\">\n<div class=\"lalulintas\" style=\"text-align: justify;\">\n<a href=\"https:\/\/blogger.googleusercontent.com\/img\/b\/R29vZ2xl\/AVvXsEgaiZ7RVYJ0Z8t-u4E5DDbJs0v7oPKXI3Jt9ySDT1wGYkFv0zrJq6guBG6JP3I9A0jbR1-36NLw-7En3drx1kvxEmvwiDxhYEMB7IyB-0uJ6KSxYXbxlJhUK3FIRD00VO4Tu6YPa8t2qCwMCw4NzO7GpCbiDMrZtesVYODLpZZ3QtaIMR-GQBue9t5jVo4\/s1600\/IMG-20231228-WA0266.jpg\"><img decoding=\"async\" class=\"alignleft lazyload\" title=\"IMG-20231228-WA0266\" data-src=\"https:\/\/blogger.googleusercontent.com\/img\/b\/R29vZ2xl\/AVvXsEgaiZ7RVYJ0Z8t-u4E5DDbJs0v7oPKXI3Jt9ySDT1wGYkFv0zrJq6guBG6JP3I9A0jbR1-36NLw-7En3drx1kvxEmvwiDxhYEMB7IyB-0uJ6KSxYXbxlJhUK3FIRD00VO4Tu6YPa8t2qCwMCw4NzO7GpCbiDMrZtesVYODLpZZ3QtaIMR-GQBue9t5jVo4\/s320\/IMG-20231228-WA0266.jpg\" alt=\"IMG-20231228-WA0266\" width=\"320\" height=\"225\" border=\"0\" data-original-height=\"1124\" data-original-width=\"1600\" src=\"data:image\/svg+xml;base64,PHN2ZyB3aWR0aD0iMSIgaGVpZ2h0PSIxIiB4bWxucz0iaHR0cDovL3d3dy53My5vcmcvMjAwMC9zdmciPjwvc3ZnPg==\" style=\"--smush-placeholder-width: 320px; --smush-placeholder-aspect-ratio: 320\/225;\" \/><\/a><\/div>\n<\/div>\n<\/div>\n<article>\n<div id=\"post-body-4116594785918284891\" class=\"post-body entry-content\">\n<p style=\"text-align: justify;\">En dicho encuentro el Mayor general Guzm\u00e1n Peralta resalt\u00f3 el compromiso del presidente Luis Abinader con la Polic\u00eda Nacional, durante un di\u00e1logo amistoso con el titular de NYPD, Edward Caban.<\/p>\n<p style=\"text-align: justify;\">Santo Domingo. &#8211; La Polic\u00eda Nacional Dominicana y la Polic\u00eda de Nueva York (NYPD) fortalecieron sus relaciones interinstitucionales y de cooperaci\u00f3n internacional, luego de una importante reuni\u00f3n que sostuvieron los titulares de los dos\u00a0 cuerpos policiales hermanos, donde intercambiaron impresiones y experiencias que consolidaron los\u00a0 lazos entre ambas instituciones en materia de seguridad.<\/p>\n<p style=\"text-align: justify;\">El mayor general Ram\u00f3n Antonio Guzm\u00e1n Peralta,\u00a0 director general de la Polic\u00eda Nacional, recibi\u00f3 con benepl\u00e1cito al comisionado de la Polic\u00eda de Nueva York (NYPD), Edward Caban, en su despacho en la sede del palacio policial el pasado mi\u00e9rcoles.<\/p>\n<p style=\"text-align: justify;\">En un di\u00e1logo amistoso Guzm\u00e1n Peralta destac\u00f3 la inversi\u00f3n significativa en log\u00edstica y educaci\u00f3n en la Polic\u00eda Nacional dominicana, respaldada por el presidente Luis Abinader, subrayando su contribuci\u00f3n al proceso de transformaci\u00f3n.<\/p>\n<div class=\"separator\" style=\"text-align: justify;\"><a href=\"https:\/\/blogger.googleusercontent.com\/img\/b\/R29vZ2xl\/AVvXsEihJRRdAJDyF6ICUt3SpMtW8fiHlcJg276iHW6PYprurDYAjxwKafOHvwbomyTW8fbjHaFJ7XkCiu4yxyLRQWJPpILjKYqnlPB5SM7tZqPsnbjv4dtSWQeVxlVofEv7eUuzf5RBFl2ssKLkfBNnVCOwfc6c0Sab5L7mcKCyHwH3Z1fH2IQk1SZ4oA8XhlI\/s1600\/IMG-20231228-WA0264.jpg\"><img decoding=\"async\" class=\"alignright lazyload\" title=\"IMG-20231228-WA0264\" data-src=\"https:\/\/blogger.googleusercontent.com\/img\/b\/R29vZ2xl\/AVvXsEihJRRdAJDyF6ICUt3SpMtW8fiHlcJg276iHW6PYprurDYAjxwKafOHvwbomyTW8fbjHaFJ7XkCiu4yxyLRQWJPpILjKYqnlPB5SM7tZqPsnbjv4dtSWQeVxlVofEv7eUuzf5RBFl2ssKLkfBNnVCOwfc6c0Sab5L7mcKCyHwH3Z1fH2IQk1SZ4oA8XhlI\/s320\/IMG-20231228-WA0264.jpg\" alt=\"IMG-20231228-WA0264\" width=\"320\" height=\"257\" border=\"0\" data-original-height=\"1286\" data-original-width=\"1600\" src=\"data:image\/svg+xml;base64,PHN2ZyB3aWR0aD0iMSIgaGVpZ2h0PSIxIiB4bWxucz0iaHR0cDovL3d3dy53My5vcmcvMjAwMC9zdmciPjwvc3ZnPg==\" style=\"--smush-placeholder-width: 320px; --smush-placeholder-aspect-ratio: 320\/257;\" \/><\/a><\/div>\n<p style=\"text-align: justify;\">Tenemos un presidente dedicado en cuerpo y alma a nuestra instituci\u00f3n, que apoya y aporta para que la instituci\u00f3n brinde un servicio de calidad y que la sociedad pueda percibir el trabajo que estamos haciendo en su beneficio, porque para que una sociedad circule por el buen camino es necesario que tenga buenos polic\u00edas, capacitados y a la altura de sus necesidades\u201d, dijo Guzm\u00e1n Peralta.<\/p>\n<p style=\"text-align: justify;\">En el conversatorio reconoci\u00f3 el seguimiento que se les est\u00e1 dando a los casos criminales y el fortalecimiento del sistema de justicia a trav\u00e9s de la creaci\u00f3n de la Mesa de la Fuerza de Tarea Conjunta.<\/p>\n<p style=\"text-align: justify;\">Asimismo, el director policial extendi\u00f3 una cordial invitaci\u00f3n al Comisionado para que conozca de cerca el proceso de trabajo de investigaci\u00f3n criminal a nivel nacional e internacional realizado por la Polic\u00eda Nacional Dominicana.<\/p>\n<p style=\"text-align: justify;\">Adem\u00e1s, solicit\u00f3 la colaboraci\u00f3n de la Polic\u00eda de Nueva York, para mantener las relaciones de hermandad entre ambos cuerpo de polic\u00eda, enfatizando el apoyo del presidente Abinader en alcanzar los objetivos propuestos.<\/p>\n<p style=\"text-align: justify;\">En ese aspecto, el l\u00edder de la (NYPD), Edward Caban, asumi\u00f3 el compromiso de contribuir al desarrollo y crecimiento de la Polic\u00eda Nacional Dominicana, brindando entrenamientos y equipos que permitan robustecer la preparaci\u00f3n de los agentes policiales.<\/p>\n<p style=\"text-align: justify;\"><strong>Valoraci\u00f3n y respaldo<\/strong><\/p>\n<p style=\"text-align: justify;\">En el desarrollo de la reuni\u00f3n, el comisionado Edward Caban y mayor general Guzm\u00e1n Peralta\u00a0 destacaron la importancia de la colaboraci\u00f3n entre ambos cuerpos de Polic\u00eda, al tiempo de reafirmar sus compromisos para trabajar conjuntamente por el bienestar y la seguridad de la sociedad de sus respectivas naciones.<\/p>\n<p style=\"text-align: justify;\">La reuni\u00f3n de trabajo inici\u00f3 en el despacho del mayor general Guzm\u00e1n Peralta y concluy\u00f3 con un almuerzo en el Club para Oficiales del cuerpo del orden.<\/p>\n<p style=\"text-align: justify;\"><strong>Reconocimientos<\/strong><\/p>\n<p style=\"text-align: justify;\">En un gesto de reconocimiento, se entregaron placas a destacadas personalidades, incluyendo a Edward Caban, presidente de la Polic\u00eda de Nueva York, y Fausto Garc\u00eda, enlace entre la Polic\u00eda dominicana y la neoyorquina.<\/p>\n<p style=\"text-align: justify;\">El reconocimiento tambi\u00e9n se extendi\u00f3 al coronel Roberto Lerebours, director de Cooperaci\u00f3n y Relaciones Internacionales por su compromiso con la instituci\u00f3n.<\/p>\n<p style=\"text-align: justify;\">Asimismo, el encuentro finaliz\u00f3 con la entrega de obsequios, en la que el mayor general Ram\u00f3n Antonio Guzm\u00e1n Peralta recibi\u00f3 de los representantes de la Polic\u00eda de New York una placa de reconocimiento a su labor y una camiseta conmemorativa como parte del sello de confraternidad.<\/p>\n<p style=\"text-align: justify;\"><strong>Invitados especiales<\/strong><\/p>\n<p style=\"text-align: justify;\">El comisionado de la Polic\u00eda Nueva York, Edward Caban; el sargento Denis Rodr\u00edguez, presidente de la Asociaci\u00f3n de Polic\u00edas dominicanos en Nueva York; el coronel Roberto Lerebours Garc\u00eda, director de Cooperaci\u00f3n y Relaciones Internacionales, PN; y los enlaces de la Polic\u00eda Nacional y la Polic\u00eda de Nueva York, el detective Fausto Garc\u00eda y el segundo teniente Edgar Allan Oleaga.<\/p>\n<\/div>\n<\/article>\n","protected":false},"excerpt":{"rendered":"<p>En dicho encuentro el Mayor general Guzm\u00e1n Peralta resalt\u00f3 el compromiso del presidente Luis Abinader<\/p>\n","protected":false},"author":1,"featured_media":0,"comment_status":"open","ping_status":"open","sticky":false,"template":"","format":"standard","meta":{"footnotes":""},"categories":[16],"tags":[],"class_list":["post-11212","post","type-post","status-publish","format-standard","hentry","category-internacionales"],"_links":{"self":[{"href":"https:\/\/defrentealaverdad.com\/index.php\/wp-json\/wp\/v2\/posts\/11212","targetHints":{"allow":["GET"]}}],"collection":[{"href":"https:\/\/defrentealaverdad.com\/index.php\/wp-json\/wp\/v2\/posts"}],"about":[{"href":"https:\/\/defrentealaverdad.com\/index.php\/wp-json\/wp\/v2\/types\/post"}],"author":[{"embeddable":true,"href":"https:\/\/defrentealaverdad.com\/index.php\/wp-json\/wp\/v2\/users\/1"}],"replies":[{"embeddable":true,"href":"https:\/\/defrentealaverdad.com\/index.php\/wp-json\/wp\/v2\/comments?post=11212"}],"version-history":[{"count":1,"href":"https:\/\/defrentealaverdad.com\/index.php\/wp-json\/wp\/v2\/posts\/11212\/revisions"}],"predecessor-version":[{"id":11213,"href":"https:\/\/defrentealaverdad.com\/index.php\/wp-json\/wp\/v2\/posts\/11212\/revisions\/11213"}],"wp:attachment":[{"href":"https:\/\/defrentealaverdad.com\/index.php\/wp-json\/wp\/v2\/media?parent=11212"}],"wp:term":[{"taxonomy":"category","embeddable":true,"href":"https:\/\/defrentealaverdad.com\/index.php\/wp-json\/wp\/v2\/categories?post=11212"},{"taxonomy":"post_tag","embeddable":true,"href":"https:\/\/defrentealaverdad.com\/index.php\/wp-json\/wp\/v2\/tags?post=11212"}],"curies":[{"name":"wp","href":"https:\/\/api.w.org\/{rel}","templated":true}]}}