{"id":11201,"date":"2023-12-29T15:59:31","date_gmt":"2023-12-29T15:59:31","guid":{"rendered":"https:\/\/defrentealaverdad.com\/?p=11201"},"modified":"2023-12-29T15:59:40","modified_gmt":"2023-12-29T15:59:40","slug":"estos-son-los-dispositivos-apple-que-fueron-descontinuados-en-el-2023-tiene-alguno","status":"publish","type":"post","link":"https:\/\/defrentealaverdad.com\/index.php\/2023\/12\/29\/estos-son-los-dispositivos-apple-que-fueron-descontinuados-en-el-2023-tiene-alguno\/","title":{"rendered":"Estos son los dispositivos Apple que fueron descontinuados en el 2023: \u00bfTiene alguno?"},"content":{"rendered":"<div class=\"entry-header\">\n<p class=\"entry-thumbnail-area \" style=\"text-align: justify;\"><img decoding=\"async\" data-src=\"https:\/\/i0.wp.com\/notidigitalrd.com.do\/wp-content\/uploads\/2023\/12\/5f5bef827d161.r_1702319147711.0-0-3000-1801.jpeg?fit=1200%2C720&amp;ssl=1\" alt=\"Estos son los dispositivos Apple que fueron descontinuados en el 2023: \u00bftiene alguno?\" src=\"data:image\/svg+xml;base64,PHN2ZyB3aWR0aD0iMSIgaGVpZ2h0PSIxIiB4bWxucz0iaHR0cDovL3d3dy53My5vcmcvMjAwMC9zdmciPjwvc3ZnPg==\" class=\"lazyload\" \/><\/p>\n<div class=\"entry-category\">\n<div class=\"entry-cat-tag\">\n<div class=\"ui-cat\"><\/div>\n<\/div>\n<\/div>\n<div class=\"entry-post-meta row\">\n<div class=\"col-sm-4 col-xs-12 pull-left text-right \">Cada a\u00f1o las empresas pretenden innovar con nuevos dispositivos y tecnolog\u00edas que faciliten la vida de los usuarios. Por este constante avance, hay muchos artefactos que quedan desactualizados o en el olvido, lo que causa que sean descontinuados por decisi\u00f3n de la empresa y <b>este 2023 no fue la excepci\u00f3n para que Apple tomara esta decisi\u00f3n.<\/b><\/div>\n<\/div>\n<\/div>\n<div class=\"entry-content\">\n<p id=\"p834420-m533-3-534\" class=\"articulo-titulo\" style=\"text-align: justify;\">iPhone \u00abmini\u00bb<\/p>\n<div class=\"imagen-cuerpo-bk\">\n<figure id=\"m544-543-545\" class=\"foto-galeria-articulo\"><img decoding=\"async\" class=\"alignright lazyload\" data-src=\"https:\/\/i0.wp.com\/www.eltiempo.com\/files\/article_content_new\/uploads\/2023\/09\/11\/64ff0f7e6c308.png?resize=652%2C366&amp;ssl=1\" alt=\"iPhone 13 Mini\" width=\"652\" height=\"366\" src=\"data:image\/svg+xml;base64,PHN2ZyB3aWR0aD0iMSIgaGVpZ2h0PSIxIiB4bWxucz0iaHR0cDovL3d3dy53My5vcmcvMjAwMC9zdmciPjwvc3ZnPg==\" style=\"--smush-placeholder-width: 652px; --smush-placeholder-aspect-ratio: 652\/366;\" \/><\/figure>\n<\/div>\n<div class=\"figcaption-cuerpo-bk credito-image-bk\">\n<div class=\"titulo-foto-bk\">\n<p id=\"m551-1-552\" class=\"titulo\">El iPhone 13 Mini es uno de los smartphones m\u00e1s peque\u00f1os y ligeros de Apple.<\/p>\n<\/div>\n<\/div>\n<p id=\"p834420-m565-5-566\" class=\"contenido\" style=\"text-align: justify;\">Con el lanzamiento del la familia iPhone 15 expertos aseguran que se descontinuar\u00e1 la producci\u00f3n y venta del iPhone 13 mini gracias a que muchos usuarios se han perfilado a comprar dispositivos con pantalla grande.\u00a0<b>Sin embargo, una alternativa de compra ser\u00e1 el\u00a0iPhone SE 3, que hasta el momento sigue en fabricaci\u00f3n.\u00a0<\/b><\/p>\n<p id=\"p834420-m571-6-572\" class=\"articulo-titulo\" style=\"text-align: justify;\"><strong>Bater\u00eda MagSafe<\/strong><\/p>\n<p id=\"p834420-m577-7-578\" class=\"contenido\" style=\"text-align: justify;\">Apple anunci\u00f3 en este 2023 que la bater\u00eda externa llamada\u00a0<b>MagSafe\u00a0<\/b>dejar\u00e1 de ser vendida, posiblemente porque la respuesta de los usuarios no es la esperada y muchos prefieren adquirir bater\u00edas que carguen el celular por medio de un cable para que este proceso sea mucho m\u00e1s r\u00e1pido.<\/p>\n<p id=\"p834420-m583-8-584\" class=\"articulo-titulo\" style=\"text-align: justify;\"><strong>Accesorios en cuero<\/strong><\/p>\n<p id=\"p834420-m589-9-590\" class=\"contenido\" style=\"text-align: justify;\">Por otro lado, todos los accesorios que est\u00e9n hechos con piel se dejaron de producir y vender. Ahora, Apple impulsa la compra de productos hechos en silicona y los materiales de alta calidad alternativos\u00a0<b>como en el caso de las fundas y las correas FineWoven.<\/b><\/p>\n<\/div>\n<p>Fuente: EFE<\/p>\n","protected":false},"excerpt":{"rendered":"<p>Cada a\u00f1o las empresas pretenden innovar con nuevos dispositivos y tecnolog\u00edas que faciliten la vida<\/p>\n","protected":false},"author":2,"featured_media":0,"comment_status":"open","ping_status":"open","sticky":false,"template":"","format":"standard","meta":{"footnotes":""},"categories":[15],"tags":[],"class_list":["post-11201","post","type-post","status-publish","format-standard","hentry","category-tecnologia"],"_links":{"self":[{"href":"https:\/\/defrentealaverdad.com\/index.php\/wp-json\/wp\/v2\/posts\/11201","targetHints":{"allow":["GET"]}}],"collection":[{"href":"https:\/\/defrentealaverdad.com\/index.php\/wp-json\/wp\/v2\/posts"}],"about":[{"href":"https:\/\/defrentealaverdad.com\/index.php\/wp-json\/wp\/v2\/types\/post"}],"author":[{"embeddable":true,"href":"https:\/\/defrentealaverdad.com\/index.php\/wp-json\/wp\/v2\/users\/2"}],"replies":[{"embeddable":true,"href":"https:\/\/defrentealaverdad.com\/index.php\/wp-json\/wp\/v2\/comments?post=11201"}],"version-history":[{"count":2,"href":"https:\/\/defrentealaverdad.com\/index.php\/wp-json\/wp\/v2\/posts\/11201\/revisions"}],"predecessor-version":[{"id":11203,"href":"https:\/\/defrentealaverdad.com\/index.php\/wp-json\/wp\/v2\/posts\/11201\/revisions\/11203"}],"wp:attachment":[{"href":"https:\/\/defrentealaverdad.com\/index.php\/wp-json\/wp\/v2\/media?parent=11201"}],"wp:term":[{"taxonomy":"category","embeddable":true,"href":"https:\/\/defrentealaverdad.com\/index.php\/wp-json\/wp\/v2\/categories?post=11201"},{"taxonomy":"post_tag","embeddable":true,"href":"https:\/\/defrentealaverdad.com\/index.php\/wp-json\/wp\/v2\/tags?post=11201"}],"curies":[{"name":"wp","href":"https:\/\/api.w.org\/{rel}","templated":true}]}}