{"id":11198,"date":"2023-12-28T15:55:29","date_gmt":"2023-12-28T15:55:29","guid":{"rendered":"https:\/\/defrentealaverdad.com\/?p=11198"},"modified":"2023-12-29T15:58:20","modified_gmt":"2023-12-29T15:58:20","slug":"jce-aclara-que-mujeres-con-tubis-y-rolos-pueden-votar-en-elecciones-de-2024","status":"publish","type":"post","link":"https:\/\/defrentealaverdad.com\/index.php\/2023\/12\/28\/jce-aclara-que-mujeres-con-tubis-y-rolos-pueden-votar-en-elecciones-de-2024\/","title":{"rendered":"JCE aclara que mujeres con tubis y rolos pueden votar en elecciones de 2024"},"content":{"rendered":"<div class=\"entry-banner\">\n<div class=\"container\">\n<div class=\"entry-banner-content\">\n<h1 class=\"entry-title\" style=\"text-align: justify;\"><img decoding=\"async\" class=\"alignleft lazyload\" data-src=\"https:\/\/i0.wp.com\/notidigitalrd.com.do\/wp-content\/uploads\/2023\/12\/12.jpg?fit=366%2C500&amp;ssl=1\" alt=\"JCE aclara que mujeres con tubis y rolos pueden votar en elecciones de 2024\" width=\"227\" height=\"310\" src=\"data:image\/svg+xml;base64,PHN2ZyB3aWR0aD0iMSIgaGVpZ2h0PSIxIiB4bWxucz0iaHR0cDovL3d3dy53My5vcmcvMjAwMC9zdmciPjwvc3ZnPg==\" style=\"--smush-placeholder-width: 227px; --smush-placeholder-aspect-ratio: 227\/310;\" \/><\/h1>\n<\/div>\n<\/div>\n<\/div>\n<div id=\"primary\" class=\"content-area\">\n<div class=\"container\">\n<div class=\"row\">\n<div class=\"col-lg-9 col-md-12\">\n<p><span style=\"text-align: justify;\">Los comicios municipales son el 18 de febrero y las presidenciales y congresuales el 19 de mayo del a\u00f1o pr\u00f3ximo. La Junta Central Electoral (<\/span><strong style=\"text-align: justify;\">JCE<\/strong><span style=\"text-align: justify;\">) aclar\u00f3 este jueves que las mujeres en\u00a0<\/span><strong style=\"text-align: justify;\">tubis y rolos<\/strong><span style=\"text-align: justify;\">\u00a0pueden votar de febrero y mayo de 2024.<\/span><\/p>\n<div id=\"post-187581\" class=\"post-187581 post type-post status-publish format-standard has-post-thumbnail hentry category-nacionales\">\n<div id=\"contentHolder\">\n<div class=\"entry-content\">\n<p style=\"text-align: justify;\">La informaci\u00f3n la ofreci\u00f3 el \u00f3rgano electoral en sus redes sociales, a prop\u00f3sito de una publicaci\u00f3n por el<strong>\u00a0D\u00eda de los Inocentes<\/strong>.<\/p>\n<blockquote>\n<p style=\"text-align: justify;\">\u00abDe hecho,<strong>\u00a0todos<\/strong>\u00a0los dominicanos y dominicanas a partir de los 18 a\u00f1os, que tengan vigente sus derechos civiles, podr\u00e1n ejercer el sufragio con su c\u00e9dula de identidad y electoral en mano\u00bb, indica el comunicado.<\/p>\n<\/blockquote>\n<p style=\"text-align: justify;\">La\u00a0<strong>JCE<\/strong>\u00a0record\u00f3 que las elecciones municipales son el<strong>\u00a018 de febrero y las presidenciales y congresuales el 19 de mayo de 2024.<\/strong><\/p>\n<p style=\"text-align: justify;\">Fuente: Prensa JCE<\/p>\n<div class=\"social-embed mb-4\">\n<div class=\"twitter-tweet twitter-tweet-rendered\" style=\"text-align: justify;\"><\/div>\n<\/div>\n<\/div>\n<\/div>\n<\/div>\n<p>&nbsp;<\/p>\n<\/div>\n<\/div>\n<\/div>\n<\/div>\n","protected":false},"excerpt":{"rendered":"<p>Los comicios municipales son el 18 de febrero y las presidenciales y congresuales el 19<\/p>\n","protected":false},"author":1,"featured_media":0,"comment_status":"open","ping_status":"open","sticky":false,"template":"","format":"standard","meta":{"footnotes":""},"categories":[7],"tags":[],"class_list":["post-11198","post","type-post","status-publish","format-standard","hentry","category-nacionales"],"_links":{"self":[{"href":"https:\/\/defrentealaverdad.com\/index.php\/wp-json\/wp\/v2\/posts\/11198","targetHints":{"allow":["GET"]}}],"collection":[{"href":"https:\/\/defrentealaverdad.com\/index.php\/wp-json\/wp\/v2\/posts"}],"about":[{"href":"https:\/\/defrentealaverdad.com\/index.php\/wp-json\/wp\/v2\/types\/post"}],"author":[{"embeddable":true,"href":"https:\/\/defrentealaverdad.com\/index.php\/wp-json\/wp\/v2\/users\/1"}],"replies":[{"embeddable":true,"href":"https:\/\/defrentealaverdad.com\/index.php\/wp-json\/wp\/v2\/comments?post=11198"}],"version-history":[{"count":2,"href":"https:\/\/defrentealaverdad.com\/index.php\/wp-json\/wp\/v2\/posts\/11198\/revisions"}],"predecessor-version":[{"id":11200,"href":"https:\/\/defrentealaverdad.com\/index.php\/wp-json\/wp\/v2\/posts\/11198\/revisions\/11200"}],"wp:attachment":[{"href":"https:\/\/defrentealaverdad.com\/index.php\/wp-json\/wp\/v2\/media?parent=11198"}],"wp:term":[{"taxonomy":"category","embeddable":true,"href":"https:\/\/defrentealaverdad.com\/index.php\/wp-json\/wp\/v2\/categories?post=11198"},{"taxonomy":"post_tag","embeddable":true,"href":"https:\/\/defrentealaverdad.com\/index.php\/wp-json\/wp\/v2\/tags?post=11198"}],"curies":[{"name":"wp","href":"https:\/\/api.w.org\/{rel}","templated":true}]}}