{"id":11187,"date":"2023-12-28T15:51:54","date_gmt":"2023-12-28T15:51:54","guid":{"rendered":"https:\/\/defrentealaverdad.com\/?p=11187"},"modified":"2023-12-29T15:53:48","modified_gmt":"2023-12-29T15:53:48","slug":"ministerio-de-trabajo-interviene-en-situacion-empleados-falcondo-relativa-al-sueldo-13","status":"publish","type":"post","link":"https:\/\/defrentealaverdad.com\/index.php\/2023\/12\/28\/ministerio-de-trabajo-interviene-en-situacion-empleados-falcondo-relativa-al-sueldo-13\/","title":{"rendered":"Ministerio de Trabajo interviene en situaci\u00f3n empleados Falcondo relativa al sueldo 13"},"content":{"rendered":"<p><img decoding=\"async\" class=\"alignleft lazyload\" data-src=\"https:\/\/media.acento.com.do\/media\/storage02\/uploads\/2023\/12\/photo_5165872216091503291_y-728x485.webp\" alt=\"Ministerio de Trabajo busca soluci\u00f3n a desacuerdo entre empleados y directivos de Falcondo por sueldo 13\" src=\"data:image\/svg+xml;base64,PHN2ZyB3aWR0aD0iMSIgaGVpZ2h0PSIxIiB4bWxucz0iaHR0cDovL3d3dy53My5vcmcvMjAwMC9zdmciPjwvc3ZnPg==\" style=\"--smush-placeholder-width: 728px; --smush-placeholder-aspect-ratio: 728\/485;\" \/><\/p>\n<p style=\"text-align: justify;\">Santo Domingo. El Ministerio de Trabajo, en su rol de promotor del clima laboral adecuado, informa p\u00fablicamente que mantiene comunicaci\u00f3n constante con el sindicato de trabajadores de Falconbridge Dominicana y sus directores.<br \/>\nLas conversaciones tienen como objetivo resolver el impasse surgido en la empresa respecto al pago del salario de Navidad, el cual, hasta la fecha, no ha sido efectuado por la compa\u00f1\u00eda.<\/p>\n<p style=\"text-align: justify;\">En consecuencia, el pasado viernes se llev\u00f3 a cabo una visita de inspecci\u00f3n a Falconbridge Dominicana en respuesta a una denuncia recibida por el Ministerio de Trabajo, en cumplimiento del Art\u00edculo 433 del C\u00f3digo de Trabajo, con el prop\u00f3sito de fomentar el acatamiento de la legislaci\u00f3n laboral.<\/p>\n<p style=\"text-align: justify;\">En este contexto, se realiz\u00f3 un abordaje con la intenci\u00f3n de propiciar acciones que conduzcan al efectivo pago del salario de Navidad correspondiente al presente a\u00f1o.<\/p>\n<p style=\"text-align: justify;\">En respuesta a la solicitud de mediaci\u00f3n por parte del sindicato, la Direcci\u00f3n de Mediaci\u00f3n y Arbitraje ha convocado a una reuni\u00f3n programada para el viernes 29 de diciembre, en la que participar\u00e1n representantes de ambas partes involucradas.<br \/>\nSe recuerda que la legislaci\u00f3n laboral vigente establece que el pago del salario de Navidad debe ser efectuado a m\u00e1s tardar el d\u00eda veinte del mes de diciembre.<\/p>\n<p style=\"text-align: justify;\">Fuente: Direcci\u00f3n de Comunicaciones &#8211; Ministerio de Trabajo<\/p>\n","protected":false},"excerpt":{"rendered":"<p>Santo Domingo. El Ministerio de Trabajo, en su rol de promotor del clima laboral adecuado,<\/p>\n","protected":false},"author":1,"featured_media":0,"comment_status":"open","ping_status":"open","sticky":false,"template":"","format":"standard","meta":{"footnotes":""},"categories":[7],"tags":[],"class_list":["post-11187","post","type-post","status-publish","format-standard","hentry","category-nacionales"],"_links":{"self":[{"href":"https:\/\/defrentealaverdad.com\/index.php\/wp-json\/wp\/v2\/posts\/11187","targetHints":{"allow":["GET"]}}],"collection":[{"href":"https:\/\/defrentealaverdad.com\/index.php\/wp-json\/wp\/v2\/posts"}],"about":[{"href":"https:\/\/defrentealaverdad.com\/index.php\/wp-json\/wp\/v2\/types\/post"}],"author":[{"embeddable":true,"href":"https:\/\/defrentealaverdad.com\/index.php\/wp-json\/wp\/v2\/users\/1"}],"replies":[{"embeddable":true,"href":"https:\/\/defrentealaverdad.com\/index.php\/wp-json\/wp\/v2\/comments?post=11187"}],"version-history":[{"count":1,"href":"https:\/\/defrentealaverdad.com\/index.php\/wp-json\/wp\/v2\/posts\/11187\/revisions"}],"predecessor-version":[{"id":11195,"href":"https:\/\/defrentealaverdad.com\/index.php\/wp-json\/wp\/v2\/posts\/11187\/revisions\/11195"}],"wp:attachment":[{"href":"https:\/\/defrentealaverdad.com\/index.php\/wp-json\/wp\/v2\/media?parent=11187"}],"wp:term":[{"taxonomy":"category","embeddable":true,"href":"https:\/\/defrentealaverdad.com\/index.php\/wp-json\/wp\/v2\/categories?post=11187"},{"taxonomy":"post_tag","embeddable":true,"href":"https:\/\/defrentealaverdad.com\/index.php\/wp-json\/wp\/v2\/tags?post=11187"}],"curies":[{"name":"wp","href":"https:\/\/api.w.org\/{rel}","templated":true}]}}