{"id":11181,"date":"2023-12-28T15:23:37","date_gmt":"2023-12-28T15:23:37","guid":{"rendered":"https:\/\/defrentealaverdad.com\/?p=11181"},"modified":"2023-12-29T15:27:11","modified_gmt":"2023-12-29T15:27:11","slug":"28-de-diciembre-se-celebra-el-dia-internacional-de-los-dias-mundiales","status":"publish","type":"post","link":"https:\/\/defrentealaverdad.com\/index.php\/2023\/12\/28\/28-de-diciembre-se-celebra-el-dia-internacional-de-los-dias-mundiales\/","title":{"rendered":"28 de diciembre se celebra el D\u00eda Internacional de los D\u00edas Mundiales"},"content":{"rendered":"<p style=\"text-align: justify;\">El 28 de diciembre celebramos el D\u00eda Internacional de los D\u00edas Mundiales, al objeto de rendir homenaje a todas las personas que hay detr\u00e1s de los d\u00edas internacionales y mundiales: los organismos que los declaran, las entidades, asociaciones, marcas que los proponen, los periodistas y redactores que los dan a conocer, y el p\u00fablico en general.<\/p>\n<p>&nbsp;<\/p>\n<p style=\"text-align: justify;\">El origen de esta celebraci\u00f3n parte del hecho de que, en los \u00faltimos tiempos,\u00a0est\u00e1n surgiendo iniciativas para declarar nuevos d\u00edas mundiales e internacionales,\u00a0que tienen como fin concienciar y sensibilizar a la poblaci\u00f3n sobre temas muy diversos. El calendario cada d\u00eda est\u00e1 m\u00e1s poblado y\u00a0ya era hora de que, por fin, hubiera un reconocimiento a la labor y el trabajo que hay detr\u00e1s.<\/p>\n<p>Fuente: Diainternacionalde.com<\/p>\n","protected":false},"excerpt":{"rendered":"<p>El 28 de diciembre celebramos el D\u00eda Internacional de los D\u00edas Mundiales, al objeto de<\/p>\n","protected":false},"author":4,"featured_media":0,"comment_status":"open","ping_status":"open","sticky":false,"template":"","format":"standard","meta":{"footnotes":""},"categories":[16],"tags":[],"class_list":["post-11181","post","type-post","status-publish","format-standard","hentry","category-internacionales"],"_links":{"self":[{"href":"https:\/\/defrentealaverdad.com\/index.php\/wp-json\/wp\/v2\/posts\/11181","targetHints":{"allow":["GET"]}}],"collection":[{"href":"https:\/\/defrentealaverdad.com\/index.php\/wp-json\/wp\/v2\/posts"}],"about":[{"href":"https:\/\/defrentealaverdad.com\/index.php\/wp-json\/wp\/v2\/types\/post"}],"author":[{"embeddable":true,"href":"https:\/\/defrentealaverdad.com\/index.php\/wp-json\/wp\/v2\/users\/4"}],"replies":[{"embeddable":true,"href":"https:\/\/defrentealaverdad.com\/index.php\/wp-json\/wp\/v2\/comments?post=11181"}],"version-history":[{"count":1,"href":"https:\/\/defrentealaverdad.com\/index.php\/wp-json\/wp\/v2\/posts\/11181\/revisions"}],"predecessor-version":[{"id":11182,"href":"https:\/\/defrentealaverdad.com\/index.php\/wp-json\/wp\/v2\/posts\/11181\/revisions\/11182"}],"wp:attachment":[{"href":"https:\/\/defrentealaverdad.com\/index.php\/wp-json\/wp\/v2\/media?parent=11181"}],"wp:term":[{"taxonomy":"category","embeddable":true,"href":"https:\/\/defrentealaverdad.com\/index.php\/wp-json\/wp\/v2\/categories?post=11181"},{"taxonomy":"post_tag","embeddable":true,"href":"https:\/\/defrentealaverdad.com\/index.php\/wp-json\/wp\/v2\/tags?post=11181"}],"curies":[{"name":"wp","href":"https:\/\/api.w.org\/{rel}","templated":true}]}}