{"id":11166,"date":"2023-12-28T14:52:23","date_gmt":"2023-12-28T14:52:23","guid":{"rendered":"https:\/\/defrentealaverdad.com\/?p=11166"},"modified":"2023-12-28T14:52:23","modified_gmt":"2023-12-28T14:52:23","slug":"salvador-holguin-felicita-al-presidente-abinader-y-al-ministro-collado-por-logro-de-meta-en-turismo-este-2023","status":"publish","type":"post","link":"https:\/\/defrentealaverdad.com\/index.php\/2023\/12\/28\/salvador-holguin-felicita-al-presidente-abinader-y-al-ministro-collado-por-logro-de-meta-en-turismo-este-2023\/","title":{"rendered":"Salvador Holgu\u00edn felicita al presidente Abinader y al Ministro Collado por logro de meta en Turismo este 2023"},"content":{"rendered":"<p style=\"text-align: justify;\">\u00a0<img decoding=\"async\" class=\"size-medium wp-image-11169 alignright lazyload\" data-src=\"https:\/\/defrentealaverdad.com\/wp-content\/uploads\/2023\/12\/WhatsApp-Image-2023-12-28-at-10.43.37-253x300.jpeg\" alt=\"\" width=\"253\" height=\"300\" data-srcset=\"https:\/\/defrentealaverdad.com\/wp-content\/uploads\/2023\/12\/WhatsApp-Image-2023-12-28-at-10.43.37-253x300.jpeg 253w, https:\/\/defrentealaverdad.com\/wp-content\/uploads\/2023\/12\/WhatsApp-Image-2023-12-28-at-10.43.37.jpeg 505w\" data-sizes=\"(max-width: 253px) 100vw, 253px\" src=\"data:image\/svg+xml;base64,PHN2ZyB3aWR0aD0iMSIgaGVpZ2h0PSIxIiB4bWxucz0iaHR0cDovL3d3dy53My5vcmcvMjAwMC9zdmciPjwvc3ZnPg==\" style=\"--smush-placeholder-width: 253px; --smush-placeholder-aspect-ratio: 253\/300;\" \/>Como parte del momento hist\u00f3rico que vive la Rep\u00fablica Dominicana en materia de proyecci\u00f3n internacional, desarrollo econ\u00f3mico, prosperidad y bienestar de los dominicanos, Salvador Holgu\u00edn felicita a nuestro jefe de Estado, el presidente Luis Abinader y al Ministro David Collado por los esfuerzo realizados en material de turismo, alcanzando la meta de 10 millones de turistas este 2023.<\/p>\n<blockquote>\n<p style=\"text-align: justify;\">\u201cHonor a quien honor merece; nuestro reconocimiento y felicitaciones al presidente de la Rep\u00fablica Luis Abinader por su visi\u00f3n y compromiso para con su pa\u00eds, tambi\u00e9n al mejor ministro de Turismo de todos los tiempos y gobiernos de RD, David Collado, con su gesti\u00f3n de entrega, sacrificio y esfuerzo ha demostrado que los dominicanos somos capaces de lograr lo que nos proponemos\u201d.<\/p>\n<\/blockquote>\n<p style=\"text-align: justify;\">Mitur present\u00f3 las cifras del impacto econ\u00f3mico que ha tenido el turismo este a\u00f1o en la Rep\u00fablica Dominicana teniendo m\u00e1s de 620,000 empleos directos y una generaci\u00f3n de divisas estimadas superior a los 11,000 millones de d\u00f3lares.<\/p>\n<p style=\"text-align: justify;\"><img decoding=\"async\" class=\"size-medium wp-image-11167 alignleft lazyload\" data-src=\"https:\/\/defrentealaverdad.com\/wp-content\/uploads\/2023\/12\/WhatsApp-Image-2023-12-28-at-10.43.37-1-300x169.jpeg\" alt=\"\" width=\"300\" height=\"169\" data-srcset=\"https:\/\/defrentealaverdad.com\/wp-content\/uploads\/2023\/12\/WhatsApp-Image-2023-12-28-at-10.43.37-1-300x169.jpeg 300w, https:\/\/defrentealaverdad.com\/wp-content\/uploads\/2023\/12\/WhatsApp-Image-2023-12-28-at-10.43.37-1-1024x576.jpeg 1024w, https:\/\/defrentealaverdad.com\/wp-content\/uploads\/2023\/12\/WhatsApp-Image-2023-12-28-at-10.43.37-1-768x432.jpeg 768w, https:\/\/defrentealaverdad.com\/wp-content\/uploads\/2023\/12\/WhatsApp-Image-2023-12-28-at-10.43.37-1-800x450.jpeg 800w, https:\/\/defrentealaverdad.com\/wp-content\/uploads\/2023\/12\/WhatsApp-Image-2023-12-28-at-10.43.37-1.jpeg 1080w\" data-sizes=\"(max-width: 300px) 100vw, 300px\" src=\"data:image\/svg+xml;base64,PHN2ZyB3aWR0aD0iMSIgaGVpZ2h0PSIxIiB4bWxucz0iaHR0cDovL3d3dy53My5vcmcvMjAwMC9zdmciPjwvc3ZnPg==\" style=\"--smush-placeholder-width: 300px; --smush-placeholder-aspect-ratio: 300\/169;\" \/>Rep\u00fablica Dominicana es el pa\u00eds que m\u00e1s ha crecido en llega<img decoding=\"async\" class=\"size-medium wp-image-11168 alignright lazyload\" data-src=\"https:\/\/defrentealaverdad.com\/wp-content\/uploads\/2023\/12\/WhatsApp-Image-2023-12-28-at-10.43.37-2-300x186.jpeg\" alt=\"\" width=\"300\" height=\"186\" data-srcset=\"https:\/\/defrentealaverdad.com\/wp-content\/uploads\/2023\/12\/WhatsApp-Image-2023-12-28-at-10.43.37-2-300x186.jpeg 300w, https:\/\/defrentealaverdad.com\/wp-content\/uploads\/2023\/12\/WhatsApp-Image-2023-12-28-at-10.43.37-2-1024x634.jpeg 1024w, https:\/\/defrentealaverdad.com\/wp-content\/uploads\/2023\/12\/WhatsApp-Image-2023-12-28-at-10.43.37-2-768x476.jpeg 768w, https:\/\/defrentealaverdad.com\/wp-content\/uploads\/2023\/12\/WhatsApp-Image-2023-12-28-at-10.43.37-2.jpeg 1080w\" data-sizes=\"(max-width: 300px) 100vw, 300px\" src=\"data:image\/svg+xml;base64,PHN2ZyB3aWR0aD0iMSIgaGVpZ2h0PSIxIiB4bWxucz0iaHR0cDovL3d3dy53My5vcmcvMjAwMC9zdmciPjwvc3ZnPg==\" style=\"--smush-placeholder-width: 300px; --smush-placeholder-aspect-ratio: 300\/186;\" \/>das de turistas en toda la regi\u00f3n del Caribe desde el 2019 a la fecha, pasando de 6.4 millones de visitantes a m\u00e1s de 10 millones; adem\u00e1s ha sido reconocida en varias ocasiones por diferentes organizaciones internacionales como el pa\u00eds n\u00famero 1 en materia de recuperaci\u00f3n de turismo post COVID.<\/p>\n<p>Fuente: Reporte de Felix Rubio<\/p>\n","protected":false},"excerpt":{"rendered":"<p>\u00a0Como parte del momento hist\u00f3rico que vive la Rep\u00fablica Dominicana en materia de proyecci\u00f3n internacional,<\/p>\n","protected":false},"author":1,"featured_media":0,"comment_status":"open","ping_status":"open","sticky":false,"template":"","format":"standard","meta":{"footnotes":""},"categories":[11],"tags":[],"class_list":["post-11166","post","type-post","status-publish","format-standard","hentry","category-turismo"],"_links":{"self":[{"href":"https:\/\/defrentealaverdad.com\/index.php\/wp-json\/wp\/v2\/posts\/11166","targetHints":{"allow":["GET"]}}],"collection":[{"href":"https:\/\/defrentealaverdad.com\/index.php\/wp-json\/wp\/v2\/posts"}],"about":[{"href":"https:\/\/defrentealaverdad.com\/index.php\/wp-json\/wp\/v2\/types\/post"}],"author":[{"embeddable":true,"href":"https:\/\/defrentealaverdad.com\/index.php\/wp-json\/wp\/v2\/users\/1"}],"replies":[{"embeddable":true,"href":"https:\/\/defrentealaverdad.com\/index.php\/wp-json\/wp\/v2\/comments?post=11166"}],"version-history":[{"count":1,"href":"https:\/\/defrentealaverdad.com\/index.php\/wp-json\/wp\/v2\/posts\/11166\/revisions"}],"predecessor-version":[{"id":11170,"href":"https:\/\/defrentealaverdad.com\/index.php\/wp-json\/wp\/v2\/posts\/11166\/revisions\/11170"}],"wp:attachment":[{"href":"https:\/\/defrentealaverdad.com\/index.php\/wp-json\/wp\/v2\/media?parent=11166"}],"wp:term":[{"taxonomy":"category","embeddable":true,"href":"https:\/\/defrentealaverdad.com\/index.php\/wp-json\/wp\/v2\/categories?post=11166"},{"taxonomy":"post_tag","embeddable":true,"href":"https:\/\/defrentealaverdad.com\/index.php\/wp-json\/wp\/v2\/tags?post=11166"}],"curies":[{"name":"wp","href":"https:\/\/api.w.org\/{rel}","templated":true}]}}