{"id":11163,"date":"2023-12-27T18:08:38","date_gmt":"2023-12-27T18:08:38","guid":{"rendered":"https:\/\/defrentealaverdad.com\/?p=11163"},"modified":"2023-12-27T18:08:38","modified_gmt":"2023-12-27T18:08:38","slug":"la-fundacion-dr-gabriel-serrano-sanmiguel-comparte-la-magia-de-la-navidad-con-los-ninos-de-bayahibe","status":"publish","type":"post","link":"https:\/\/defrentealaverdad.com\/index.php\/2023\/12\/27\/la-fundacion-dr-gabriel-serrano-sanmiguel-comparte-la-magia-de-la-navidad-con-los-ninos-de-bayahibe\/","title":{"rendered":"La Fundaci\u00f3n Dr. Gabriel Serrano Sanmiguel comparte la magia de la navidad con los ni\u00f1os de Bayah\u00edbe"},"content":{"rendered":"<blockquote>\n<p style=\"text-align: justify;\">La Fundaci\u00f3n tiene como objetivo mejorar la calidad de vida y la educaci\u00f3n de las familias dominicanas de escasos recursos.<\/p>\n<p style=\"text-align: justify;\">El Dr. Gabriel Serrano, fundador y presidente de SESDERMA, mantiene varias obras de inter\u00e9s social y de desarrollo inmobiliario en la zona de Bayah\u00edbe.<\/p>\n<\/blockquote>\n<p style=\"text-align: justify;\">Bayah\u00edbe, Prov &#8211;\u00a0 La FUNDACI\u00d3N DR. GABRIEL SERRANO SANMIGUEL contin\u00faa sus acciones solidarias dirigidas a las personas de escasos recursos en nuestro pa\u00eds, compartiendo la magia de la navidad en una jornada de diversi\u00f3n y entretenimiento abierta a todos los ni\u00f1os y sus familias en Bayah\u00edbe.<\/p>\n<p style=\"text-align: justify;\"><img decoding=\"async\" class=\"size-medium wp-image-11164 alignright lazyload\" data-src=\"https:\/\/defrentealaverdad.com\/wp-content\/uploads\/2023\/12\/WhatsApp-Image-2023-12-27-at-13.32.57-300x200.jpeg\" alt=\"\" width=\"300\" height=\"200\" data-srcset=\"https:\/\/defrentealaverdad.com\/wp-content\/uploads\/2023\/12\/WhatsApp-Image-2023-12-27-at-13.32.57-300x200.jpeg 300w, https:\/\/defrentealaverdad.com\/wp-content\/uploads\/2023\/12\/WhatsApp-Image-2023-12-27-at-13.32.57-1024x682.jpeg 1024w, https:\/\/defrentealaverdad.com\/wp-content\/uploads\/2023\/12\/WhatsApp-Image-2023-12-27-at-13.32.57-768x512.jpeg 768w, https:\/\/defrentealaverdad.com\/wp-content\/uploads\/2023\/12\/WhatsApp-Image-2023-12-27-at-13.32.57-1536x1023.jpeg 1536w, https:\/\/defrentealaverdad.com\/wp-content\/uploads\/2023\/12\/WhatsApp-Image-2023-12-27-at-13.32.57.jpeg 1600w\" data-sizes=\"(max-width: 300px) 100vw, 300px\" src=\"data:image\/svg+xml;base64,PHN2ZyB3aWR0aD0iMSIgaGVpZ2h0PSIxIiB4bWxucz0iaHR0cDovL3d3dy53My5vcmcvMjAwMC9zdmciPjwvc3ZnPg==\" style=\"--smush-placeholder-width: 300px; --smush-placeholder-aspect-ratio: 300\/200;\" \/><br \/>\nEl Dr. Gabriel Serrano Sanmiguel, alma de esta fundaci\u00f3n, creada para mejorar la salud, la calidad de vida y la educaci\u00f3n de las familias dominicanas con menos recursos, y especialmente de los ni\u00f1os, se siente ilusionado con esta propuesta: <em>\u201cEl objetivo de esta iniciativa es ofrecer a los m\u00e1s peque\u00f1os y sus familias un d\u00eda inolvidable de ilusi\u00f3n y juegos para que vivan con alegr\u00eda estas fiestas de Navidad tan entra\u00f1ables. Sabemos que hay muchas familias que viven con muy pocos recursos y grandes necesidades y por eso, celebrar la magia de la Navidad con un evento espectacular siendo los ni\u00f1os los protagonistas, disfrutando de payasos, juegos inflables, de basketball o al aire libre, o se sumerjan en la piscina nos parece el mejor regalo que les podemos hacer\u201d.<\/em><\/p>\n<p style=\"text-align: justify;\">Como complemento educativo para los padres y madres, se ofreci\u00f3 una charla de orientaci\u00f3n para la familia impartida por expertos en la que se ofrecieron consejos \u00fatiles para fortalecer los lazos familiares y crear recuerdos duraderos.<\/p>\n<p style=\"text-align: justify;\">La Fundaci\u00f3n Gabriel Serrano Sanmiguel inici\u00f3 sus actividades solidarias hace unos meses en Bayah\u00edbe con una jornada de caracter\u00edsticas similares, en la que m\u00e1s de 100 empleados de SESDERMA, procedentes de 20 pa\u00edses en los que la empresa dermocosm\u00e9tica, fundada por el Dr. Gabriel Serrano en Valencia, Espa\u00f1a, tiene presencia, trajeron sus maletas llenas de cientos de regalos en forma de juguetes, libros, material escolar, ropa y lotes de comida que fueron distribuidos en un d\u00eda inolvidable de juegos en la playa a docenas de ni\u00f1os de familias dominicanas.<\/p>\n<p>Fuente: Prensa Fundaci\u00f3n Gabriel Serrano Sanmiguel<\/p>\n","protected":false},"excerpt":{"rendered":"<p>La Fundaci\u00f3n tiene como objetivo mejorar la calidad de vida y la educaci\u00f3n de las<\/p>\n","protected":false},"author":2,"featured_media":0,"comment_status":"open","ping_status":"open","sticky":false,"template":"","format":"standard","meta":{"footnotes":""},"categories":[7],"tags":[],"class_list":["post-11163","post","type-post","status-publish","format-standard","hentry","category-nacionales"],"_links":{"self":[{"href":"https:\/\/defrentealaverdad.com\/index.php\/wp-json\/wp\/v2\/posts\/11163","targetHints":{"allow":["GET"]}}],"collection":[{"href":"https:\/\/defrentealaverdad.com\/index.php\/wp-json\/wp\/v2\/posts"}],"about":[{"href":"https:\/\/defrentealaverdad.com\/index.php\/wp-json\/wp\/v2\/types\/post"}],"author":[{"embeddable":true,"href":"https:\/\/defrentealaverdad.com\/index.php\/wp-json\/wp\/v2\/users\/2"}],"replies":[{"embeddable":true,"href":"https:\/\/defrentealaverdad.com\/index.php\/wp-json\/wp\/v2\/comments?post=11163"}],"version-history":[{"count":1,"href":"https:\/\/defrentealaverdad.com\/index.php\/wp-json\/wp\/v2\/posts\/11163\/revisions"}],"predecessor-version":[{"id":11165,"href":"https:\/\/defrentealaverdad.com\/index.php\/wp-json\/wp\/v2\/posts\/11163\/revisions\/11165"}],"wp:attachment":[{"href":"https:\/\/defrentealaverdad.com\/index.php\/wp-json\/wp\/v2\/media?parent=11163"}],"wp:term":[{"taxonomy":"category","embeddable":true,"href":"https:\/\/defrentealaverdad.com\/index.php\/wp-json\/wp\/v2\/categories?post=11163"},{"taxonomy":"post_tag","embeddable":true,"href":"https:\/\/defrentealaverdad.com\/index.php\/wp-json\/wp\/v2\/tags?post=11163"}],"curies":[{"name":"wp","href":"https:\/\/api.w.org\/{rel}","templated":true}]}}