{"id":1109,"date":"2022-04-14T05:47:14","date_gmt":"2022-04-14T05:47:14","guid":{"rendered":"https:\/\/defrentealaverdad.com\/?p=1109"},"modified":"2022-04-14T05:49:36","modified_gmt":"2022-04-14T05:49:36","slug":"1109","status":"publish","type":"post","link":"https:\/\/defrentealaverdad.com\/index.php\/2022\/04\/14\/1109\/","title":{"rendered":"La pel\u00edcula en Netflix imperdible, protagonizada por George Clooney, que dura 2 horas y fue furor"},"content":{"rendered":"<p><img decoding=\"async\" class=\"alignnone size-medium wp-image-1112 lazyload\" data-src=\"https:\/\/defrentealaverdad.com\/wp-content\/uploads\/2022\/04\/Screenshot_2022-04-14_022109-300x167.png\" alt=\"\" width=\"300\" height=\"167\" data-srcset=\"https:\/\/defrentealaverdad.com\/wp-content\/uploads\/2022\/04\/Screenshot_2022-04-14_022109-300x167.png 300w, https:\/\/defrentealaverdad.com\/wp-content\/uploads\/2022\/04\/Screenshot_2022-04-14_022109-1024x570.png 1024w, https:\/\/defrentealaverdad.com\/wp-content\/uploads\/2022\/04\/Screenshot_2022-04-14_022109-768x427.png 768w, https:\/\/defrentealaverdad.com\/wp-content\/uploads\/2022\/04\/Screenshot_2022-04-14_022109.png 1080w\" data-sizes=\"(max-width: 300px) 100vw, 300px\" src=\"data:image\/svg+xml;base64,PHN2ZyB3aWR0aD0iMSIgaGVpZ2h0PSIxIiB4bWxucz0iaHR0cDovL3d3dy53My5vcmcvMjAwMC9zdmciPjwvc3ZnPg==\" style=\"--smush-placeholder-width: 300px; --smush-placeholder-aspect-ratio: 300\/167;\" \/><\/p>\n<p>George Clooney\u00a0es uno de los actores m\u00e1s populares y talentosos del mundo. El estadounidense de 60 a\u00f1os\u00a0fue protagonista de una pel\u00edcula que se estren\u00f3 en 2020\u00a0en Netflix y fue un verdadero \u00e9xito. Se trata de\u00a0Cielo de Medianoche, una producci\u00f3n que el propio Clooney dirigi\u00f3 y guion\u00f3 Mark Smith.\u00a0Conoc\u00e9 de qu\u00e9 se trata.<\/p>\n<p>Cielo de medianoche, la pel\u00edcula de Netflix que protagoniza George Clooney, se trata de la adaptaci\u00f3n de la novela hom\u00f3nima creada por Lily Brooks-Dalton. Este film de ciencia ficci\u00f3n\u00a0dura 118 minutos\u00a0y es el primero en el que Clooney aparece en el rol de director, adem\u00e1s de dar vida al principal protagonista.<\/p>\n<p>La pel\u00edcula remite a un escenario post-apocal\u00edptico en el que un desastre natural ha destruido la Tierra y a sus habitantes, por lo que el \u00fanico halo de esperanza que hay est\u00e1 puesto en que un cient\u00edfico pueda hacer llegar a los miembros de una nave espacial para evitar que aterricen y, por consiguiente, que intenten continuar la vida en otro planeta.<\/p>\n<p>\u00abEste drama dist\u00f3pico de 2020 basado en el libro de Lily Brooks-Dalton est\u00e1 dirigido y protagonizado por George Clooney\u00bb, se lee en la rese\u00f1a oficial que brinda la plataforma. Este es el reparto de Cielo de medianoche,<\/p>\n<ul>\n<li>Clooney George Clooney es Augustine<\/li>\n<li>Ethan Peck es el joven Augustine<\/li>\n<li>Felicity Jones es Sully RembshireDavid<\/li>\n<li>Oyelowo es Tom Adewole<\/li>\n<li>Tiffany Boone es May<\/li>\n<li>Peters Demi\u00e1n Bichir es S\u00e1nchez<\/li>\n<li>Kyle Chandler es Mitchell Rembshire<\/li>\n<li>Caoilinn Springall es Iris<\/li>\n<li>Tim Russ es Brendan Greer<\/li>\n<\/ul>\n<p>La pel\u00edcula de acci\u00f3n de Netflix que se estren\u00f3 reci\u00e9n y es tendencia. La pel\u00edcula de Netflix que super\u00f3 a Granizo y es la m\u00e1s vista<\/p>\n<p>&nbsp;<\/p>\n<p>Fuente: TyC Sport<\/p>\n<p>&nbsp;<\/p>\n<p>&nbsp;<\/p>\n","protected":false},"excerpt":{"rendered":"<p>George Clooney\u00a0es uno de los actores m\u00e1s populares y talentosos del mundo. El estadounidense de<\/p>\n","protected":false},"author":1,"featured_media":0,"comment_status":"open","ping_status":"open","sticky":false,"template":"","format":"standard","meta":{"footnotes":""},"categories":[16],"tags":[],"class_list":["post-1109","post","type-post","status-publish","format-standard","hentry","category-internacionales"],"_links":{"self":[{"href":"https:\/\/defrentealaverdad.com\/index.php\/wp-json\/wp\/v2\/posts\/1109","targetHints":{"allow":["GET"]}}],"collection":[{"href":"https:\/\/defrentealaverdad.com\/index.php\/wp-json\/wp\/v2\/posts"}],"about":[{"href":"https:\/\/defrentealaverdad.com\/index.php\/wp-json\/wp\/v2\/types\/post"}],"author":[{"embeddable":true,"href":"https:\/\/defrentealaverdad.com\/index.php\/wp-json\/wp\/v2\/users\/1"}],"replies":[{"embeddable":true,"href":"https:\/\/defrentealaverdad.com\/index.php\/wp-json\/wp\/v2\/comments?post=1109"}],"version-history":[{"count":3,"href":"https:\/\/defrentealaverdad.com\/index.php\/wp-json\/wp\/v2\/posts\/1109\/revisions"}],"predecessor-version":[{"id":1114,"href":"https:\/\/defrentealaverdad.com\/index.php\/wp-json\/wp\/v2\/posts\/1109\/revisions\/1114"}],"wp:attachment":[{"href":"https:\/\/defrentealaverdad.com\/index.php\/wp-json\/wp\/v2\/media?parent=1109"}],"wp:term":[{"taxonomy":"category","embeddable":true,"href":"https:\/\/defrentealaverdad.com\/index.php\/wp-json\/wp\/v2\/categories?post=1109"},{"taxonomy":"post_tag","embeddable":true,"href":"https:\/\/defrentealaverdad.com\/index.php\/wp-json\/wp\/v2\/tags?post=1109"}],"curies":[{"name":"wp","href":"https:\/\/api.w.org\/{rel}","templated":true}]}}