{"id":10949,"date":"2023-12-20T19:25:00","date_gmt":"2023-12-20T19:25:00","guid":{"rendered":"https:\/\/defrentealaverdad.com\/?p=10949"},"modified":"2023-12-20T19:25:00","modified_gmt":"2023-12-20T19:25:00","slug":"bra-invierte-rd141-mm-en-proyectos-micro-finanzas-que-impactan-3-mil-en-monte-plata","status":"publish","type":"post","link":"https:\/\/defrentealaverdad.com\/index.php\/2023\/12\/20\/bra-invierte-rd141-mm-en-proyectos-micro-finanzas-que-impactan-3-mil-en-monte-plata\/","title":{"rendered":"BRA invierte RD$141 MM en proyectos micro finanzas que impactan 3 mil en Monte Plata"},"content":{"rendered":"<p style=\"text-align: justify;\">\n<blockquote><p>En una feria, resaltan que los programas de esta ONG contribuyeron con el empoderamiento femenino, la igualdad de g\u00e9nero y a crear peque\u00f1os negocios que generaron ingresos para las familias de los beneficiados y dinamizan la econom\u00eda en zonas rurales de esta provincia.<\/p><\/blockquote>\n<p style=\"text-align: justify;\">Monte Plata, Rep. Dom.- El presidente de Batey Relief Alliance (BRA), Ulrick Gaillard, destac\u00f3 que el programa de micro finanzas y la iniciativa Empoderamiento de la Mujer BRA, ejecutados por esa organizaci\u00f3n no gubernamental estadounidense, con una inversi\u00f3n de m\u00e1s de 141 millones de pesos, han beneficiado a unas 3 mil personas en zonas rurales econ\u00f3micamente desfavorecidas de esta provincia.<\/p>\n<p><img decoding=\"async\" class=\"aligncenter lazyload\" data-src=\"https:\/\/eldia.com.do\/wp-content\/uploads\/2023\/12\/batey.jpg.webp\" alt=\"BRA invierte RD$141 MM en proyectos que impactan 3 mil personas en Monte Plata\" src=\"data:image\/svg+xml;base64,PHN2ZyB3aWR0aD0iMSIgaGVpZ2h0PSIxIiB4bWxucz0iaHR0cDovL3d3dy53My5vcmcvMjAwMC9zdmciPjwvc3ZnPg==\" \/><\/p>\n<p style=\"text-align: justify;\">Con estas acciones cientos de personas, especialmente mujeres, desarrollaran micro negocios agropecuarios que generan ingresos para sus familias y dinamizan la econom\u00eda local, precis\u00f3 Gaillard en la pasada Feria BRA 2023, efectuada en el distrito municipal Don Juan, con la colaboraci\u00f3n del programa \u201cDon Juan Emprende\u201d y la asistencia de m\u00e1s de 500 personas, incluyendo l\u00edderes de varias comunidades rurales, comerciantes, empresarios, agricultores, pol\u00edticos, religiosos y representantes de Ong\u2019s.<\/p>\n<blockquote><p>\u201cEl empoderamiento de las mujeres va m\u00e1s all\u00e1 de resolver asuntos econ\u00f3micos individuales, sino desarrollar sus capacidades de organizarse para abordar temas socio-econ\u00f3micos m\u00e1s amplios que son una carga para la comunidad, reducimos la dependencia y la violencia de g\u00e9nero y estimulamos el crecimiento,\u201d indic\u00f3 el presidente de BRA.<\/p><\/blockquote>\n<p style=\"text-align: justify;\">Manifest\u00f3 que \u201cestamos en la direcci\u00f3n correcta a medida que continuamos creando conciencia sobre los derechos de las mujeres y las ni\u00f1as como una cuesti\u00f3n de derechos humanos\u201d.<\/p>\n<p style=\"text-align: justify;\">Dijo que el trabajo de empoderamiento de las mujeres de BRA se remonta a 2009, cuando esa organizaci\u00f3n recibi\u00f3 financiaci\u00f3n plurianual de la Agencia de los Estados Unidos para el Desarrollo Internacional (Usaid) y el departamento de agricultura de los Estados Unidos (Usda), para implementar proyectos cooperativos de desarrollo agroecon\u00f3mico dirigidos por las f\u00e9minas, que beneficiaron a m\u00e1s de 37 mil personas en la zona fronteriza de Hait\u00ed y los bateyes de la Rep\u00fablica Dominicana.<\/p>\n<p style=\"text-align: justify;\"><strong>Feria Bra 2023<\/strong><\/p>\n<p style=\"text-align: justify;\">Adem\u00e1s de las exposiciones, en el marco de las actividades de la Feria, BRA fueron entregados certificados de culminaci\u00f3n a 120 nuevas emprendedoras graduadas del programa de micropr\u00e9stamos de la organizaci\u00f3n y que recibieron capacitaci\u00f3n en las mejores pr\u00e1cticas de la producci\u00f3n agropecuaria, gesti\u00f3n financiera, promoci\u00f3n de la salud preventiva y la organizaci\u00f3n comunitaria.<\/p>\n<p style=\"text-align: justify;\">Asimismo, la actividad incluy\u00f3 la firma por parte de autoridades del Ayuntamiento de Don Juan de un compromiso con las mujeres l\u00edderes para la asignaci\u00f3n de fondos en su presupuesto de 2024 para construir un nuevo parque en el batey Triple Ozama.<\/p>\n<p style=\"text-align: justify;\">Durante la feria, se llev\u00f3 a cabo un operativo oftalmol\u00f3gico que ofreci\u00f3 al p\u00fablico consultas oculistas gratuitas y charlas en salud preventiva, la entrega de productos alimenticios donados por la USAID, purificadores de agua de la marca P&amp;G, art\u00edculos menstruales, vitaminas y antiparasitarios.<\/p>\n<p style=\"text-align: justify;\">Los participantes tambi\u00e9n fueron capacitados sobre el buen manejo de la nutrici\u00f3n, el agua, saneamiento e higiene.<\/p>\n<p style=\"text-align: justify;\">Otras actividades incluyeron la firma de acuerdos de colaboraci\u00f3n con m\u00e1s de 40 grupos socios locales activos en ayudar a BRA a expandir su labor humanitaria en otras comunidades necesitadas del pa\u00eds y la entrega de juguetes a los ni\u00f1os.<\/p>\n<p style=\"text-align: justify;\"><strong>Sobre Bra<\/strong><\/p>\n<p style=\"text-align: justify;\">Batey Relief Alliance, organizaci\u00f3n no gubernamental, humanitaria y sin fines de lucro, fundada en Nueva York, Estados Unidos, en el 1997 por el fil\u00e1ntropo y abogado, doctor Ulrick Gaillard. Durante un periodo de 26 a\u00f1os, la misi\u00f3n de BRA ha impactado la vida de m\u00e1s de 4.5 millones ni\u00f1os y sus familias afectadas por la pobreza extrema, las enfermedades y el hambre en la regi\u00f3n del Caribe y las Am\u00e9ricas (principalmente en los Estados Unidos, Per\u00fa, Hait\u00ed y la Rep\u00fablica Dominicana).<\/p>\n<p style=\"text-align: justify;\">La labor de BRA est\u00e1 dirigida a toda persona sin importar su raza, g\u00e9nero, orientaci\u00f3n sexual, religi\u00f3n o creencia, estatus econ\u00f3mico, origen nacional o afiliaci\u00f3n pol\u00edtica. BRA es miembro de la Iniciativa Global Clinton (CGI) de la Fundaci\u00f3n Clinton; tiene Estatus Consultivo Especial en el Consejo Econ\u00f3mico y Social de las Naciones Unidas (ECOSOC); y es Organizaci\u00f3n Voluntaria P\u00fablica de la USAID.<\/p>\n<p style=\"text-align: justify;\">BRA agradece a la USAID, Procter and Gamble, CROSS Catholic Outreach, UNFCU Foundation, Clinton Global Initiative, Vitamin Angels, la Escuela de Salud P\u00fablica de la Universidad de Minnesota, Ministerio de Salud P\u00fablica y el ayuntamiento de Don Juan por su colaboraci\u00f3n continua.<\/p>\n<p style=\"text-align: justify;\">\nFuente:\u00a0Enver L\u00f3pez Milander<\/p>\n","protected":false},"excerpt":{"rendered":"<p>En una feria, resaltan que los programas de esta ONG contribuyeron con el empoderamiento femenino,<\/p>\n","protected":false},"author":4,"featured_media":0,"comment_status":"open","ping_status":"open","sticky":false,"template":"","format":"standard","meta":{"footnotes":""},"categories":[2],"tags":[],"class_list":["post-10949","post","type-post","status-publish","format-standard","hentry","category-economicas"],"_links":{"self":[{"href":"https:\/\/defrentealaverdad.com\/index.php\/wp-json\/wp\/v2\/posts\/10949","targetHints":{"allow":["GET"]}}],"collection":[{"href":"https:\/\/defrentealaverdad.com\/index.php\/wp-json\/wp\/v2\/posts"}],"about":[{"href":"https:\/\/defrentealaverdad.com\/index.php\/wp-json\/wp\/v2\/types\/post"}],"author":[{"embeddable":true,"href":"https:\/\/defrentealaverdad.com\/index.php\/wp-json\/wp\/v2\/users\/4"}],"replies":[{"embeddable":true,"href":"https:\/\/defrentealaverdad.com\/index.php\/wp-json\/wp\/v2\/comments?post=10949"}],"version-history":[{"count":1,"href":"https:\/\/defrentealaverdad.com\/index.php\/wp-json\/wp\/v2\/posts\/10949\/revisions"}],"predecessor-version":[{"id":10950,"href":"https:\/\/defrentealaverdad.com\/index.php\/wp-json\/wp\/v2\/posts\/10949\/revisions\/10950"}],"wp:attachment":[{"href":"https:\/\/defrentealaverdad.com\/index.php\/wp-json\/wp\/v2\/media?parent=10949"}],"wp:term":[{"taxonomy":"category","embeddable":true,"href":"https:\/\/defrentealaverdad.com\/index.php\/wp-json\/wp\/v2\/categories?post=10949"},{"taxonomy":"post_tag","embeddable":true,"href":"https:\/\/defrentealaverdad.com\/index.php\/wp-json\/wp\/v2\/tags?post=10949"}],"curies":[{"name":"wp","href":"https:\/\/api.w.org\/{rel}","templated":true}]}}