{"id":1087,"date":"2022-04-14T04:43:51","date_gmt":"2022-04-14T04:43:51","guid":{"rendered":"https:\/\/defrentealaverdad.com\/?p=1087"},"modified":"2022-04-14T05:24:12","modified_gmt":"2022-04-14T05:24:12","slug":"conoce-ministerio-creyendo-en-cristo-micc","status":"publish","type":"post","link":"https:\/\/defrentealaverdad.com\/index.php\/2022\/04\/14\/conoce-ministerio-creyendo-en-cristo-micc\/","title":{"rendered":"Conoce Ministerio Creyendo en Cristo (MICC)"},"content":{"rendered":"<p>&nbsp;<\/p>\n<p style=\"padding-left: 40px;\">\n<img decoding=\"async\" class=\"size-medium wp-image-1090 aligncenter lazyload\" data-src=\"https:\/\/defrentealaverdad.com\/wp-content\/uploads\/2022\/04\/Sin-titulo-300x147.jpg\" alt=\"\" width=\"300\" height=\"147\" data-srcset=\"https:\/\/defrentealaverdad.com\/wp-content\/uploads\/2022\/04\/Sin-titulo-300x147.jpg 300w, https:\/\/defrentealaverdad.com\/wp-content\/uploads\/2022\/04\/Sin-titulo.jpg 529w\" data-sizes=\"(max-width: 300px) 100vw, 300px\" src=\"data:image\/svg+xml;base64,PHN2ZyB3aWR0aD0iMSIgaGVpZ2h0PSIxIiB4bWxucz0iaHR0cDovL3d3dy53My5vcmcvMjAwMC9zdmciPjwvc3ZnPg==\" style=\"--smush-placeholder-width: 300px; --smush-placeholder-aspect-ratio: 300\/147;\" \/><\/p>\n<p>Hoy queremos hablarte de los proyectos del Ministerio Creyendo en Cristo (MICC), quienes nos presenta su m\u00e1s reciente proyecto musical.<\/p>\n<p>El Ministerios Creyendo en Cristo (MICC) inici\u00f3 el 7 de marzo de 2011 en la ciudad de Santo Domingo, Rep\u00fablica Dominicana. Nuestra misi\u00f3n es glorificar a Dios inspirando y edificando vidas con el evangelio de Jesucristo. Entre los proyectos que desarolla el MICC, se destacan:<\/p>\n<ul>\n<li>Proyectos de Creyendo en Cristo:<\/li>\n<li>Creyendo Radio<\/li>\n<li>Evangelismo<\/li>\n<li>Vamos (Proyecto de misiones)<\/li>\n<li>Ministerio musical<\/li>\n<\/ul>\n<p>El objetivo principal del ministerio musical Creyendo en Cristo es el compromiso y la pasi\u00f3n de producir canciones con la esencia pura de la Palabra de Dios para guiar a otros hacia Jes\u00fas.<\/p>\n<p>Estamos en la producci\u00f3n de \u201cEn Su Presencia\u201d, nuestro primer EP de 6 canciones, en el cual \u201cNo Me Averg\u00fcenzo\u201d es uno de los temas. El tema cuenta con la Vocalizaci\u00f3n del L\u00edder Musical: Jos\u00e9 Amaury de Jes\u00fas, compuesto por Carlos Mu\u00f1oz y producido por Yimy L\u00f3pez &amp; Carlos Mu\u00f1oz, ya se encuentra disponible en las principales plataformas digitales.<\/p>\n<p>Fuente: Maridalia Javier<\/p>\n<p>Ministerios Creyendo En Cristo (MICC)<br \/>\nTel.\/WhatsApp 1809 422 5885<br \/>\ncreyendoencristo@gmail.com<br \/>\nwww.creyendoencristo.org<\/p>\n","protected":false},"excerpt":{"rendered":"<p>&nbsp; Hoy queremos hablarte de los proyectos del Ministerio Creyendo en Cristo (MICC), quienes nos<\/p>\n","protected":false},"author":1,"featured_media":0,"comment_status":"open","ping_status":"open","sticky":false,"template":"","format":"standard","meta":{"footnotes":""},"categories":[6],"tags":[228],"class_list":["post-1087","post","type-post","status-publish","format-standard","hentry","category-espectaculos","tag-espectaculos"],"_links":{"self":[{"href":"https:\/\/defrentealaverdad.com\/index.php\/wp-json\/wp\/v2\/posts\/1087","targetHints":{"allow":["GET"]}}],"collection":[{"href":"https:\/\/defrentealaverdad.com\/index.php\/wp-json\/wp\/v2\/posts"}],"about":[{"href":"https:\/\/defrentealaverdad.com\/index.php\/wp-json\/wp\/v2\/types\/post"}],"author":[{"embeddable":true,"href":"https:\/\/defrentealaverdad.com\/index.php\/wp-json\/wp\/v2\/users\/1"}],"replies":[{"embeddable":true,"href":"https:\/\/defrentealaverdad.com\/index.php\/wp-json\/wp\/v2\/comments?post=1087"}],"version-history":[{"count":5,"href":"https:\/\/defrentealaverdad.com\/index.php\/wp-json\/wp\/v2\/posts\/1087\/revisions"}],"predecessor-version":[{"id":1093,"href":"https:\/\/defrentealaverdad.com\/index.php\/wp-json\/wp\/v2\/posts\/1087\/revisions\/1093"}],"wp:attachment":[{"href":"https:\/\/defrentealaverdad.com\/index.php\/wp-json\/wp\/v2\/media?parent=1087"}],"wp:term":[{"taxonomy":"category","embeddable":true,"href":"https:\/\/defrentealaverdad.com\/index.php\/wp-json\/wp\/v2\/categories?post=1087"},{"taxonomy":"post_tag","embeddable":true,"href":"https:\/\/defrentealaverdad.com\/index.php\/wp-json\/wp\/v2\/tags?post=1087"}],"curies":[{"name":"wp","href":"https:\/\/api.w.org\/{rel}","templated":true}]}}