{"id":10827,"date":"2023-12-16T23:20:45","date_gmt":"2023-12-16T23:20:45","guid":{"rendered":"https:\/\/defrentealaverdad.com\/?p=10827"},"modified":"2023-12-16T23:20:45","modified_gmt":"2023-12-16T23:20:45","slug":"regresa-habemus-resumen-en-su-cuarta-edicion","status":"publish","type":"post","link":"https:\/\/defrentealaverdad.com\/index.php\/2023\/12\/16\/regresa-habemus-resumen-en-su-cuarta-edicion\/","title":{"rendered":"Regresa \u00abHabemus Resumen\u00bb en su cuarta edici\u00f3n\u00a0"},"content":{"rendered":"<p><img decoding=\"async\" class=\"size-medium wp-image-10828 alignleft lazyload\" data-src=\"https:\/\/defrentealaverdad.com\/wp-content\/uploads\/2023\/12\/IMG-20231216-WA0036-200x300.jpg\" alt=\"\" width=\"200\" height=\"300\" data-srcset=\"https:\/\/defrentealaverdad.com\/wp-content\/uploads\/2023\/12\/IMG-20231216-WA0036-200x300.jpg 200w, https:\/\/defrentealaverdad.com\/wp-content\/uploads\/2023\/12\/IMG-20231216-WA0036-682x1024.jpg 682w, https:\/\/defrentealaverdad.com\/wp-content\/uploads\/2023\/12\/IMG-20231216-WA0036-768x1154.jpg 768w, https:\/\/defrentealaverdad.com\/wp-content\/uploads\/2023\/12\/IMG-20231216-WA0036.jpg 852w\" data-sizes=\"(max-width: 200px) 100vw, 200px\" src=\"data:image\/svg+xml;base64,PHN2ZyB3aWR0aD0iMSIgaGVpZ2h0PSIxIiB4bWxucz0iaHR0cDovL3d3dy53My5vcmcvMjAwMC9zdmciPjwvc3ZnPg==\" style=\"--smush-placeholder-width: 200px; --smush-placeholder-aspect-ratio: 200\/300;\" \/><\/p>\n<p>Santiago, RD. La periodista Marilyn Ventura protagoniza por cuarto a\u00f1o consecutivo el especial de fin de a\u00f1o \u00abHabemus Resumen\u00bb, un ep\u00edtome de todo lo acontecido dentro de la far\u00e1ndula tanto a nivel nacional como internacional.<\/p>\n<p>Bajo la producci\u00f3n del reconocido productor de televisi\u00f3n Jos\u00e9 Ceballos y en una colaboraci\u00f3n especial con la plataforma digital de Cachicha y la edici\u00f3n de Junior Alvarez, el resumen estar\u00e1 disponible a partir de este viernes 22 de diciembre en el canal de YouTube de la periodista \u00abSoy Marilyn Ventura\u00bb.<\/p>\n<blockquote><p>\u00abEsta vez nos hemos renovado y de una manera muy especial, ya que junto a mi estar\u00e1n grandes amigos de la cr\u00f3nica del espect\u00e1culo e importantes comunicadores, a quienes admiro y respeto dentro de su profesi\u00f3n\u00bb, coment\u00f3 Ventura.<\/p><\/blockquote>\n<p>En esta ocasi\u00f3n estar\u00e1n comentando los conflictos y esc\u00e1ndalos de cada mes del a\u00f1o 2023 profesiones de Santiago y Santo Domingo, entre estos: Brenda S\u00e1nchez, Robert S\u00e1nchez, Kenny Valdez, Richard Hern\u00e0ndez, Claribel Adamez La Loba, Arisleidy Jim\u00e9nez, Adalberto Crespo, Gary Acosta, Francisco Sanch\u00eds, Anthony Tejada, La Pitonisa y Mois\u00e9s Salc\u00e9.<img decoding=\"async\" class=\"size-medium wp-image-10829 alignright lazyload\" data-src=\"https:\/\/defrentealaverdad.com\/wp-content\/uploads\/2023\/12\/IMG-20231216-WA0038-200x300.jpg\" alt=\"\" width=\"200\" height=\"300\" data-srcset=\"https:\/\/defrentealaverdad.com\/wp-content\/uploads\/2023\/12\/IMG-20231216-WA0038-200x300.jpg 200w, https:\/\/defrentealaverdad.com\/wp-content\/uploads\/2023\/12\/IMG-20231216-WA0038-682x1024.jpg 682w, https:\/\/defrentealaverdad.com\/wp-content\/uploads\/2023\/12\/IMG-20231216-WA0038-768x1154.jpg 768w, https:\/\/defrentealaverdad.com\/wp-content\/uploads\/2023\/12\/IMG-20231216-WA0038.jpg 852w\" data-sizes=\"(max-width: 200px) 100vw, 200px\" src=\"data:image\/svg+xml;base64,PHN2ZyB3aWR0aD0iMSIgaGVpZ2h0PSIxIiB4bWxucz0iaHR0cDovL3d3dy53My5vcmcvMjAwMC9zdmciPjwvc3ZnPg==\" style=\"--smush-placeholder-width: 200px; --smush-placeholder-aspect-ratio: 200\/300;\" \/><\/p>\n<p>El resumen arriba a su cuarta versi\u00f3n en momentos en que la far\u00e1ndula dominicana ha estado sumamente caldeada, al igual que en el plano internacional, donde los conflictos no han cesado; es por esto que se espera una edici\u00f3n sumamente interesante y entretenida.<\/p>\n<p>&nbsp;<\/p>\n<p>\u00abHabemus Resumen\u00bb cuenta con el apoyo de Cachicha, del senador de Monse\u00f1or Nouel y cantante H\u00e9ctor Acosta, Emporio de Luis Medrano, Asadero Do\u00f1a Pula, David Arzeno Fotograf\u00eda, la Doctora Tania Medina, Tripulantes VIP, Banda Real, Robert Liriano, Luis Henr\u00edquez Management, JMG Auto, LottoCar, Closet Fashion, Roxanna Glamour, Dominicanos en NY, Camerino by Marcos Lora, Wildredo D\u00edaz Producciones, Marcos Cambio, Cirujano Fitness y MV Relaciones P\u00fablicas.<\/p>\n<p>Fuente: Externa<\/p>\n","protected":false},"excerpt":{"rendered":"<p>Santiago, RD. La periodista Marilyn Ventura protagoniza por cuarto a\u00f1o consecutivo el especial de fin<\/p>\n","protected":false},"author":4,"featured_media":0,"comment_status":"open","ping_status":"open","sticky":false,"template":"","format":"standard","meta":{"footnotes":""},"categories":[13],"tags":[],"class_list":["post-10827","post","type-post","status-publish","format-standard","hentry","category-sociales"],"_links":{"self":[{"href":"https:\/\/defrentealaverdad.com\/index.php\/wp-json\/wp\/v2\/posts\/10827","targetHints":{"allow":["GET"]}}],"collection":[{"href":"https:\/\/defrentealaverdad.com\/index.php\/wp-json\/wp\/v2\/posts"}],"about":[{"href":"https:\/\/defrentealaverdad.com\/index.php\/wp-json\/wp\/v2\/types\/post"}],"author":[{"embeddable":true,"href":"https:\/\/defrentealaverdad.com\/index.php\/wp-json\/wp\/v2\/users\/4"}],"replies":[{"embeddable":true,"href":"https:\/\/defrentealaverdad.com\/index.php\/wp-json\/wp\/v2\/comments?post=10827"}],"version-history":[{"count":1,"href":"https:\/\/defrentealaverdad.com\/index.php\/wp-json\/wp\/v2\/posts\/10827\/revisions"}],"predecessor-version":[{"id":10830,"href":"https:\/\/defrentealaverdad.com\/index.php\/wp-json\/wp\/v2\/posts\/10827\/revisions\/10830"}],"wp:attachment":[{"href":"https:\/\/defrentealaverdad.com\/index.php\/wp-json\/wp\/v2\/media?parent=10827"}],"wp:term":[{"taxonomy":"category","embeddable":true,"href":"https:\/\/defrentealaverdad.com\/index.php\/wp-json\/wp\/v2\/categories?post=10827"},{"taxonomy":"post_tag","embeddable":true,"href":"https:\/\/defrentealaverdad.com\/index.php\/wp-json\/wp\/v2\/tags?post=10827"}],"curies":[{"name":"wp","href":"https:\/\/api.w.org\/{rel}","templated":true}]}}